{"id":1121,"date":"2013-01-03T14:00:56","date_gmt":"2013-01-03T17:00:56","guid":{"rendered":"https:\/\/za.mus.br\/?p=1121"},"modified":"2013-01-03T14:00:56","modified_gmt":"2013-01-03T17:00:56","slug":"entrevista-udi","status":"publish","type":"post","link":"https:\/\/za.mus.br\/en\/entrevista-udi\/","title":{"rendered":"Entrevista: Udi"},"content":{"rendered":"<p style=\"text-align: left;\"><em>Conhe\u00e7a um pouco mais de <a href=\"https:\/\/za.mus.br\/user\/view\/4213\" target=\"_blank\">Udi<\/a>, m\u00fasico e compositor do Rio Grande do Sul, que acaba de lan\u00e7ar sue primeiro \u00e1lbum solo: <a href=\"https:\/\/za.mus.br\/album\/view\/279\" target=\"_blank\">Cabe\u00e7a de GPS<\/a>.<\/em><\/p>\n<p style=\"text-align: center;\"><a href=\"https:\/\/i0.wp.com\/za.mus.br\/wp-content\/uploads\/udi-1.jpg?ssl=1\"><img data-recalc-dims=\"1\" loading=\"lazy\" decoding=\"async\" class=\"aligncenter size-full wp-image-1124\" title=\"Udi\" src=\"https:\/\/i0.wp.com\/za.mus.br\/wp-content\/uploads\/udi-1.jpg?resize=1024%2C682&#038;ssl=1\" alt=\"\" width=\"1024\" height=\"682\" \/><\/a><\/p>\n<p>&nbsp;<\/p>\n<p><strong>1) Qual a primeira m\u00fasica que foi realmente sua?<\/strong><br \/>\nDif\u00edcil lembrar (rs), mas acho que foi uma musica chamada Verdades que tinha fortes criticas sociais. Foi quando eu tocava na minha primeira banda, a Rastamen, de Reggae. Tenho saudades dessa banda&#8230;<\/p>\n<p><strong>2) Como voc\u00ea faz quando a inspira\u00e7\u00e3o aparece?<\/strong><br \/>\nVou direto para uma folha e uma caneta. Se eu estiver na rua ou num \u00f4nibus fico repetindo o que veio&#8230;<\/p>\n<p><strong>3) Ela aparece muito para voc\u00ea?<\/strong><br \/>\nAcho que tem a inspira\u00e7\u00e3o que vem em forma de melodia ou de uma letra, mas tem aquela inspira\u00e7\u00e3o que \u00e9 do nosso dia a dia, as pessoas, a cidade em si e seus problemas.<\/p>\n<p><strong>4) Que tipo de m\u00fasica tocava onde voc\u00ea cresceu?<\/strong><br \/>\nNasci no Rio Grande do Sul e l\u00e1 ouvia, al\u00e9m da musica pop de l\u00e1, tipo o rock dos anos 80, ouvia muita musica chamada de tradicionalista no radio que minha av\u00f3 ouvia. Musica que tem muita influ\u00eancia das Milongas do Uruguai e da Argentina. Isso de uma certa forma influenciou na musica que fa\u00e7o hoje .<\/p>\n<p><strong>5) E o que voc\u00ea est\u00e1 escutando nesse momento?<\/strong><br \/>\n\u00c0s vezes gosto de n\u00e3o escutar nada, mas estou com cds de amigos que recentemente lan\u00e7aram, que quero come\u00e7ar a escutar. Gosto de coisas novas, mas tamb\u00e9m adoro escutar um Bob Marley ou um Jorge Ben dos anos 70. Adoro aqueles timbres.<\/p>\n<p><strong>6) Na Zamus, que artista, \u00e1lbum ou single lhe chamou mais a aten\u00e7\u00e3o?<\/strong><br \/>\nS\u00e3o tantos, mas o \u00e1lbum &#8216;<a href=\"https:\/\/za.mus.br\/album\/view\/239\" target=\"_blank\">JAH Music<\/a>&#8216; da <a href=\"https:\/\/za.mus.br\/artist\/view\/633\" target=\"_blank\">Sant\u00edssima Trindade<\/a> \u00e9 um disco muito bem produzido.<\/p>\n<p><strong>7) Conte para n\u00f3s, o que voc\u00ea espera para este novo ano em termos de carreira e mercado?<\/strong><br \/>\nEspero produzir outros trabalhos com novos parceiros e tamb\u00e9m gostaria de produzir um trabalho que n\u00e3o fosso meu. Em termos de mercado, espero que iniciativas como a Zamus continuem dando suporte para os artistas independentes divulgarem seus trabalhos.<\/p>\n<p><em><br \/>\n<a href=\"https:\/\/za.mus.br\/user\/view\/4213\" target=\"_blank\">Udi<\/a>\u00a0\u00e9\u00a0m\u00fasico e compositor, e acaba de lan\u00e7ar sue primeiro \u00e1lbum solo:\u00a0<a href=\"https:\/\/za.mus.br\/album\/view\/279\" target=\"_blank\">Cabe\u00e7a de GPS<\/a>.<\/em><\/p>\n","protected":false},"excerpt":{"rendered":"<p>Conhe\u00e7a um pouco mais de Udi, m\u00fasico e compositor do Rio Grande do Sul, que acaba de lan\u00e7ar sue primeiro \u00e1lbum solo: Cabe\u00e7a de GPS.<\/p>\n","protected":false},"author":1,"featured_media":1125,"comment_status":"open","ping_status":"open","sticky":false,"template":"","format":"standard","meta":{"_jetpack_memberships_contains_paid_content":false,"footnotes":""},"categories":[1648],"tags":[],"class_list":["post-1121","post","type-post","status-publish","format-standard","has-post-thumbnail","hentry","category-networking"],"yoast_head":"<!-- This site is optimized with the Yoast SEO plugin v27.5 - https:\/\/yoast.com\/product\/yoast-seo-wordpress\/ -->\n<title>Entrevista: Udi - Zamus<\/title>\n<meta name=\"description\" content=\"Conhe\u00e7a um pouco mais de Udi, m\u00fasico e compositor do Rio Grande do Sul, que acaba de lan\u00e7ar seu primeiro \u00e1lbum solo: Cabe\u00e7a de GPS.\" \/>\n<meta name=\"robots\" content=\"index, follow, max-snippet:-1, max-image-preview:large, max-video-preview:-1\" \/>\n<link rel=\"canonical\" href=\"https:\/\/za.mus.br\/entrevista-udi\/\" \/>\n<meta property=\"og:locale\" content=\"en_US\" \/>\n<meta property=\"og:type\" content=\"article\" \/>\n<meta property=\"og:title\" content=\"Entrevista: Udi - Zamus\" \/>\n<meta property=\"og:description\" content=\"Conhe\u00e7a um pouco mais de Udi, m\u00fasico e compositor do Rio Grande do Sul, que acaba de lan\u00e7ar seu primeiro \u00e1lbum solo: Cabe\u00e7a de GPS.\" \/>\n<meta property=\"og:url\" content=\"https:\/\/za.mus.br\/entrevista-udi\/\" \/>\n<meta property=\"og:site_name\" content=\"Zamus\" \/>\n<meta property=\"article:publisher\" content=\"http:\/\/facebook.com\/zamus\" \/>\n<meta property=\"article:published_time\" content=\"2013-01-03T17:00:56+00:00\" \/>\n<meta property=\"og:image\" content=\"https:\/\/i0.wp.com\/za.mus.br\/wp-content\/uploads\/z-btn-white.png?fit=820%2C820&ssl=1\" \/>\n\t<meta property=\"og:image:width\" content=\"820\" \/>\n\t<meta property=\"og:image:height\" content=\"820\" \/>\n\t<meta property=\"og:image:type\" content=\"image\/png\" \/>\n<meta name=\"author\" content=\"Guilherme Sampaio\" \/>\n<meta name=\"twitter:card\" content=\"summary_large_image\" \/>\n<meta name=\"twitter:creator\" content=\"@zamusbr\" \/>\n<meta name=\"twitter:site\" content=\"@zamusbr\" \/>\n<meta name=\"twitter:label1\" content=\"Written by\" \/>\n\t<meta name=\"twitter:data1\" content=\"Guilherme Sampaio\" \/>\n\t<meta name=\"twitter:label2\" content=\"Est. reading time\" \/>\n\t<meta name=\"twitter:data2\" content=\"2 minutes\" \/>\n<script type=\"application\/ld+json\" class=\"yoast-schema-graph\">{\"@context\":\"https:\\\/\\\/schema.org\",\"@graph\":[{\"@type\":\"Article\",\"@id\":\"https:\\\/\\\/za.mus.br\\\/entrevista-udi\\\/#article\",\"isPartOf\":{\"@id\":\"https:\\\/\\\/za.mus.br\\\/entrevista-udi\\\/\"},\"author\":{\"name\":\"Guilherme Sampaio\",\"@id\":\"https:\\\/\\\/za.mus.br\\\/#\\\/schema\\\/person\\\/612e3839d8a5e7580335410e173a7589\"},\"headline\":\"Entrevista: Udi\",\"datePublished\":\"2013-01-03T17:00:56+00:00\",\"mainEntityOfPage\":{\"@id\":\"https:\\\/\\\/za.mus.br\\\/entrevista-udi\\\/\"},\"wordCount\":370,\"commentCount\":0,\"image\":{\"@id\":\"https:\\\/\\\/za.mus.br\\\/entrevista-udi\\\/#primaryimage\"},\"thumbnailUrl\":\"\",\"articleSection\":[\"Networking\"],\"inLanguage\":\"en-US\",\"potentialAction\":[{\"@type\":\"CommentAction\",\"name\":\"Comment\",\"target\":[\"https:\\\/\\\/za.mus.br\\\/entrevista-udi\\\/#respond\"]}]},{\"@type\":\"WebPage\",\"@id\":\"https:\\\/\\\/za.mus.br\\\/entrevista-udi\\\/\",\"url\":\"https:\\\/\\\/za.mus.br\\\/entrevista-udi\\\/\",\"name\":\"Entrevista: Udi - Zamus\",\"isPartOf\":{\"@id\":\"https:\\\/\\\/za.mus.br\\\/#website\"},\"primaryImageOfPage\":{\"@id\":\"https:\\\/\\\/za.mus.br\\\/entrevista-udi\\\/#primaryimage\"},\"image\":{\"@id\":\"https:\\\/\\\/za.mus.br\\\/entrevista-udi\\\/#primaryimage\"},\"thumbnailUrl\":\"\",\"datePublished\":\"2013-01-03T17:00:56+00:00\",\"author\":{\"@id\":\"https:\\\/\\\/za.mus.br\\\/#\\\/schema\\\/person\\\/612e3839d8a5e7580335410e173a7589\"},\"description\":\"Conhe\u00e7a um pouco mais de Udi, m\u00fasico e compositor do Rio Grande do Sul, que acaba de lan\u00e7ar seu primeiro \u00e1lbum solo: Cabe\u00e7a de GPS.\",\"breadcrumb\":{\"@id\":\"https:\\\/\\\/za.mus.br\\\/entrevista-udi\\\/#breadcrumb\"},\"inLanguage\":\"en-US\",\"potentialAction\":[{\"@type\":\"ReadAction\",\"target\":[\"https:\\\/\\\/za.mus.br\\\/entrevista-udi\\\/\"]}]},{\"@type\":\"ImageObject\",\"inLanguage\":\"en-US\",\"@id\":\"https:\\\/\\\/za.mus.br\\\/entrevista-udi\\\/#primaryimage\",\"url\":\"\",\"contentUrl\":\"\"},{\"@type\":\"BreadcrumbList\",\"@id\":\"https:\\\/\\\/za.mus.br\\\/entrevista-udi\\\/#breadcrumb\",\"itemListElement\":[{\"@type\":\"ListItem\",\"position\":1,\"name\":\"In\u00edcio\",\"item\":\"https:\\\/\\\/za.mus.br\\\/en\\\/\"},{\"@type\":\"ListItem\",\"position\":2,\"name\":\"Entrevista: Udi\"}]},{\"@type\":\"WebSite\",\"@id\":\"https:\\\/\\\/za.mus.br\\\/#website\",\"url\":\"https:\\\/\\\/za.mus.br\\\/\",\"name\":\"Zamus\",\"description\":\"The New Music Market\",\"potentialAction\":[{\"@type\":\"SearchAction\",\"target\":{\"@type\":\"EntryPoint\",\"urlTemplate\":\"https:\\\/\\\/za.mus.br\\\/?s={search_term_string}\"},\"query-input\":{\"@type\":\"PropertyValueSpecification\",\"valueRequired\":true,\"valueName\":\"search_term_string\"}}],\"inLanguage\":\"en-US\"},{\"@type\":\"Person\",\"@id\":\"https:\\\/\\\/za.mus.br\\\/#\\\/schema\\\/person\\\/612e3839d8a5e7580335410e173a7589\",\"name\":\"Guilherme Sampaio\",\"image\":{\"@type\":\"ImageObject\",\"inLanguage\":\"en-US\",\"@id\":\"\\\/\\\/www.gravatar.com\\\/avatar\\\/c7366d47da589ca73e5ab9870f4f8e75?s=96&#038;r=g&#038;d=https%3A%2F%2Fza.mus.br%2Fwp-content%2Fthemes%2Fkleo-child%2Fimg%2Fz.avatar.red.jpg\",\"url\":\"\\\/\\\/www.gravatar.com\\\/avatar\\\/c7366d47da589ca73e5ab9870f4f8e75?s=96&#038;r=g&#038;d=https%3A%2F%2Fza.mus.br%2Fwp-content%2Fthemes%2Fkleo-child%2Fimg%2Fz.avatar.red.jpg\",\"contentUrl\":\"\\\/\\\/www.gravatar.com\\\/avatar\\\/c7366d47da589ca73e5ab9870f4f8e75?s=96&#038;r=g&#038;d=https%3A%2F%2Fza.mus.br%2Fwp-content%2Fthemes%2Fkleo-child%2Fimg%2Fz.avatar.red.jpg\",\"caption\":\"Guilherme Sampaio\"},\"sameAs\":[\"http:\\\/\\\/arqabs.com\"],\"url\":\"https:\\\/\\\/za.mus.br\\\/en\\\/author\\\/arqabs\\\/\"}]}<\/script>\n<!-- \/ Yoast SEO plugin. -->","yoast_head_json":{"title":"Entrevista: Udi - Zamus","description":"Conhe\u00e7a um pouco mais de Udi, m\u00fasico e compositor do Rio Grande do Sul, que acaba de lan\u00e7ar seu primeiro \u00e1lbum solo: Cabe\u00e7a de GPS.","robots":{"index":"index","follow":"follow","max-snippet":"max-snippet:-1","max-image-preview":"max-image-preview:large","max-video-preview":"max-video-preview:-1"},"canonical":"https:\/\/za.mus.br\/entrevista-udi\/","og_locale":"en_US","og_type":"article","og_title":"Entrevista: Udi - Zamus","og_description":"Conhe\u00e7a um pouco mais de Udi, m\u00fasico e compositor do Rio Grande do Sul, que acaba de lan\u00e7ar seu primeiro \u00e1lbum solo: Cabe\u00e7a de GPS.","og_url":"https:\/\/za.mus.br\/entrevista-udi\/","og_site_name":"Zamus","article_publisher":"http:\/\/facebook.com\/zamus","article_published_time":"2013-01-03T17:00:56+00:00","og_image":[{"width":820,"height":820,"url":"https:\/\/i0.wp.com\/za.mus.br\/wp-content\/uploads\/z-btn-white.png?fit=820%2C820&ssl=1","type":"image\/png"}],"author":"Guilherme Sampaio","twitter_card":"summary_large_image","twitter_creator":"@zamusbr","twitter_site":"@zamusbr","twitter_misc":{"Written by":"Guilherme Sampaio","Est. reading time":"2 minutes"},"schema":{"@context":"https:\/\/schema.org","@graph":[{"@type":"Article","@id":"https:\/\/za.mus.br\/entrevista-udi\/#article","isPartOf":{"@id":"https:\/\/za.mus.br\/entrevista-udi\/"},"author":{"name":"Guilherme Sampaio","@id":"https:\/\/za.mus.br\/#\/schema\/person\/612e3839d8a5e7580335410e173a7589"},"headline":"Entrevista: Udi","datePublished":"2013-01-03T17:00:56+00:00","mainEntityOfPage":{"@id":"https:\/\/za.mus.br\/entrevista-udi\/"},"wordCount":370,"commentCount":0,"image":{"@id":"https:\/\/za.mus.br\/entrevista-udi\/#primaryimage"},"thumbnailUrl":"","articleSection":["Networking"],"inLanguage":"en-US","potentialAction":[{"@type":"CommentAction","name":"Comment","target":["https:\/\/za.mus.br\/entrevista-udi\/#respond"]}]},{"@type":"WebPage","@id":"https:\/\/za.mus.br\/entrevista-udi\/","url":"https:\/\/za.mus.br\/entrevista-udi\/","name":"Entrevista: Udi - Zamus","isPartOf":{"@id":"https:\/\/za.mus.br\/#website"},"primaryImageOfPage":{"@id":"https:\/\/za.mus.br\/entrevista-udi\/#primaryimage"},"image":{"@id":"https:\/\/za.mus.br\/entrevista-udi\/#primaryimage"},"thumbnailUrl":"","datePublished":"2013-01-03T17:00:56+00:00","author":{"@id":"https:\/\/za.mus.br\/#\/schema\/person\/612e3839d8a5e7580335410e173a7589"},"description":"Conhe\u00e7a um pouco mais de Udi, m\u00fasico e compositor do Rio Grande do Sul, que acaba de lan\u00e7ar seu primeiro \u00e1lbum solo: Cabe\u00e7a de GPS.","breadcrumb":{"@id":"https:\/\/za.mus.br\/entrevista-udi\/#breadcrumb"},"inLanguage":"en-US","potentialAction":[{"@type":"ReadAction","target":["https:\/\/za.mus.br\/entrevista-udi\/"]}]},{"@type":"ImageObject","inLanguage":"en-US","@id":"https:\/\/za.mus.br\/entrevista-udi\/#primaryimage","url":"","contentUrl":""},{"@type":"BreadcrumbList","@id":"https:\/\/za.mus.br\/entrevista-udi\/#breadcrumb","itemListElement":[{"@type":"ListItem","position":1,"name":"In\u00edcio","item":"https:\/\/za.mus.br\/en\/"},{"@type":"ListItem","position":2,"name":"Entrevista: Udi"}]},{"@type":"WebSite","@id":"https:\/\/za.mus.br\/#website","url":"https:\/\/za.mus.br\/","name":"Zamus","description":"The New Music Market","potentialAction":[{"@type":"SearchAction","target":{"@type":"EntryPoint","urlTemplate":"https:\/\/za.mus.br\/?s={search_term_string}"},"query-input":{"@type":"PropertyValueSpecification","valueRequired":true,"valueName":"search_term_string"}}],"inLanguage":"en-US"},{"@type":"Person","@id":"https:\/\/za.mus.br\/#\/schema\/person\/612e3839d8a5e7580335410e173a7589","name":"Guilherme Sampaio","image":{"@type":"ImageObject","inLanguage":"en-US","@id":"\/\/www.gravatar.com\/avatar\/c7366d47da589ca73e5ab9870f4f8e75?s=96&#038;r=g&#038;d=https%3A%2F%2Fza.mus.br%2Fwp-content%2Fthemes%2Fkleo-child%2Fimg%2Fz.avatar.red.jpg","url":"\/\/www.gravatar.com\/avatar\/c7366d47da589ca73e5ab9870f4f8e75?s=96&#038;r=g&#038;d=https%3A%2F%2Fza.mus.br%2Fwp-content%2Fthemes%2Fkleo-child%2Fimg%2Fz.avatar.red.jpg","contentUrl":"\/\/www.gravatar.com\/avatar\/c7366d47da589ca73e5ab9870f4f8e75?s=96&#038;r=g&#038;d=https%3A%2F%2Fza.mus.br%2Fwp-content%2Fthemes%2Fkleo-child%2Fimg%2Fz.avatar.red.jpg","caption":"Guilherme Sampaio"},"sameAs":["http:\/\/arqabs.com"],"url":"https:\/\/za.mus.br\/en\/author\/arqabs\/"}]}},"jetpack_featured_media_url":"","featured_image_src":"https:\/\/za.mus.br\/wp-includes\/images\/media\/default.svg","jetpack_sharing_enabled":true,"_links":{"self":[{"href":"https:\/\/za.mus.br\/en\/wp-json\/wp\/v2\/posts\/1121","targetHints":{"allow":["GET"]}}],"collection":[{"href":"https:\/\/za.mus.br\/en\/wp-json\/wp\/v2\/posts"}],"about":[{"href":"https:\/\/za.mus.br\/en\/wp-json\/wp\/v2\/types\/post"}],"author":[{"embeddable":true,"href":"https:\/\/za.mus.br\/en\/wp-json\/wp\/v2\/users\/1"}],"replies":[{"embeddable":true,"href":"https:\/\/za.mus.br\/en\/wp-json\/wp\/v2\/comments?post=1121"}],"version-history":[{"count":0,"href":"https:\/\/za.mus.br\/en\/wp-json\/wp\/v2\/posts\/1121\/revisions"}],"wp:featuredmedia":[{"embeddable":true,"href":"https:\/\/za.mus.br\/en\/wp-json\/"}],"wp:attachment":[{"href":"https:\/\/za.mus.br\/en\/wp-json\/wp\/v2\/media?parent=1121"}],"wp:term":[{"taxonomy":"category","embeddable":true,"href":"https:\/\/za.mus.br\/en\/wp-json\/wp\/v2\/categories?post=1121"},{"taxonomy":"post_tag","embeddable":true,"href":"https:\/\/za.mus.br\/en\/wp-json\/wp\/v2\/tags?post=1121"}],"curies":[{"name":"wp","href":"https:\/\/api.w.org\/{rel}","templated":true}]}}