{"id":11614,"date":"2015-10-19T17:47:15","date_gmt":"2015-10-19T19:47:15","guid":{"rendered":"https:\/\/za.mus.br\/?p=11614"},"modified":"2015-10-19T21:02:38","modified_gmt":"2015-10-19T23:02:38","slug":"vaga-social-media-manager","status":"publish","type":"post","link":"https:\/\/za.mus.br\/en\/vaga-social-media-manager\/","title":{"rendered":"Vaga: Social Media Manager"},"content":{"rendered":"<p>Se voc\u00ea \u00e9 uma pessoa&#8230;<\/p>\n<ol>\n<li>&#8230;que toca, canta ou chora m\u00fasica o dia inteiro;<\/li>\n<li>&#8230;que \u00e9 considerada <em>heavy-user<\/em> de redes sociais pelos seus amigos;<\/li>\n<li>&#8230;quer trabalhar, aprender e transmitir\u00a0toda essa sua viv\u00eancia sonora e digital;<\/li>\n<li>&#8230;quer fazer do mercado da m\u00fasica um lugar mais sustent\u00e1vel e digno para todos;<\/li>\n<li>&#8230;quer trabalhar de casa e crescer em uma das empresas de m\u00fasica que mais se destaca nesse mercado?<\/li>\n<\/ol>\n<blockquote><p><em>Precisamos de voc\u00ea!<\/em><\/p><\/blockquote>\n<p>Isso, mesmo! Precisamos de voc\u00ea para nos ajudar a tocar nosso barco neste oceano digital. Se selecionado, ser\u00e1 respons\u00e1vel por ouvir, interagir, programar e gerenciar nossas redes sociais e de nossas plataformas. Sendo objetivo:<\/p>\n<ul>\n<li>Trabalho de casa com reuni\u00f5es semanais via Hangouts;<\/li>\n<li>Jornada de trabalho equivalente \u00e0 6 horas por dia, focada em resultados, n\u00e3o tempo;<\/li>\n<li>Sal\u00e1rio base + participa\u00e7\u00f5es em projetos;<\/li>\n<li>Possibilidade de viagens;<\/li>\n<\/ul>\n<p>Se voc\u00ea acredita que voc\u00ea \u00e9 a pessoa ideal para ajudar na constru\u00e7\u00e3o de um Novo Mercado da M\u00fasica, envie seu curr\u00edculo para <a href=\"mailto:jobs@za.mus.br?subject=[Vaga] SMM&amp;body=Ol\u00e1, gostaria de participar do processo de sele\u00e7\u00e3o da Zamus. Segue anexo meu curr\u00edculo. Sonoramente, EU\" target=\"_blank\">jobs@za.mus.br<\/a>\u00a0com o assunto <strong>[Vaga] SMM<\/strong>\u00a0dizendo <strong>porque voc\u00ea \u00e9 essa pessoa (?)<\/strong> que procuramos e iremos entrar em contato para marcar uma entrevista online ou presencial.<\/p>\n<blockquote><p><strong><em>Que a for\u00e7a esteja com voc\u00ea!<\/em><\/strong><\/p><\/blockquote>\n<p>&nbsp;<\/p>\n<p style=\"text-align: center;\"><em>N\u00e3o esque\u00e7a de conhecer nossa proposta para <a href=\"https:\/\/za.mus.br\/ganhe-para-escrever-sobre-musica\/\" target=\"_blank\">ganhar dinheiro escrevendo sobre m\u00fasica<\/a>!<\/em><\/p>\n","protected":false},"excerpt":{"rendered":"<p>Quer viver de m\u00fasica? Venha trabalhar conosco! Seja nosso social media manager e participe da constru\u00e7\u00e3o de um Novo Mercado da M\u00fasica!<\/p>\n","protected":false},"author":2,"featured_media":11615,"comment_status":"open","ping_status":"open","sticky":false,"template":"","format":"standard","meta":{"_jetpack_memberships_contains_paid_content":false,"footnotes":""},"categories":[1648],"tags":[1600,1707,2061],"class_list":["post-11614","post","type-post","status-publish","format-standard","has-post-thumbnail","hentry","category-networking","tag-mercado-da-musica","tag-nmm","tag-oportunidades"],"yoast_head":"<!-- This site is optimized with the Yoast SEO plugin v27.5 - https:\/\/yoast.com\/product\/yoast-seo-wordpress\/ -->\n<title>Vaga: Social Media Manager - Zamus<\/title>\n<meta name=\"description\" content=\"Quer viver de m\u00fasica? Venha trabalhar conosco! Seja nosso social media manager e participe da constru\u00e7\u00e3o de um Novo Mercado da M\u00fasica!\" \/>\n<meta name=\"robots\" content=\"index, follow, max-snippet:-1, max-image-preview:large, max-video-preview:-1\" \/>\n<link rel=\"canonical\" href=\"https:\/\/za.mus.br\/vaga-social-media-manager\/\" \/>\n<meta property=\"og:locale\" content=\"en_US\" \/>\n<meta property=\"og:type\" content=\"article\" \/>\n<meta property=\"og:title\" content=\"Vaga: Social Media Manager - Zamus\" \/>\n<meta property=\"og:description\" content=\"Quer viver de m\u00fasica? Venha trabalhar conosco! Seja nosso social media manager e participe da constru\u00e7\u00e3o de um Novo Mercado da M\u00fasica!\" \/>\n<meta property=\"og:url\" content=\"https:\/\/za.mus.br\/vaga-social-media-manager\/\" \/>\n<meta property=\"og:site_name\" content=\"Zamus\" \/>\n<meta property=\"article:publisher\" content=\"http:\/\/facebook.com\/zamus\" \/>\n<meta property=\"article:author\" content=\"http:\/\/www.facebook.com\/100003649494215\" \/>\n<meta property=\"article:published_time\" content=\"2015-10-19T19:47:15+00:00\" \/>\n<meta property=\"article:modified_time\" content=\"2015-10-19T23:02:38+00:00\" \/>\n<meta property=\"og:image\" content=\"https:\/\/i1.wp.com\/za.mus.br\/wp-content\/uploads\/Vaga-de-Social-Media.capa_.jpg?fit=1280%2C366&ssl=1\" \/>\n\t<meta property=\"og:image:width\" content=\"1280\" \/>\n\t<meta property=\"og:image:height\" content=\"366\" \/>\n\t<meta property=\"og:image:type\" content=\"image\/jpeg\" \/>\n<meta name=\"author\" content=\"Zamus\" \/>\n<meta name=\"twitter:card\" content=\"summary_large_image\" \/>\n<meta name=\"twitter:creator\" content=\"@zamusbr\" \/>\n<meta name=\"twitter:site\" content=\"@zamusbr\" \/>\n<meta name=\"twitter:label1\" content=\"Written by\" \/>\n\t<meta name=\"twitter:data1\" content=\"Zamus\" \/>\n\t<meta name=\"twitter:label2\" content=\"Est. reading time\" \/>\n\t<meta name=\"twitter:data2\" content=\"1 minute\" \/>\n<script type=\"application\/ld+json\" class=\"yoast-schema-graph\">{\"@context\":\"https:\\\/\\\/schema.org\",\"@graph\":[{\"@type\":\"Article\",\"@id\":\"https:\\\/\\\/za.mus.br\\\/vaga-social-media-manager\\\/#article\",\"isPartOf\":{\"@id\":\"https:\\\/\\\/za.mus.br\\\/vaga-social-media-manager\\\/\"},\"author\":{\"name\":\"Zamus\",\"@id\":\"https:\\\/\\\/za.mus.br\\\/#\\\/schema\\\/person\\\/4f875b70f5af4571b625b6fdfc9455c5\"},\"headline\":\"Vaga: Social Media Manager\",\"datePublished\":\"2015-10-19T19:47:15+00:00\",\"dateModified\":\"2015-10-19T23:02:38+00:00\",\"mainEntityOfPage\":{\"@id\":\"https:\\\/\\\/za.mus.br\\\/vaga-social-media-manager\\\/\"},\"wordCount\":221,\"commentCount\":1,\"image\":{\"@id\":\"https:\\\/\\\/za.mus.br\\\/vaga-social-media-manager\\\/#primaryimage\"},\"thumbnailUrl\":\"https:\\\/\\\/i0.wp.com\\\/za.mus.br\\\/wp-content\\\/uploads\\\/Vaga-de-Social-Media.capa_.jpg?fit=1280%2C366&ssl=1\",\"keywords\":[\"Mercado da M\u00fasica\",\"NMM\",\"Oportunidades\"],\"articleSection\":[\"Networking\"],\"inLanguage\":\"en-US\",\"potentialAction\":[{\"@type\":\"CommentAction\",\"name\":\"Comment\",\"target\":[\"https:\\\/\\\/za.mus.br\\\/vaga-social-media-manager\\\/#respond\"]}]},{\"@type\":\"WebPage\",\"@id\":\"https:\\\/\\\/za.mus.br\\\/vaga-social-media-manager\\\/\",\"url\":\"https:\\\/\\\/za.mus.br\\\/vaga-social-media-manager\\\/\",\"name\":\"Vaga: Social Media Manager - Zamus\",\"isPartOf\":{\"@id\":\"https:\\\/\\\/za.mus.br\\\/#website\"},\"primaryImageOfPage\":{\"@id\":\"https:\\\/\\\/za.mus.br\\\/vaga-social-media-manager\\\/#primaryimage\"},\"image\":{\"@id\":\"https:\\\/\\\/za.mus.br\\\/vaga-social-media-manager\\\/#primaryimage\"},\"thumbnailUrl\":\"https:\\\/\\\/i0.wp.com\\\/za.mus.br\\\/wp-content\\\/uploads\\\/Vaga-de-Social-Media.capa_.jpg?fit=1280%2C366&ssl=1\",\"datePublished\":\"2015-10-19T19:47:15+00:00\",\"dateModified\":\"2015-10-19T23:02:38+00:00\",\"author\":{\"@id\":\"https:\\\/\\\/za.mus.br\\\/#\\\/schema\\\/person\\\/4f875b70f5af4571b625b6fdfc9455c5\"},\"description\":\"Quer viver de m\u00fasica? Venha trabalhar conosco! Seja nosso social media manager e participe da constru\u00e7\u00e3o de um Novo Mercado da M\u00fasica!\",\"breadcrumb\":{\"@id\":\"https:\\\/\\\/za.mus.br\\\/vaga-social-media-manager\\\/#breadcrumb\"},\"inLanguage\":\"en-US\",\"potentialAction\":[{\"@type\":\"ReadAction\",\"target\":[\"https:\\\/\\\/za.mus.br\\\/vaga-social-media-manager\\\/\"]}]},{\"@type\":\"ImageObject\",\"inLanguage\":\"en-US\",\"@id\":\"https:\\\/\\\/za.mus.br\\\/vaga-social-media-manager\\\/#primaryimage\",\"url\":\"https:\\\/\\\/i0.wp.com\\\/za.mus.br\\\/wp-content\\\/uploads\\\/Vaga-de-Social-Media.capa_.jpg?fit=1280%2C366&ssl=1\",\"contentUrl\":\"https:\\\/\\\/i0.wp.com\\\/za.mus.br\\\/wp-content\\\/uploads\\\/Vaga-de-Social-Media.capa_.jpg?fit=1280%2C366&ssl=1\",\"width\":1280,\"height\":366,\"caption\":\"Vaga de Social Media\"},{\"@type\":\"BreadcrumbList\",\"@id\":\"https:\\\/\\\/za.mus.br\\\/vaga-social-media-manager\\\/#breadcrumb\",\"itemListElement\":[{\"@type\":\"ListItem\",\"position\":1,\"name\":\"In\u00edcio\",\"item\":\"https:\\\/\\\/za.mus.br\\\/en\\\/\"},{\"@type\":\"ListItem\",\"position\":2,\"name\":\"Vaga: Social Media Manager\"}]},{\"@type\":\"WebSite\",\"@id\":\"https:\\\/\\\/za.mus.br\\\/#website\",\"url\":\"https:\\\/\\\/za.mus.br\\\/\",\"name\":\"Zamus\",\"description\":\"The New Music Market\",\"potentialAction\":[{\"@type\":\"SearchAction\",\"target\":{\"@type\":\"EntryPoint\",\"urlTemplate\":\"https:\\\/\\\/za.mus.br\\\/?s={search_term_string}\"},\"query-input\":{\"@type\":\"PropertyValueSpecification\",\"valueRequired\":true,\"valueName\":\"search_term_string\"}}],\"inLanguage\":\"en-US\"},{\"@type\":\"Person\",\"@id\":\"https:\\\/\\\/za.mus.br\\\/#\\\/schema\\\/person\\\/4f875b70f5af4571b625b6fdfc9455c5\",\"name\":\"Zamus\",\"image\":{\"@type\":\"ImageObject\",\"inLanguage\":\"en-US\",\"@id\":\"https:\\\/\\\/za.mus.br\\\/wp-content\\\/uploads\\\/avatars\\\/2\\\/bdaf423d199575f03f26e548d1c12cb9-bpfull.png\",\"url\":\"https:\\\/\\\/za.mus.br\\\/wp-content\\\/uploads\\\/avatars\\\/2\\\/bdaf423d199575f03f26e548d1c12cb9-bpfull.png\",\"contentUrl\":\"https:\\\/\\\/za.mus.br\\\/wp-content\\\/uploads\\\/avatars\\\/2\\\/bdaf423d199575f03f26e548d1c12cb9-bpfull.png\",\"caption\":\"Zamus\"},\"sameAs\":[\"https:\\\/\\\/za.mus.br\",\"http:\\\/\\\/www.facebook.com\\\/100003649494215\"],\"url\":\"https:\\\/\\\/za.mus.br\\\/en\\\/author\\\/zamus\\\/\"}]}<\/script>\n<!-- \/ Yoast SEO plugin. -->","yoast_head_json":{"title":"Vaga: Social Media Manager - Zamus","description":"Quer viver de m\u00fasica? Venha trabalhar conosco! Seja nosso social media manager e participe da constru\u00e7\u00e3o de um Novo Mercado da M\u00fasica!","robots":{"index":"index","follow":"follow","max-snippet":"max-snippet:-1","max-image-preview":"max-image-preview:large","max-video-preview":"max-video-preview:-1"},"canonical":"https:\/\/za.mus.br\/vaga-social-media-manager\/","og_locale":"en_US","og_type":"article","og_title":"Vaga: Social Media Manager - Zamus","og_description":"Quer viver de m\u00fasica? Venha trabalhar conosco! Seja nosso social media manager e participe da constru\u00e7\u00e3o de um Novo Mercado da M\u00fasica!","og_url":"https:\/\/za.mus.br\/vaga-social-media-manager\/","og_site_name":"Zamus","article_publisher":"http:\/\/facebook.com\/zamus","article_author":"http:\/\/www.facebook.com\/100003649494215","article_published_time":"2015-10-19T19:47:15+00:00","article_modified_time":"2015-10-19T23:02:38+00:00","og_image":[{"width":1280,"height":366,"url":"https:\/\/i1.wp.com\/za.mus.br\/wp-content\/uploads\/Vaga-de-Social-Media.capa_.jpg?fit=1280%2C366&ssl=1","type":"image\/jpeg"}],"author":"Zamus","twitter_card":"summary_large_image","twitter_creator":"@zamusbr","twitter_site":"@zamusbr","twitter_misc":{"Written by":"Zamus","Est. reading time":"1 minute"},"schema":{"@context":"https:\/\/schema.org","@graph":[{"@type":"Article","@id":"https:\/\/za.mus.br\/vaga-social-media-manager\/#article","isPartOf":{"@id":"https:\/\/za.mus.br\/vaga-social-media-manager\/"},"author":{"name":"Zamus","@id":"https:\/\/za.mus.br\/#\/schema\/person\/4f875b70f5af4571b625b6fdfc9455c5"},"headline":"Vaga: Social Media Manager","datePublished":"2015-10-19T19:47:15+00:00","dateModified":"2015-10-19T23:02:38+00:00","mainEntityOfPage":{"@id":"https:\/\/za.mus.br\/vaga-social-media-manager\/"},"wordCount":221,"commentCount":1,"image":{"@id":"https:\/\/za.mus.br\/vaga-social-media-manager\/#primaryimage"},"thumbnailUrl":"https:\/\/i0.wp.com\/za.mus.br\/wp-content\/uploads\/Vaga-de-Social-Media.capa_.jpg?fit=1280%2C366&ssl=1","keywords":["Mercado da M\u00fasica","NMM","Oportunidades"],"articleSection":["Networking"],"inLanguage":"en-US","potentialAction":[{"@type":"CommentAction","name":"Comment","target":["https:\/\/za.mus.br\/vaga-social-media-manager\/#respond"]}]},{"@type":"WebPage","@id":"https:\/\/za.mus.br\/vaga-social-media-manager\/","url":"https:\/\/za.mus.br\/vaga-social-media-manager\/","name":"Vaga: Social Media Manager - Zamus","isPartOf":{"@id":"https:\/\/za.mus.br\/#website"},"primaryImageOfPage":{"@id":"https:\/\/za.mus.br\/vaga-social-media-manager\/#primaryimage"},"image":{"@id":"https:\/\/za.mus.br\/vaga-social-media-manager\/#primaryimage"},"thumbnailUrl":"https:\/\/i0.wp.com\/za.mus.br\/wp-content\/uploads\/Vaga-de-Social-Media.capa_.jpg?fit=1280%2C366&ssl=1","datePublished":"2015-10-19T19:47:15+00:00","dateModified":"2015-10-19T23:02:38+00:00","author":{"@id":"https:\/\/za.mus.br\/#\/schema\/person\/4f875b70f5af4571b625b6fdfc9455c5"},"description":"Quer viver de m\u00fasica? Venha trabalhar conosco! Seja nosso social media manager e participe da constru\u00e7\u00e3o de um Novo Mercado da M\u00fasica!","breadcrumb":{"@id":"https:\/\/za.mus.br\/vaga-social-media-manager\/#breadcrumb"},"inLanguage":"en-US","potentialAction":[{"@type":"ReadAction","target":["https:\/\/za.mus.br\/vaga-social-media-manager\/"]}]},{"@type":"ImageObject","inLanguage":"en-US","@id":"https:\/\/za.mus.br\/vaga-social-media-manager\/#primaryimage","url":"https:\/\/i0.wp.com\/za.mus.br\/wp-content\/uploads\/Vaga-de-Social-Media.capa_.jpg?fit=1280%2C366&ssl=1","contentUrl":"https:\/\/i0.wp.com\/za.mus.br\/wp-content\/uploads\/Vaga-de-Social-Media.capa_.jpg?fit=1280%2C366&ssl=1","width":1280,"height":366,"caption":"Vaga de Social Media"},{"@type":"BreadcrumbList","@id":"https:\/\/za.mus.br\/vaga-social-media-manager\/#breadcrumb","itemListElement":[{"@type":"ListItem","position":1,"name":"In\u00edcio","item":"https:\/\/za.mus.br\/en\/"},{"@type":"ListItem","position":2,"name":"Vaga: Social Media Manager"}]},{"@type":"WebSite","@id":"https:\/\/za.mus.br\/#website","url":"https:\/\/za.mus.br\/","name":"Zamus","description":"The New Music Market","potentialAction":[{"@type":"SearchAction","target":{"@type":"EntryPoint","urlTemplate":"https:\/\/za.mus.br\/?s={search_term_string}"},"query-input":{"@type":"PropertyValueSpecification","valueRequired":true,"valueName":"search_term_string"}}],"inLanguage":"en-US"},{"@type":"Person","@id":"https:\/\/za.mus.br\/#\/schema\/person\/4f875b70f5af4571b625b6fdfc9455c5","name":"Zamus","image":{"@type":"ImageObject","inLanguage":"en-US","@id":"https:\/\/za.mus.br\/wp-content\/uploads\/avatars\/2\/bdaf423d199575f03f26e548d1c12cb9-bpfull.png","url":"https:\/\/za.mus.br\/wp-content\/uploads\/avatars\/2\/bdaf423d199575f03f26e548d1c12cb9-bpfull.png","contentUrl":"https:\/\/za.mus.br\/wp-content\/uploads\/avatars\/2\/bdaf423d199575f03f26e548d1c12cb9-bpfull.png","caption":"Zamus"},"sameAs":["https:\/\/za.mus.br","http:\/\/www.facebook.com\/100003649494215"],"url":"https:\/\/za.mus.br\/en\/author\/zamus\/"}]}},"jetpack_featured_media_url":"https:\/\/i0.wp.com\/za.mus.br\/wp-content\/uploads\/Vaga-de-Social-Media.capa_.jpg?fit=1280%2C366&ssl=1","featured_image_src":"https:\/\/i0.wp.com\/za.mus.br\/wp-content\/uploads\/Vaga-de-Social-Media.capa_.jpg?fit=1280%2C366&ssl=1","jetpack_sharing_enabled":true,"_links":{"self":[{"href":"https:\/\/za.mus.br\/en\/wp-json\/wp\/v2\/posts\/11614","targetHints":{"allow":["GET"]}}],"collection":[{"href":"https:\/\/za.mus.br\/en\/wp-json\/wp\/v2\/posts"}],"about":[{"href":"https:\/\/za.mus.br\/en\/wp-json\/wp\/v2\/types\/post"}],"author":[{"embeddable":true,"href":"https:\/\/za.mus.br\/en\/wp-json\/wp\/v2\/users\/2"}],"replies":[{"embeddable":true,"href":"https:\/\/za.mus.br\/en\/wp-json\/wp\/v2\/comments?post=11614"}],"version-history":[{"count":0,"href":"https:\/\/za.mus.br\/en\/wp-json\/wp\/v2\/posts\/11614\/revisions"}],"wp:featuredmedia":[{"embeddable":true,"href":"https:\/\/za.mus.br\/en\/wp-json\/wp\/v2\/media\/11615"}],"wp:attachment":[{"href":"https:\/\/za.mus.br\/en\/wp-json\/wp\/v2\/media?parent=11614"}],"wp:term":[{"taxonomy":"category","embeddable":true,"href":"https:\/\/za.mus.br\/en\/wp-json\/wp\/v2\/categories?post=11614"},{"taxonomy":"post_tag","embeddable":true,"href":"https:\/\/za.mus.br\/en\/wp-json\/wp\/v2\/tags?post=11614"}],"curies":[{"name":"wp","href":"https:\/\/api.w.org\/{rel}","templated":true}]}}