{"id":11650,"date":"2015-10-15T09:43:37","date_gmt":"2015-10-15T12:43:37","guid":{"rendered":"https:\/\/za.mus.br\/?p=11650"},"modified":"2015-10-15T15:03:43","modified_gmt":"2015-10-15T18:03:43","slug":"mesa-redonda-a-atual-industria-da-musica","status":"publish","type":"post","link":"https:\/\/za.mus.br\/en\/mesa-redonda-a-atual-industria-da-musica\/","title":{"rendered":"Mesa Redonda: A Atual Ind\u00fastria da M\u00fasica"},"content":{"rendered":"<p><span style=\"font-weight: 400;\">Por diversas vezes aceitamos condutas internas lenientes como forma de preserva\u00e7\u00e3o do <\/span><i><span style=\"font-weight: 400;\">status quo.<\/span><\/i><\/p>\n<p><span style=\"font-weight: 400;\">Sim! Acredite, mantermos no senso comum sem promovermos um debate cr\u00edtico interno sobre cada assunto a que somos inseridos \u00e9 mil vezes mais f\u00e1cil (e confort\u00e1vel) do que aceitar as rupturas e quebras de paradigmas internos.<\/span><\/p>\n<p><span style=\"font-weight: 400;\">Por vezes, voc\u00ea artista, se imagina sobre os palcos da vida, mostrando a sua arte e obtendo o gozo da satisfa\u00e7\u00e3o pessoal e profissional e por in\u00fameras vezes este sonho se perde nas amarras t\u00edpicas de falta de pensamento (ou conhecimento) cr\u00edtico sobre o assunto o que te leva no m\u00ednimo a\u00a0pensamentos, que provavelmente s\u00e3o exatamente eles que te impossibilitam de ao menos enxergar a viabilidade de uma carreira art\u00edstica.<\/span><\/p>\n<blockquote><p><span style=\"font-weight: 400;\">\u201c<\/span><i><span style=\"font-weight: 400;\">\u00e9 muito dif\u00edcil viver de m\u00fasica<\/span><\/i><span style=\"font-weight: 400;\">\u201d<\/span><\/p>\n<p><span style=\"font-weight: 400;\">\u201c<\/span><i><span style=\"font-weight: 400;\">existe a panela das gravadora<\/span><\/i><span style=\"font-weight: 400;\">\u201d<\/span><\/p>\n<p><span style=\"font-weight: 400;\">\u201c<\/span><i><span style=\"font-weight: 400;\">m\u00fasica \u00e9 s\u00f3 hobbie! \u00c9 melhor prestar concurso<\/span><\/i><span style=\"font-weight: 400;\">\u201d\u00a0<\/span><\/p><\/blockquote>\n<p><span style=\"font-weight: 400;\">Ok. At\u00e9 entendo que viver de m\u00fasica n\u00e3o \u00e9 f\u00e1cil e que de fato existem crit\u00e9rios objetivos e submetidos para conseguir galgar degraus at\u00e9 alcan\u00e7ar <a href=\"https:\/\/za.mus.br\/musicos-voces-precisam-gostar-de-contratos\/\">um grande contrato art\u00edstico<\/a>, todavia, e se voc\u00ea ao inv\u00e9s de ficar neste mesmo pensamento de sempre ousar enfrent\u00e1-lo e tentar desconfigurar essa premissa?<\/span><\/p>\n<p><span style=\"font-weight: 400;\">A <a href=\"http:\/\/cce.puc-rio.br\/\" target=\"_blank\">Coordena\u00e7\u00e3o Central de Ensino e Extens\u00e3o da PUC-Rio<\/a> (CCE\/PUC-RJ) abriu inscri\u00e7\u00f5es para discuss\u00f5es sobre a atual ind\u00fastria da m\u00fasica que contar\u00e1 com a participa\u00e7\u00e3o dos Presidentes da <strong>Universal Music<\/strong>, <strong>Warner Music<\/strong> e <strong>Som Livre<\/strong> al\u00e9m da presen\u00e7a de v\u00e1rias autoridades no mercado da m\u00fasica e esta \u00e9 uma excelente oportunidade para voc\u00ea aproveitar e readequar sua forma de enxergar o campo em que voc\u00ea deseja tanto atuar.<\/span><\/p>\n<blockquote><p><em>&#8230;uma excelente oportunidade para voc\u00ea aproveitar e readequar sua forma de enxergar o campo em que voc\u00ea deseja tanto atuar.<\/em><\/p><\/blockquote>\n<p><span style=\"font-weight: 400;\">As mesas-redondas acontecer\u00e3o na Unidade G\u00e1vea da PUC-Rio, nos dias 23\/10, 30\/10, 13\/11 e 30\/11 e as <\/span><a href=\"http:\/\/www.cce.puc-rio.br\/sitecce\/website\/website.dll\/folder?nCurso=mesas%28traco%29redondas:-a-atual-industria-de-musica&amp;nInst=cce\" target=\"_blank\"><span style=\"font-weight: 400;\">inscri\u00e7\u00f5es<\/span><\/a><span style=\"font-weight: 400;\"> s\u00e3o limitadas.<\/span><\/p>\n<p><a href=\"https:\/\/i0.wp.com\/za.mus.br\/wp-content\/uploads\/Mesas_Redondas_Industria_de_Musica.png?ssl=1\"><img data-recalc-dims=\"1\" loading=\"lazy\" decoding=\"async\" class=\"aligncenter size-full wp-image-11687\" src=\"https:\/\/i0.wp.com\/za.mus.br\/wp-content\/uploads\/Mesas_Redondas_Industria_de_Musica.png?resize=650%2C880&#038;ssl=1\" alt=\"Mesas_Redondas_Industria_de_Musica\" width=\"650\" height=\"880\" srcset=\"https:\/\/i0.wp.com\/za.mus.br\/wp-content\/uploads\/Mesas_Redondas_Industria_de_Musica.png?w=650&amp;ssl=1 650w, https:\/\/i0.wp.com\/za.mus.br\/wp-content\/uploads\/Mesas_Redondas_Industria_de_Musica.png?resize=222%2C300&amp;ssl=1 222w, https:\/\/i0.wp.com\/za.mus.br\/wp-content\/uploads\/Mesas_Redondas_Industria_de_Musica.png?resize=60%2C81&amp;ssl=1 60w\" sizes=\"auto, (max-width: 650px) 100vw, 650px\" \/><\/a><\/p>\n<p><span style=\"font-weight: 400;\">A\u00ed est\u00e1 mais uma oportunidade para se construir novos conceitos internos, novas perspectivas sobre a ind\u00fastria da m\u00fasica e principalmente deixar a leni\u00eancia de lado, pelo menos no que se refere a seus sonhos.<\/span><\/p>\n<blockquote><p><span style=\"font-weight: 400;\"><a href=\"http:\/\/www.cce.puc-rio.br\/sitecce\/website\/website.dll\/folder?nCurso=mesas%28traco%29redondas:-a-atual-industria-de-musica&amp;nInst=cce\" target=\"_blank\">Corra e garanta sua inscri\u00e7\u00e3o.<\/a><\/span><\/p><\/blockquote>\n","protected":false},"excerpt":{"rendered":"<p>Venha participar de debates sobre a atual ind\u00fastria da m\u00fasica com os maiores especialistas do mercado. Saia da leni\u00eancia e se destaque!<\/p>\n","protected":false},"author":11,"featured_media":11724,"comment_status":"open","ping_status":"open","sticky":false,"template":"","format":"standard","meta":{"_jetpack_memberships_contains_paid_content":false,"footnotes":""},"categories":[1648],"tags":[1729,1600,2064,2065],"class_list":["post-11650","post","type-post","status-publish","format-standard","has-post-thumbnail","hentry","category-networking","tag-eventos","tag-mercado-da-musica","tag-palestras","tag-workshops"],"yoast_head":"<!-- This site is optimized with the Yoast SEO plugin v27.5 - https:\/\/yoast.com\/product\/yoast-seo-wordpress\/ -->\n<title>Mesa Redonda: A Atual Ind\u00fastria da M\u00fasica - Zamus<\/title>\n<meta name=\"description\" content=\"Venha participar de debates sobre a atual ind\u00fastria da m\u00fasica com os maiores especialistas do mercado. Saia da leni\u00eancia e se destaque!\" \/>\n<meta name=\"robots\" content=\"index, follow, max-snippet:-1, max-image-preview:large, max-video-preview:-1\" \/>\n<link rel=\"canonical\" href=\"https:\/\/za.mus.br\/en\/mesa-redonda-a-atual-industria-da-musica\/\" \/>\n<meta property=\"og:locale\" content=\"en_US\" \/>\n<meta property=\"og:type\" content=\"article\" \/>\n<meta property=\"og:title\" content=\"Mesa Redonda: A Atual Ind\u00fastria da M\u00fasica - Zamus\" \/>\n<meta property=\"og:description\" content=\"Venha participar de debates sobre a atual ind\u00fastria da m\u00fasica com os maiores especialistas do mercado. Saia da leni\u00eancia e se destaque!\" \/>\n<meta property=\"og:url\" content=\"https:\/\/za.mus.br\/en\/mesa-redonda-a-atual-industria-da-musica\/\" \/>\n<meta property=\"og:site_name\" content=\"Zamus\" \/>\n<meta property=\"article:publisher\" content=\"http:\/\/facebook.com\/zamus\" \/>\n<meta property=\"article:published_time\" content=\"2015-10-15T12:43:37+00:00\" \/>\n<meta property=\"article:modified_time\" content=\"2015-10-15T18:03:43+00:00\" \/>\n<meta property=\"og:image\" content=\"https:\/\/i2.wp.com\/za.mus.br\/wp-content\/uploads\/@mesa2.jpg?fit=1280%2C366&ssl=1\" \/>\n\t<meta property=\"og:image:width\" content=\"1280\" \/>\n\t<meta property=\"og:image:height\" content=\"366\" \/>\n\t<meta property=\"og:image:type\" content=\"image\/jpeg\" \/>\n<meta name=\"author\" content=\"Saulo de S\u00e1\" \/>\n<meta name=\"twitter:card\" content=\"summary_large_image\" \/>\n<meta name=\"twitter:creator\" content=\"@zamusbr\" \/>\n<meta name=\"twitter:site\" content=\"@zamusbr\" \/>\n<meta name=\"twitter:label1\" content=\"Written by\" \/>\n\t<meta name=\"twitter:data1\" content=\"Saulo de S\u00e1\" \/>\n\t<meta name=\"twitter:label2\" content=\"Est. reading time\" \/>\n\t<meta name=\"twitter:data2\" content=\"2 minutes\" \/>\n<script type=\"application\/ld+json\" class=\"yoast-schema-graph\">{\"@context\":\"https:\\\/\\\/schema.org\",\"@graph\":[{\"@type\":\"Article\",\"@id\":\"https:\\\/\\\/za.mus.br\\\/en\\\/mesa-redonda-a-atual-industria-da-musica\\\/#article\",\"isPartOf\":{\"@id\":\"https:\\\/\\\/za.mus.br\\\/en\\\/mesa-redonda-a-atual-industria-da-musica\\\/\"},\"author\":{\"name\":\"Saulo de S\u00e1\",\"@id\":\"https:\\\/\\\/za.mus.br\\\/#\\\/schema\\\/person\\\/0f4b4dfca8cf0ca6c50e997a068c3525\"},\"headline\":\"Mesa Redonda: A Atual Ind\u00fastria da M\u00fasica\",\"datePublished\":\"2015-10-15T12:43:37+00:00\",\"dateModified\":\"2015-10-15T18:03:43+00:00\",\"mainEntityOfPage\":{\"@id\":\"https:\\\/\\\/za.mus.br\\\/en\\\/mesa-redonda-a-atual-industria-da-musica\\\/\"},\"wordCount\":377,\"commentCount\":0,\"image\":{\"@id\":\"https:\\\/\\\/za.mus.br\\\/en\\\/mesa-redonda-a-atual-industria-da-musica\\\/#primaryimage\"},\"thumbnailUrl\":\"https:\\\/\\\/i0.wp.com\\\/za.mus.br\\\/wp-content\\\/uploads\\\/%40mesa2.jpg?fit=1280%2C366&ssl=1\",\"keywords\":[\"Eventos\",\"Mercado da M\u00fasica\",\"Palestras\",\"Workshops\"],\"articleSection\":[\"Networking\"],\"inLanguage\":\"en-US\",\"potentialAction\":[{\"@type\":\"CommentAction\",\"name\":\"Comment\",\"target\":[\"https:\\\/\\\/za.mus.br\\\/en\\\/mesa-redonda-a-atual-industria-da-musica\\\/#respond\"]}]},{\"@type\":\"WebPage\",\"@id\":\"https:\\\/\\\/za.mus.br\\\/en\\\/mesa-redonda-a-atual-industria-da-musica\\\/\",\"url\":\"https:\\\/\\\/za.mus.br\\\/en\\\/mesa-redonda-a-atual-industria-da-musica\\\/\",\"name\":\"Mesa Redonda: A Atual Ind\u00fastria da M\u00fasica - Zamus\",\"isPartOf\":{\"@id\":\"https:\\\/\\\/za.mus.br\\\/#website\"},\"primaryImageOfPage\":{\"@id\":\"https:\\\/\\\/za.mus.br\\\/en\\\/mesa-redonda-a-atual-industria-da-musica\\\/#primaryimage\"},\"image\":{\"@id\":\"https:\\\/\\\/za.mus.br\\\/en\\\/mesa-redonda-a-atual-industria-da-musica\\\/#primaryimage\"},\"thumbnailUrl\":\"https:\\\/\\\/i0.wp.com\\\/za.mus.br\\\/wp-content\\\/uploads\\\/%40mesa2.jpg?fit=1280%2C366&ssl=1\",\"datePublished\":\"2015-10-15T12:43:37+00:00\",\"dateModified\":\"2015-10-15T18:03:43+00:00\",\"author\":{\"@id\":\"https:\\\/\\\/za.mus.br\\\/#\\\/schema\\\/person\\\/0f4b4dfca8cf0ca6c50e997a068c3525\"},\"description\":\"Venha participar de debates sobre a atual ind\u00fastria da m\u00fasica com os maiores especialistas do mercado. Saia da leni\u00eancia e se destaque!\",\"breadcrumb\":{\"@id\":\"https:\\\/\\\/za.mus.br\\\/en\\\/mesa-redonda-a-atual-industria-da-musica\\\/#breadcrumb\"},\"inLanguage\":\"en-US\",\"potentialAction\":[{\"@type\":\"ReadAction\",\"target\":[\"https:\\\/\\\/za.mus.br\\\/en\\\/mesa-redonda-a-atual-industria-da-musica\\\/\"]}]},{\"@type\":\"ImageObject\",\"inLanguage\":\"en-US\",\"@id\":\"https:\\\/\\\/za.mus.br\\\/en\\\/mesa-redonda-a-atual-industria-da-musica\\\/#primaryimage\",\"url\":\"https:\\\/\\\/i0.wp.com\\\/za.mus.br\\\/wp-content\\\/uploads\\\/%40mesa2.jpg?fit=1280%2C366&ssl=1\",\"contentUrl\":\"https:\\\/\\\/i0.wp.com\\\/za.mus.br\\\/wp-content\\\/uploads\\\/%40mesa2.jpg?fit=1280%2C366&ssl=1\",\"width\":1280,\"height\":366},{\"@type\":\"BreadcrumbList\",\"@id\":\"https:\\\/\\\/za.mus.br\\\/en\\\/mesa-redonda-a-atual-industria-da-musica\\\/#breadcrumb\",\"itemListElement\":[{\"@type\":\"ListItem\",\"position\":1,\"name\":\"In\u00edcio\",\"item\":\"https:\\\/\\\/za.mus.br\\\/en\\\/\"},{\"@type\":\"ListItem\",\"position\":2,\"name\":\"Mesa Redonda: A Atual Ind\u00fastria da M\u00fasica\"}]},{\"@type\":\"WebSite\",\"@id\":\"https:\\\/\\\/za.mus.br\\\/#website\",\"url\":\"https:\\\/\\\/za.mus.br\\\/\",\"name\":\"Zamus\",\"description\":\"The New Music Market\",\"potentialAction\":[{\"@type\":\"SearchAction\",\"target\":{\"@type\":\"EntryPoint\",\"urlTemplate\":\"https:\\\/\\\/za.mus.br\\\/?s={search_term_string}\"},\"query-input\":{\"@type\":\"PropertyValueSpecification\",\"valueRequired\":true,\"valueName\":\"search_term_string\"}}],\"inLanguage\":\"en-US\"},{\"@type\":\"Person\",\"@id\":\"https:\\\/\\\/za.mus.br\\\/#\\\/schema\\\/person\\\/0f4b4dfca8cf0ca6c50e997a068c3525\",\"name\":\"Saulo de S\u00e1\",\"image\":{\"@type\":\"ImageObject\",\"inLanguage\":\"en-US\",\"@id\":\"https:\\\/\\\/za.mus.br\\\/wp-content\\\/uploads\\\/avatars\\\/11\\\/624e6189c8dbd57f22852dd85f60fb42-bpfull.jpg\",\"url\":\"https:\\\/\\\/za.mus.br\\\/wp-content\\\/uploads\\\/avatars\\\/11\\\/624e6189c8dbd57f22852dd85f60fb42-bpfull.jpg\",\"contentUrl\":\"https:\\\/\\\/za.mus.br\\\/wp-content\\\/uploads\\\/avatars\\\/11\\\/624e6189c8dbd57f22852dd85f60fb42-bpfull.jpg\",\"caption\":\"Saulo de S\u00e1\"},\"description\":\"Advogado especialista em Direito do Entretenimento, Direito da M\u00eddia, M\u00fasica e Neg\u00f3cios, Direito P\u00fablico e Doc\u00eancia. M\u00fasico e Produtor fonogr\u00e1fico. Consultor S\u00eanior da DE S\u00c1 ENTRETENIMENTO \u2013 Consultoria Especializada em suporte jur\u00eddico e art\u00edstico.\",\"sameAs\":[\"http:\\\/\\\/www.desaentretenimento.com\"],\"url\":\"https:\\\/\\\/za.mus.br\\\/en\\\/author\\\/desa\\\/\"}]}<\/script>\n<!-- \/ Yoast SEO plugin. -->","yoast_head_json":{"title":"Mesa Redonda: A Atual Ind\u00fastria da M\u00fasica - Zamus","description":"Venha participar de debates sobre a atual ind\u00fastria da m\u00fasica com os maiores especialistas do mercado. Saia da leni\u00eancia e se destaque!","robots":{"index":"index","follow":"follow","max-snippet":"max-snippet:-1","max-image-preview":"max-image-preview:large","max-video-preview":"max-video-preview:-1"},"canonical":"https:\/\/za.mus.br\/en\/mesa-redonda-a-atual-industria-da-musica\/","og_locale":"en_US","og_type":"article","og_title":"Mesa Redonda: A Atual Ind\u00fastria da M\u00fasica - Zamus","og_description":"Venha participar de debates sobre a atual ind\u00fastria da m\u00fasica com os maiores especialistas do mercado. Saia da leni\u00eancia e se destaque!","og_url":"https:\/\/za.mus.br\/en\/mesa-redonda-a-atual-industria-da-musica\/","og_site_name":"Zamus","article_publisher":"http:\/\/facebook.com\/zamus","article_published_time":"2015-10-15T12:43:37+00:00","article_modified_time":"2015-10-15T18:03:43+00:00","og_image":[{"width":1280,"height":366,"url":"https:\/\/i2.wp.com\/za.mus.br\/wp-content\/uploads\/@mesa2.jpg?fit=1280%2C366&ssl=1","type":"image\/jpeg"}],"author":"Saulo de S\u00e1","twitter_card":"summary_large_image","twitter_creator":"@zamusbr","twitter_site":"@zamusbr","twitter_misc":{"Written by":"Saulo de S\u00e1","Est. reading time":"2 minutes"},"schema":{"@context":"https:\/\/schema.org","@graph":[{"@type":"Article","@id":"https:\/\/za.mus.br\/en\/mesa-redonda-a-atual-industria-da-musica\/#article","isPartOf":{"@id":"https:\/\/za.mus.br\/en\/mesa-redonda-a-atual-industria-da-musica\/"},"author":{"name":"Saulo de S\u00e1","@id":"https:\/\/za.mus.br\/#\/schema\/person\/0f4b4dfca8cf0ca6c50e997a068c3525"},"headline":"Mesa Redonda: A Atual Ind\u00fastria da M\u00fasica","datePublished":"2015-10-15T12:43:37+00:00","dateModified":"2015-10-15T18:03:43+00:00","mainEntityOfPage":{"@id":"https:\/\/za.mus.br\/en\/mesa-redonda-a-atual-industria-da-musica\/"},"wordCount":377,"commentCount":0,"image":{"@id":"https:\/\/za.mus.br\/en\/mesa-redonda-a-atual-industria-da-musica\/#primaryimage"},"thumbnailUrl":"https:\/\/i0.wp.com\/za.mus.br\/wp-content\/uploads\/%40mesa2.jpg?fit=1280%2C366&ssl=1","keywords":["Eventos","Mercado da M\u00fasica","Palestras","Workshops"],"articleSection":["Networking"],"inLanguage":"en-US","potentialAction":[{"@type":"CommentAction","name":"Comment","target":["https:\/\/za.mus.br\/en\/mesa-redonda-a-atual-industria-da-musica\/#respond"]}]},{"@type":"WebPage","@id":"https:\/\/za.mus.br\/en\/mesa-redonda-a-atual-industria-da-musica\/","url":"https:\/\/za.mus.br\/en\/mesa-redonda-a-atual-industria-da-musica\/","name":"Mesa Redonda: A Atual Ind\u00fastria da M\u00fasica - Zamus","isPartOf":{"@id":"https:\/\/za.mus.br\/#website"},"primaryImageOfPage":{"@id":"https:\/\/za.mus.br\/en\/mesa-redonda-a-atual-industria-da-musica\/#primaryimage"},"image":{"@id":"https:\/\/za.mus.br\/en\/mesa-redonda-a-atual-industria-da-musica\/#primaryimage"},"thumbnailUrl":"https:\/\/i0.wp.com\/za.mus.br\/wp-content\/uploads\/%40mesa2.jpg?fit=1280%2C366&ssl=1","datePublished":"2015-10-15T12:43:37+00:00","dateModified":"2015-10-15T18:03:43+00:00","author":{"@id":"https:\/\/za.mus.br\/#\/schema\/person\/0f4b4dfca8cf0ca6c50e997a068c3525"},"description":"Venha participar de debates sobre a atual ind\u00fastria da m\u00fasica com os maiores especialistas do mercado. Saia da leni\u00eancia e se destaque!","breadcrumb":{"@id":"https:\/\/za.mus.br\/en\/mesa-redonda-a-atual-industria-da-musica\/#breadcrumb"},"inLanguage":"en-US","potentialAction":[{"@type":"ReadAction","target":["https:\/\/za.mus.br\/en\/mesa-redonda-a-atual-industria-da-musica\/"]}]},{"@type":"ImageObject","inLanguage":"en-US","@id":"https:\/\/za.mus.br\/en\/mesa-redonda-a-atual-industria-da-musica\/#primaryimage","url":"https:\/\/i0.wp.com\/za.mus.br\/wp-content\/uploads\/%40mesa2.jpg?fit=1280%2C366&ssl=1","contentUrl":"https:\/\/i0.wp.com\/za.mus.br\/wp-content\/uploads\/%40mesa2.jpg?fit=1280%2C366&ssl=1","width":1280,"height":366},{"@type":"BreadcrumbList","@id":"https:\/\/za.mus.br\/en\/mesa-redonda-a-atual-industria-da-musica\/#breadcrumb","itemListElement":[{"@type":"ListItem","position":1,"name":"In\u00edcio","item":"https:\/\/za.mus.br\/en\/"},{"@type":"ListItem","position":2,"name":"Mesa Redonda: A Atual Ind\u00fastria da M\u00fasica"}]},{"@type":"WebSite","@id":"https:\/\/za.mus.br\/#website","url":"https:\/\/za.mus.br\/","name":"Zamus","description":"The New Music Market","potentialAction":[{"@type":"SearchAction","target":{"@type":"EntryPoint","urlTemplate":"https:\/\/za.mus.br\/?s={search_term_string}"},"query-input":{"@type":"PropertyValueSpecification","valueRequired":true,"valueName":"search_term_string"}}],"inLanguage":"en-US"},{"@type":"Person","@id":"https:\/\/za.mus.br\/#\/schema\/person\/0f4b4dfca8cf0ca6c50e997a068c3525","name":"Saulo de S\u00e1","image":{"@type":"ImageObject","inLanguage":"en-US","@id":"https:\/\/za.mus.br\/wp-content\/uploads\/avatars\/11\/624e6189c8dbd57f22852dd85f60fb42-bpfull.jpg","url":"https:\/\/za.mus.br\/wp-content\/uploads\/avatars\/11\/624e6189c8dbd57f22852dd85f60fb42-bpfull.jpg","contentUrl":"https:\/\/za.mus.br\/wp-content\/uploads\/avatars\/11\/624e6189c8dbd57f22852dd85f60fb42-bpfull.jpg","caption":"Saulo de S\u00e1"},"description":"Advogado especialista em Direito do Entretenimento, Direito da M\u00eddia, M\u00fasica e Neg\u00f3cios, Direito P\u00fablico e Doc\u00eancia. M\u00fasico e Produtor fonogr\u00e1fico. Consultor S\u00eanior da DE S\u00c1 ENTRETENIMENTO \u2013 Consultoria Especializada em suporte jur\u00eddico e art\u00edstico.","sameAs":["http:\/\/www.desaentretenimento.com"],"url":"https:\/\/za.mus.br\/en\/author\/desa\/"}]}},"jetpack_featured_media_url":"https:\/\/i0.wp.com\/za.mus.br\/wp-content\/uploads\/%40mesa2.jpg?fit=1280%2C366&ssl=1","featured_image_src":"https:\/\/i0.wp.com\/za.mus.br\/wp-content\/uploads\/%40mesa2.jpg?fit=1280%2C366&ssl=1","jetpack_sharing_enabled":true,"_links":{"self":[{"href":"https:\/\/za.mus.br\/en\/wp-json\/wp\/v2\/posts\/11650","targetHints":{"allow":["GET"]}}],"collection":[{"href":"https:\/\/za.mus.br\/en\/wp-json\/wp\/v2\/posts"}],"about":[{"href":"https:\/\/za.mus.br\/en\/wp-json\/wp\/v2\/types\/post"}],"author":[{"embeddable":true,"href":"https:\/\/za.mus.br\/en\/wp-json\/wp\/v2\/users\/11"}],"replies":[{"embeddable":true,"href":"https:\/\/za.mus.br\/en\/wp-json\/wp\/v2\/comments?post=11650"}],"version-history":[{"count":0,"href":"https:\/\/za.mus.br\/en\/wp-json\/wp\/v2\/posts\/11650\/revisions"}],"wp:featuredmedia":[{"embeddable":true,"href":"https:\/\/za.mus.br\/en\/wp-json\/wp\/v2\/media\/11724"}],"wp:attachment":[{"href":"https:\/\/za.mus.br\/en\/wp-json\/wp\/v2\/media?parent=11650"}],"wp:term":[{"taxonomy":"category","embeddable":true,"href":"https:\/\/za.mus.br\/en\/wp-json\/wp\/v2\/categories?post=11650"},{"taxonomy":"post_tag","embeddable":true,"href":"https:\/\/za.mus.br\/en\/wp-json\/wp\/v2\/tags?post=11650"}],"curies":[{"name":"wp","href":"https:\/\/api.w.org\/{rel}","templated":true}]}}