{"id":11718,"date":"2015-10-14T16:19:56","date_gmt":"2015-10-14T19:19:56","guid":{"rendered":"https:\/\/za.mus.br\/?p=11718"},"modified":"2015-10-14T16:19:56","modified_gmt":"2015-10-14T19:19:56","slug":"meia-entrada-ou-bom-senso","status":"publish","type":"post","link":"https:\/\/za.mus.br\/en\/meia-entrada-ou-bom-senso\/","title":{"rendered":"Meia-entrada ou bom senso?"},"content":{"rendered":"<p><span style=\"font-weight: 400;\">O in\u00edcio de outubro foi marcado pela regulamenta\u00e7\u00e3o da lei que trata sobre a pol\u00edtica de meia-entrada em eventos culturais no Brasil. <\/span><\/p>\n<p><span style=\"font-weight: 400;\">Eis aqui um resumo das altera\u00e7\u00f5es promovidas pelo Decreto.<\/span><\/p>\n<p>&nbsp;<\/p>\n<ol>\n<li style=\"font-weight: 400;\"><span style=\"font-weight: 400;\">Restri\u00e7\u00e3o \u00e0 meia-entrada a uma cota de no m\u00ednimo 40% nas bilheterias;<\/span><\/li>\n<li style=\"font-weight: 400;\"><span style=\"font-weight: 400;\">Estudantes, jovens de baixa renda de 15 a 29 anos, idosos e pessoas com defici\u00eancia t\u00eam direito \u00e0 meia-entrada;<\/span><\/li>\n<li style=\"font-weight: 400;\"><span style=\"font-weight: 400;\">Produtores devem avisar o n\u00famero total de ingressos e o n\u00famero dispon\u00edvel para meia-entrada;<\/span><\/li>\n<li style=\"font-weight: 400;\"><span style=\"font-weight: 400;\">Deve-se observar as legisla\u00e7\u00f5es estaduais, principalmente sobre a cota m\u00ednima de ingressos destinados \u00e0 meia-entrada;<\/span><\/li>\n<li style=\"font-weight: 400;\"><span style=\"font-weight: 400;\">No Decreto n\u00e3o consta quem ser\u00e1 competente para fiscalizar o cumprimento das regras nos eventos; <\/span><\/li>\n<li style=\"font-weight: 400;\"><span style=\"font-weight: 400;\">Os produtores dever\u00e3o enviar relat\u00f3rios de venda de ingressos ap\u00f3s o encerramento das vendas e mant\u00ea-los de forma f\u00edsica ou digital pelo prazo de 30 dias;<\/span><\/li>\n<li style=\"font-weight: 400;\"><span style=\"font-weight: 400;\">As regras passam a valer a partir de 01 de dezembro de 2015.<\/span><\/li>\n<\/ol>\n<p>&nbsp;<\/p>\n<p><span style=\"font-weight: 400;\">O que mais chama aten\u00e7\u00e3o no Decreto 8.537\/15 \u00e9 a persistente op\u00e7\u00e3o por atos normativos que possuem em sua ess\u00eancia a velha chama do Estado paternalista cuja for\u00e7a encontra respaldo no resguardo das dificuldades t\u00edpicas da livre demanda. <\/span><\/p>\n<p><span style=\"font-weight: 400;\">E por favor, n\u00e3o interprete esta afirma\u00e7\u00e3o como uma cr\u00edtica ao atual governo! <\/span><\/p>\n<p><span style=\"font-weight: 400;\">Na verdade se trata de uma observa\u00e7\u00e3o \u00e0 nossa conduta, do povo brasileiro, que parece insistir em uma inf\u00e2ncia social como se foss\u00eamos incapazes de escolher o que \u00e9 prejudicial e o que \u00e9 ben\u00e9fico em nossa vida particular.<\/span><\/p>\n<p><span style=\"font-weight: 400;\">Boa parte desta nossa necessidade de um ente onipresente e poderoso regendo nossa vida chamado Estado adv\u00e9m da maldita Lei de Gerson\u2026<\/span><\/p>\n<p><span class=\"embed-youtube\" style=\"text-align:center; display: block;\"><iframe loading=\"lazy\" class=\"youtube-player\" width=\"1200\" height=\"675\" src=\"https:\/\/www.youtube.com\/embed\/J6brObB-3Ow?version=3&#038;rel=1&#038;showsearch=0&#038;showinfo=1&#038;iv_load_policy=1&#038;fs=1&#038;hl=en-US&#038;autohide=2&#038;wmode=transparent\" allowfullscreen=\"true\" style=\"border:0;\" sandbox=\"allow-scripts allow-same-origin allow-popups allow-presentation allow-popups-to-escape-sandbox\"><\/iframe><\/span><\/p>\n<blockquote><p><em>&#8220;Gosto de levar vantagem em tudo, certo? Leve vantagem voc\u00ea tamb\u00e9m\u2026!&#8221;<\/em><\/p><\/blockquote>\n<p><span style=\"font-weight: 400;\">Pense bem. Voc\u00ea realizar\u00e1 um evento e est\u00e1 elaborando o or\u00e7amento. Voc\u00ea precisa calcular qual ser\u00e1 o valor da entrada para conseguir prever uma arrecada\u00e7\u00e3o capaz de garantir a realiza\u00e7\u00e3o do evento al\u00e9m de um certo lucro. Se 40% dos ingressos ser\u00e3o vendidos pela metade do pre\u00e7o isso quer dizer que os outros 60% arcar\u00e3o al\u00e9m do valor total do ingresso com o restante da quantia daqueles que foram beneficiados pela meia-entrada. <\/span><\/p>\n<p><span style=\"font-weight: 400;\">At\u00e9 ent\u00e3o uma parcela da sociedade (em tese) mais privilegiada arcar com valores visando conceder o mesmo acesso \u00e0 cultura aos (em tese) menos privilegiados parece uma postura no m\u00ednimo altru\u00edsta. Todavia, a lei de Gerson predomina &#8211; <\/span><i><span style=\"font-weight: 400;\">gosto de levar vantagem em tudo, certo? &#8211; <\/span><\/i><span style=\"font-weight: 400;\">e na pr\u00e1tica o que ocorre \u00e9 que a pr\u00f3pria Lei fomenta produtores calcularem em seus or\u00e7amentos valores dobrados de entrada e isso ocorre porque a grande maioria de n\u00f3s fraudam carteirinha de estudantes para pagar a meia-entrada. <\/span><\/p>\n<p><span style=\"font-weight: 400;\">Este v\u00edcio \u00e9 t\u00e3o intr\u00ednseco na sociedade brasileira que atualmente a regra \u00e9 chamar ingresso de meia-entrada e cobrar pre\u00e7o \u00fanico para todos, ou seja, mesmo com o Estado interferindo como um pai, o mercado se ajeita de acordo com as leis de mercado. <\/span><\/p>\n<p><span class=\"embed-youtube\" style=\"text-align:center; display: block;\"><iframe loading=\"lazy\" class=\"youtube-player\" width=\"1200\" height=\"675\" src=\"https:\/\/www.youtube.com\/embed\/7eFF6avQNG0?version=3&#038;rel=1&#038;showsearch=0&#038;showinfo=1&#038;iv_load_policy=1&#038;fs=1&#038;hl=en-US&#038;autohide=2&#038;wmode=transparent\" allowfullscreen=\"true\" style=\"border:0;\" sandbox=\"allow-scripts allow-same-origin allow-popups allow-presentation allow-popups-to-escape-sandbox\"><\/iframe><\/span><\/p>\n<p><span style=\"font-weight: 400;\">Se ent\u00e3o esta \u00e9 a pr\u00e1tica eu lhe pergunto:<\/span><\/p>\n<blockquote><p><strong><em>Para que mesmo serve a meia-entrada?<\/em><\/strong><\/p><\/blockquote>\n<p>Comentem e compartilhem.<\/p>\n<p>&nbsp;<\/p>\n","protected":false},"excerpt":{"rendered":"<p>O outubro foi marcado pelo Decreto sobre a pol\u00edtica de meia-entrada em eventos culturais no Brasil. \u00c9 necess\u00e1rio meia entrada ou bom senso?<\/p>\n","protected":false},"author":11,"featured_media":11723,"comment_status":"open","ping_status":"open","sticky":false,"template":"","format":"standard","meta":{"_jetpack_memberships_contains_paid_content":false,"footnotes":""},"categories":[40],"tags":[1729,1707],"class_list":["post-11718","post","type-post","status-publish","format-standard","has-post-thumbnail","hentry","category-analises","tag-eventos","tag-nmm"],"yoast_head":"<!-- This site is optimized with the Yoast SEO plugin v27.5 - https:\/\/yoast.com\/product\/yoast-seo-wordpress\/ -->\n<title>Meia-entrada ou bom senso? - Zamus<\/title>\n<meta name=\"description\" content=\"O outubro foi marcado pelo Decreto sobre a pol\u00edtica de meia-entrada em eventos culturais no Brasil. \u00c9 necess\u00e1rio meia entrada ou bom senso?\" \/>\n<meta name=\"robots\" content=\"index, follow, max-snippet:-1, max-image-preview:large, max-video-preview:-1\" \/>\n<link rel=\"canonical\" href=\"https:\/\/za.mus.br\/meia-entrada-ou-bom-senso\/\" \/>\n<meta property=\"og:locale\" content=\"en_US\" \/>\n<meta property=\"og:type\" content=\"article\" \/>\n<meta property=\"og:title\" content=\"Meia-entrada ou bom senso? - Zamus\" \/>\n<meta property=\"og:description\" content=\"O outubro foi marcado pelo Decreto sobre a pol\u00edtica de meia-entrada em eventos culturais no Brasil. \u00c9 necess\u00e1rio meia entrada ou bom senso?\" \/>\n<meta property=\"og:url\" content=\"https:\/\/za.mus.br\/meia-entrada-ou-bom-senso\/\" \/>\n<meta property=\"og:site_name\" content=\"Zamus\" \/>\n<meta property=\"article:publisher\" content=\"http:\/\/facebook.com\/zamus\" \/>\n<meta property=\"article:published_time\" content=\"2015-10-14T19:19:56+00:00\" \/>\n<meta property=\"og:image\" content=\"https:\/\/i2.wp.com\/za.mus.br\/wp-content\/uploads\/@ticket.jpg?fit=1280%2C366&ssl=1\" \/>\n\t<meta property=\"og:image:width\" content=\"1280\" \/>\n\t<meta property=\"og:image:height\" content=\"366\" \/>\n\t<meta property=\"og:image:type\" content=\"image\/jpeg\" \/>\n<meta name=\"author\" content=\"Saulo de S\u00e1\" \/>\n<meta name=\"twitter:card\" content=\"summary_large_image\" \/>\n<meta name=\"twitter:creator\" content=\"@zamusbr\" \/>\n<meta name=\"twitter:site\" content=\"@zamusbr\" \/>\n<meta name=\"twitter:label1\" content=\"Written by\" \/>\n\t<meta name=\"twitter:data1\" content=\"Saulo de S\u00e1\" \/>\n\t<meta name=\"twitter:label2\" content=\"Est. reading time\" \/>\n\t<meta name=\"twitter:data2\" content=\"3 minutes\" \/>\n<script type=\"application\/ld+json\" class=\"yoast-schema-graph\">{\"@context\":\"https:\\\/\\\/schema.org\",\"@graph\":[{\"@type\":\"Article\",\"@id\":\"https:\\\/\\\/za.mus.br\\\/meia-entrada-ou-bom-senso\\\/#article\",\"isPartOf\":{\"@id\":\"https:\\\/\\\/za.mus.br\\\/meia-entrada-ou-bom-senso\\\/\"},\"author\":{\"name\":\"Saulo de S\u00e1\",\"@id\":\"https:\\\/\\\/za.mus.br\\\/#\\\/schema\\\/person\\\/0f4b4dfca8cf0ca6c50e997a068c3525\"},\"headline\":\"Meia-entrada ou bom senso?\",\"datePublished\":\"2015-10-14T19:19:56+00:00\",\"mainEntityOfPage\":{\"@id\":\"https:\\\/\\\/za.mus.br\\\/meia-entrada-ou-bom-senso\\\/\"},\"wordCount\":543,\"commentCount\":0,\"image\":{\"@id\":\"https:\\\/\\\/za.mus.br\\\/meia-entrada-ou-bom-senso\\\/#primaryimage\"},\"thumbnailUrl\":\"https:\\\/\\\/i0.wp.com\\\/za.mus.br\\\/wp-content\\\/uploads\\\/%40ticket.jpg?fit=1280%2C366&ssl=1\",\"keywords\":[\"Eventos\",\"NMM\"],\"articleSection\":[\"An\u00e1lises\"],\"inLanguage\":\"en-US\",\"potentialAction\":[{\"@type\":\"CommentAction\",\"name\":\"Comment\",\"target\":[\"https:\\\/\\\/za.mus.br\\\/meia-entrada-ou-bom-senso\\\/#respond\"]}]},{\"@type\":\"WebPage\",\"@id\":\"https:\\\/\\\/za.mus.br\\\/meia-entrada-ou-bom-senso\\\/\",\"url\":\"https:\\\/\\\/za.mus.br\\\/meia-entrada-ou-bom-senso\\\/\",\"name\":\"Meia-entrada ou bom senso? - Zamus\",\"isPartOf\":{\"@id\":\"https:\\\/\\\/za.mus.br\\\/#website\"},\"primaryImageOfPage\":{\"@id\":\"https:\\\/\\\/za.mus.br\\\/meia-entrada-ou-bom-senso\\\/#primaryimage\"},\"image\":{\"@id\":\"https:\\\/\\\/za.mus.br\\\/meia-entrada-ou-bom-senso\\\/#primaryimage\"},\"thumbnailUrl\":\"https:\\\/\\\/i0.wp.com\\\/za.mus.br\\\/wp-content\\\/uploads\\\/%40ticket.jpg?fit=1280%2C366&ssl=1\",\"datePublished\":\"2015-10-14T19:19:56+00:00\",\"author\":{\"@id\":\"https:\\\/\\\/za.mus.br\\\/#\\\/schema\\\/person\\\/0f4b4dfca8cf0ca6c50e997a068c3525\"},\"description\":\"O outubro foi marcado pelo Decreto sobre a pol\u00edtica de meia-entrada em eventos culturais no Brasil. \u00c9 necess\u00e1rio meia entrada ou bom senso?\",\"breadcrumb\":{\"@id\":\"https:\\\/\\\/za.mus.br\\\/meia-entrada-ou-bom-senso\\\/#breadcrumb\"},\"inLanguage\":\"en-US\",\"potentialAction\":[{\"@type\":\"ReadAction\",\"target\":[\"https:\\\/\\\/za.mus.br\\\/meia-entrada-ou-bom-senso\\\/\"]}]},{\"@type\":\"ImageObject\",\"inLanguage\":\"en-US\",\"@id\":\"https:\\\/\\\/za.mus.br\\\/meia-entrada-ou-bom-senso\\\/#primaryimage\",\"url\":\"https:\\\/\\\/i0.wp.com\\\/za.mus.br\\\/wp-content\\\/uploads\\\/%40ticket.jpg?fit=1280%2C366&ssl=1\",\"contentUrl\":\"https:\\\/\\\/i0.wp.com\\\/za.mus.br\\\/wp-content\\\/uploads\\\/%40ticket.jpg?fit=1280%2C366&ssl=1\",\"width\":1280,\"height\":366},{\"@type\":\"BreadcrumbList\",\"@id\":\"https:\\\/\\\/za.mus.br\\\/meia-entrada-ou-bom-senso\\\/#breadcrumb\",\"itemListElement\":[{\"@type\":\"ListItem\",\"position\":1,\"name\":\"In\u00edcio\",\"item\":\"https:\\\/\\\/za.mus.br\\\/en\\\/\"},{\"@type\":\"ListItem\",\"position\":2,\"name\":\"Meia-entrada ou bom senso?\"}]},{\"@type\":\"WebSite\",\"@id\":\"https:\\\/\\\/za.mus.br\\\/#website\",\"url\":\"https:\\\/\\\/za.mus.br\\\/\",\"name\":\"Zamus\",\"description\":\"The New Music Market\",\"potentialAction\":[{\"@type\":\"SearchAction\",\"target\":{\"@type\":\"EntryPoint\",\"urlTemplate\":\"https:\\\/\\\/za.mus.br\\\/?s={search_term_string}\"},\"query-input\":{\"@type\":\"PropertyValueSpecification\",\"valueRequired\":true,\"valueName\":\"search_term_string\"}}],\"inLanguage\":\"en-US\"},{\"@type\":\"Person\",\"@id\":\"https:\\\/\\\/za.mus.br\\\/#\\\/schema\\\/person\\\/0f4b4dfca8cf0ca6c50e997a068c3525\",\"name\":\"Saulo de S\u00e1\",\"image\":{\"@type\":\"ImageObject\",\"inLanguage\":\"en-US\",\"@id\":\"https:\\\/\\\/za.mus.br\\\/wp-content\\\/uploads\\\/avatars\\\/11\\\/624e6189c8dbd57f22852dd85f60fb42-bpfull.jpg\",\"url\":\"https:\\\/\\\/za.mus.br\\\/wp-content\\\/uploads\\\/avatars\\\/11\\\/624e6189c8dbd57f22852dd85f60fb42-bpfull.jpg\",\"contentUrl\":\"https:\\\/\\\/za.mus.br\\\/wp-content\\\/uploads\\\/avatars\\\/11\\\/624e6189c8dbd57f22852dd85f60fb42-bpfull.jpg\",\"caption\":\"Saulo de S\u00e1\"},\"description\":\"Advogado especialista em Direito do Entretenimento, Direito da M\u00eddia, M\u00fasica e Neg\u00f3cios, Direito P\u00fablico e Doc\u00eancia. M\u00fasico e Produtor fonogr\u00e1fico. Consultor S\u00eanior da DE S\u00c1 ENTRETENIMENTO \u2013 Consultoria Especializada em suporte jur\u00eddico e art\u00edstico.\",\"sameAs\":[\"http:\\\/\\\/www.desaentretenimento.com\"],\"url\":\"https:\\\/\\\/za.mus.br\\\/en\\\/author\\\/desa\\\/\"}]}<\/script>\n<!-- \/ Yoast SEO plugin. -->","yoast_head_json":{"title":"Meia-entrada ou bom senso? - Zamus","description":"O outubro foi marcado pelo Decreto sobre a pol\u00edtica de meia-entrada em eventos culturais no Brasil. \u00c9 necess\u00e1rio meia entrada ou bom senso?","robots":{"index":"index","follow":"follow","max-snippet":"max-snippet:-1","max-image-preview":"max-image-preview:large","max-video-preview":"max-video-preview:-1"},"canonical":"https:\/\/za.mus.br\/meia-entrada-ou-bom-senso\/","og_locale":"en_US","og_type":"article","og_title":"Meia-entrada ou bom senso? - Zamus","og_description":"O outubro foi marcado pelo Decreto sobre a pol\u00edtica de meia-entrada em eventos culturais no Brasil. \u00c9 necess\u00e1rio meia entrada ou bom senso?","og_url":"https:\/\/za.mus.br\/meia-entrada-ou-bom-senso\/","og_site_name":"Zamus","article_publisher":"http:\/\/facebook.com\/zamus","article_published_time":"2015-10-14T19:19:56+00:00","og_image":[{"width":1280,"height":366,"url":"https:\/\/i2.wp.com\/za.mus.br\/wp-content\/uploads\/@ticket.jpg?fit=1280%2C366&ssl=1","type":"image\/jpeg"}],"author":"Saulo de S\u00e1","twitter_card":"summary_large_image","twitter_creator":"@zamusbr","twitter_site":"@zamusbr","twitter_misc":{"Written by":"Saulo de S\u00e1","Est. reading time":"3 minutes"},"schema":{"@context":"https:\/\/schema.org","@graph":[{"@type":"Article","@id":"https:\/\/za.mus.br\/meia-entrada-ou-bom-senso\/#article","isPartOf":{"@id":"https:\/\/za.mus.br\/meia-entrada-ou-bom-senso\/"},"author":{"name":"Saulo de S\u00e1","@id":"https:\/\/za.mus.br\/#\/schema\/person\/0f4b4dfca8cf0ca6c50e997a068c3525"},"headline":"Meia-entrada ou bom senso?","datePublished":"2015-10-14T19:19:56+00:00","mainEntityOfPage":{"@id":"https:\/\/za.mus.br\/meia-entrada-ou-bom-senso\/"},"wordCount":543,"commentCount":0,"image":{"@id":"https:\/\/za.mus.br\/meia-entrada-ou-bom-senso\/#primaryimage"},"thumbnailUrl":"https:\/\/i0.wp.com\/za.mus.br\/wp-content\/uploads\/%40ticket.jpg?fit=1280%2C366&ssl=1","keywords":["Eventos","NMM"],"articleSection":["An\u00e1lises"],"inLanguage":"en-US","potentialAction":[{"@type":"CommentAction","name":"Comment","target":["https:\/\/za.mus.br\/meia-entrada-ou-bom-senso\/#respond"]}]},{"@type":"WebPage","@id":"https:\/\/za.mus.br\/meia-entrada-ou-bom-senso\/","url":"https:\/\/za.mus.br\/meia-entrada-ou-bom-senso\/","name":"Meia-entrada ou bom senso? - Zamus","isPartOf":{"@id":"https:\/\/za.mus.br\/#website"},"primaryImageOfPage":{"@id":"https:\/\/za.mus.br\/meia-entrada-ou-bom-senso\/#primaryimage"},"image":{"@id":"https:\/\/za.mus.br\/meia-entrada-ou-bom-senso\/#primaryimage"},"thumbnailUrl":"https:\/\/i0.wp.com\/za.mus.br\/wp-content\/uploads\/%40ticket.jpg?fit=1280%2C366&ssl=1","datePublished":"2015-10-14T19:19:56+00:00","author":{"@id":"https:\/\/za.mus.br\/#\/schema\/person\/0f4b4dfca8cf0ca6c50e997a068c3525"},"description":"O outubro foi marcado pelo Decreto sobre a pol\u00edtica de meia-entrada em eventos culturais no Brasil. \u00c9 necess\u00e1rio meia entrada ou bom senso?","breadcrumb":{"@id":"https:\/\/za.mus.br\/meia-entrada-ou-bom-senso\/#breadcrumb"},"inLanguage":"en-US","potentialAction":[{"@type":"ReadAction","target":["https:\/\/za.mus.br\/meia-entrada-ou-bom-senso\/"]}]},{"@type":"ImageObject","inLanguage":"en-US","@id":"https:\/\/za.mus.br\/meia-entrada-ou-bom-senso\/#primaryimage","url":"https:\/\/i0.wp.com\/za.mus.br\/wp-content\/uploads\/%40ticket.jpg?fit=1280%2C366&ssl=1","contentUrl":"https:\/\/i0.wp.com\/za.mus.br\/wp-content\/uploads\/%40ticket.jpg?fit=1280%2C366&ssl=1","width":1280,"height":366},{"@type":"BreadcrumbList","@id":"https:\/\/za.mus.br\/meia-entrada-ou-bom-senso\/#breadcrumb","itemListElement":[{"@type":"ListItem","position":1,"name":"In\u00edcio","item":"https:\/\/za.mus.br\/en\/"},{"@type":"ListItem","position":2,"name":"Meia-entrada ou bom senso?"}]},{"@type":"WebSite","@id":"https:\/\/za.mus.br\/#website","url":"https:\/\/za.mus.br\/","name":"Zamus","description":"The New Music Market","potentialAction":[{"@type":"SearchAction","target":{"@type":"EntryPoint","urlTemplate":"https:\/\/za.mus.br\/?s={search_term_string}"},"query-input":{"@type":"PropertyValueSpecification","valueRequired":true,"valueName":"search_term_string"}}],"inLanguage":"en-US"},{"@type":"Person","@id":"https:\/\/za.mus.br\/#\/schema\/person\/0f4b4dfca8cf0ca6c50e997a068c3525","name":"Saulo de S\u00e1","image":{"@type":"ImageObject","inLanguage":"en-US","@id":"https:\/\/za.mus.br\/wp-content\/uploads\/avatars\/11\/624e6189c8dbd57f22852dd85f60fb42-bpfull.jpg","url":"https:\/\/za.mus.br\/wp-content\/uploads\/avatars\/11\/624e6189c8dbd57f22852dd85f60fb42-bpfull.jpg","contentUrl":"https:\/\/za.mus.br\/wp-content\/uploads\/avatars\/11\/624e6189c8dbd57f22852dd85f60fb42-bpfull.jpg","caption":"Saulo de S\u00e1"},"description":"Advogado especialista em Direito do Entretenimento, Direito da M\u00eddia, M\u00fasica e Neg\u00f3cios, Direito P\u00fablico e Doc\u00eancia. M\u00fasico e Produtor fonogr\u00e1fico. Consultor S\u00eanior da DE S\u00c1 ENTRETENIMENTO \u2013 Consultoria Especializada em suporte jur\u00eddico e art\u00edstico.","sameAs":["http:\/\/www.desaentretenimento.com"],"url":"https:\/\/za.mus.br\/en\/author\/desa\/"}]}},"jetpack_featured_media_url":"https:\/\/i0.wp.com\/za.mus.br\/wp-content\/uploads\/%40ticket.jpg?fit=1280%2C366&ssl=1","featured_image_src":"https:\/\/i0.wp.com\/za.mus.br\/wp-content\/uploads\/%40ticket.jpg?fit=1280%2C366&ssl=1","jetpack_sharing_enabled":true,"_links":{"self":[{"href":"https:\/\/za.mus.br\/en\/wp-json\/wp\/v2\/posts\/11718","targetHints":{"allow":["GET"]}}],"collection":[{"href":"https:\/\/za.mus.br\/en\/wp-json\/wp\/v2\/posts"}],"about":[{"href":"https:\/\/za.mus.br\/en\/wp-json\/wp\/v2\/types\/post"}],"author":[{"embeddable":true,"href":"https:\/\/za.mus.br\/en\/wp-json\/wp\/v2\/users\/11"}],"replies":[{"embeddable":true,"href":"https:\/\/za.mus.br\/en\/wp-json\/wp\/v2\/comments?post=11718"}],"version-history":[{"count":0,"href":"https:\/\/za.mus.br\/en\/wp-json\/wp\/v2\/posts\/11718\/revisions"}],"wp:featuredmedia":[{"embeddable":true,"href":"https:\/\/za.mus.br\/en\/wp-json\/wp\/v2\/media\/11723"}],"wp:attachment":[{"href":"https:\/\/za.mus.br\/en\/wp-json\/wp\/v2\/media?parent=11718"}],"wp:term":[{"taxonomy":"category","embeddable":true,"href":"https:\/\/za.mus.br\/en\/wp-json\/wp\/v2\/categories?post=11718"},{"taxonomy":"post_tag","embeddable":true,"href":"https:\/\/za.mus.br\/en\/wp-json\/wp\/v2\/tags?post=11718"}],"curies":[{"name":"wp","href":"https:\/\/api.w.org\/{rel}","templated":true}]}}