{"id":11869,"date":"2015-12-09T10:00:08","date_gmt":"2015-12-09T12:00:08","guid":{"rendered":"https:\/\/za.mus.br\/?p=11869"},"modified":"2015-12-12T21:23:36","modified_gmt":"2015-12-12T23:23:36","slug":"a-primavera-das-mulheres-na-musica","status":"publish","type":"post","link":"https:\/\/za.mus.br\/en\/a-primavera-das-mulheres-na-musica\/","title":{"rendered":"A Primavera das Mulheres na M\u00fasica"},"content":{"rendered":"<p>Em 2015, uma onda de protestos femininos percorreu o pa\u00eds. O movimento feminista vem se fortalecendo no Brasil e as redes sociais est\u00e3o desempenhando um papel important\u00edssimo. Em novembro, especialmente, a mobiliza\u00e7\u00e3o foi al\u00e9m das redes e chegou \u00e0s ruas, v\u00e1rios protestos contra o presidente da C\u00e2mara dos Deputados e suas propostas contr\u00e1rias aos direitos da mulher mobilizaram milhares de pessoas em diversas cidades brasileiras, no que a imprensa chamou de \u201c<a href=\"http:\/\/epoca.globo.com\/vida\/noticia\/2015\/11\/primavera-das-mulheres.html\" target=\"_blank\">Primavera das Mulheres<\/a>\u201d.<\/p>\n<p>Os reflexos deste <strong>\u201cdespertar feminino\u201d<\/strong> tamb\u00e9m chegam \u00e0 ind\u00fastria musical, onde as mulheres v\u00eam mostrando seu poder. Al\u00e9m de demonstra\u00e7\u00f5es p\u00fablicas de apoio \u00e0 causa feminista, as musicistas v\u00eam batendo recordes e se fortalecendo nesse mercado, muitas vezes, acusado de sexista.<\/p>\n<p>\u00c9 imposs\u00edvel tocar nesse assunto sem citar a cantora Adele. Seu \u00faltimo \u00e1lbum, intitulado \u201c<a href=\"https:\/\/itunes.apple.com\/br\/album\/25\/id1051394208\" target=\"_blank\">25<\/a>\u201d, bateu recorde de vendas, com <a href=\"http:\/\/www.billboard.com\/articles\/columns\/chart-beat\/6778038\/adele-25-sales-4-million\" target=\"_blank\">3,38 milh\u00f5es de c\u00f3pias vendidas nos Estados Unidos em sua primeira semana<\/a>, tornando-se o mais vendido de 2015, em uma \u00e9poca em que artistas raramente ultrapassam um milh\u00e3o de c\u00f3pias. Aparentemente, a estrat\u00e9gia de <a href=\"http:\/\/g1.globo.com\/musica\/noticia\/2015\/11\/25-novo-album-de-adele-nao-estara-disponivel-para-streaming.html\" target=\"_blank\">n\u00e3o disponibilizar o \u00e1lbum em servi\u00e7os de streaming<\/a>\u00a0funcionou, pois a brit\u00e2nica atingiu o topo das paradas musicais em mais de 130 pa\u00edses e o \u201c25\u201d j\u00e1 \u00e9 considerado o \u00e1lbum de maior sucesso de todos os tempos.<\/p>\n<p>Antes da Adele a cantora <a href=\"http:\/\/taylorswift.com\/\" target=\"_blank\">Taylor Swift<\/a> j\u00e1 havia aberto fogo contra os servi\u00e7os de <em>streaming<\/em>. Atrav\u00e9s de <a href=\"http:\/\/taylorswift.com\/news\/251533\" target=\"_blank\">uma carta aberta \u00e0 Apple<\/a> na qual dizia recusar a disponibiliza\u00e7\u00e3o do CD &#8220;<a href=\"http:\/\/www.vagalume.com.br\/taylor-swift\/discografia\/1989.html\" target=\"_blank\">1989<\/a>&#8220;, \u00e1lbum mais vendido em 2014, considerou <em>&#8220;chocante e decepcionante&#8221;<\/em> a falta de remunera\u00e7\u00e3o por parte da empresa no per\u00edodo gratuito de tr\u00eas meses reservado aos assinantes. Tal ato for\u00e7ou a Apple Music a anunciar que pagaria os artistas neste prazo. E olha que esta rea\u00e7\u00e3o foi o segundo round j\u00e1 que no primeiro a cantora determinou que fossem <a href=\"http:\/\/g1.globo.com\/musica\/noticia\/2014\/11\/taylor-swift-retira-todas-suas-musicas-do-spotify-antes-de-lancar-album.html\">retiradas suas m\u00fasicas do Spotify<\/a>.<\/p>\n<p>No quesito inova\u00e7\u00e3o na divulga\u00e7\u00e3o de um novo \u00e1lbum, tamb\u00e9m podemos citar <a href=\"http:\/\/www.janetjackson.com\/splash\" target=\"_blank\">Janet Jackson<\/a> que, ap\u00f3s sete anos de hiato, em Outubro deste ano, optou por focar no lan\u00e7amento de apenas um single nas r\u00e1dios de um formato bem restrito dos EUA e conseguiu <a href=\"http:\/\/oglobo.globo.com\/cultura\/musica\/critica-janet-jackson-volta-ao-sucesso-com-album-reflexivo-17756048\" target=\"_blank\">estrear em #1 dos mais vendidos<\/a>, com uma grande vantagem em rela\u00e7\u00e3o aos demais. A nova estrat\u00e9gia chamou aten\u00e7\u00e3o, <strong>abrindo portas pra um novo mercado<\/strong>, onde n\u00e3o seriam necess\u00e1rios gastos t\u00e3o altos em se tratando de divulga\u00e7\u00e3o.<\/p>\n<p>No Brasil, em se tratando de n\u00fameros, <a href=\"http:\/\/anittaoficial.com\/index.php\" target=\"_blank\">Anitta<\/a> \u00e9 o nome da vez. O clipe <strong>&#8220;Deixa ele sofrer&#8221;<\/strong> <a href=\"http:\/\/ego.globo.com\/musica\/noticia\/2015\/07\/horas-apos-lancar-deixa-ele-sofrer-anitta-atinge-recorde-de-vendas.html\" target=\"_blank\">bateu recorde no Youtube<\/a> e foi o v\u00eddeo brasileiro a obter mais r\u00e1pido a marca de 1 milh\u00e3o de visualiza\u00e7\u00f5es. Como se n\u00e3o bastasse, em Outubro, a cantora conseguiu bater seu pr\u00f3prio recorde e, com a ajuda das redes sociais, convocou seus f\u00e3s a ultrapassarem o n\u00famero de visualiza\u00e7\u00f5es anterior. Prontamente atendida, em apenas seis horas, o clipe <strong>\u201cBang\u201d<\/strong>, de produ\u00e7\u00e3o internacional, chegava \u00e0 marca desejada.<\/p>\n<p>&nbsp;<\/p>\n<p><span class=\"embed-youtube\" style=\"text-align:center; display: block;\"><iframe loading=\"lazy\" class=\"youtube-player\" width=\"1200\" height=\"675\" src=\"https:\/\/www.youtube.com\/embed\/UGov-KH7hkM?version=3&#038;rel=1&#038;showsearch=0&#038;showinfo=1&#038;iv_load_policy=1&#038;fs=1&#038;hl=en-US&#038;autohide=2&#038;wmode=transparent\" allowfullscreen=\"true\" style=\"border:0;\" sandbox=\"allow-scripts allow-same-origin allow-popups allow-presentation allow-popups-to-escape-sandbox\"><\/iframe><\/span><\/p>\n<p>&nbsp;<\/p>\n<p>Ainda sobre clipes, a cantora e atriz <a href=\"https:\/\/www.facebook.com\/daclarice\/\" target=\"_blank\">Clarice Falc\u00e3o<\/a> lan\u00e7ou em novembro, em seu canal no <a href=\"https:\/\/www.youtube.com\/user\/falcaoclarice\" target=\"_blank\">YouTube<\/a>, o clipe de sua vers\u00e3o da m\u00fasica <strong>&#8220;Survivor&#8221;<\/strong>, do grupo <a href=\"http:\/\/www.destinyschild.com\/\" target=\"_blank\">Destiny&#8217;s Child<\/a>. Nele, Clarice e outras diversas mulheres fazem uma interpreta\u00e7\u00e3o emocionante da m\u00fasica que, entre outros versos, diz \u201c<em>Eu sou uma sobrevivente, eu n\u00e3o vou desistir<\/em>\u201d. Elas aparecem no v\u00eddeo passando batom vermelho da maneira que desejam, algumas passam pelo corpo, escrevendo palavras como &#8220;<em>padr\u00e3o<\/em>&#8221; e &#8220;<em>sapat\u00e3o<\/em>&#8220;. Os lucros da venda do fonograma no iTunes ser\u00e3o inteiramente revertidos para a <a href=\"http:\/\/thinkolga.com\/\" target=\"_blank\">Think Olga<\/a>, uma ONG que luta pelos direitos das mulheres.<\/p>\n<p>&nbsp;<\/p>\n<p><span class=\"embed-youtube\" style=\"text-align:center; display: block;\"><iframe loading=\"lazy\" class=\"youtube-player\" width=\"1200\" height=\"675\" src=\"https:\/\/www.youtube.com\/embed\/NlxFf40Lqx4?version=3&#038;rel=1&#038;showsearch=0&#038;showinfo=1&#038;iv_load_policy=1&#038;fs=1&#038;hl=en-US&#038;autohide=2&#038;wmode=transparent\" allowfullscreen=\"true\" style=\"border:0;\" sandbox=\"allow-scripts allow-same-origin allow-popups allow-presentation allow-popups-to-escape-sandbox\"><\/iframe><\/span><\/p>\n<p>A ic\u00f4nica, <a href=\"http:\/\/elzasoares.com.br\/elzasoares\/\" target=\"_blank\">Elza Soares<\/a>, tamb\u00e9m fez de 2015 um ano marcante para sua carreira. Lan\u00e7ou \u201c<a href=\"http:\/\/www1.folha.uol.com.br\/ilustrada\/2015\/10\/1689464-elza-soares-renasce-das-cinzas-com-seu-ja-historico-novo-disco.shtml\" target=\"_blank\">A Mulher do Fim do Mundo<\/a>\u201d, seu primeiro \u00e1lbum de in\u00e9ditas em quase 60 anos de carreira. Apesar de n\u00e3o saber dizer se se considera feminista, ela se descreve como uma \u201cmulher do agora\u201d e acredita ser papel do artista revelar o que acontece\u00a0em seu tempo. Neste novo trabalho, Elza, se mostra como a mulher forte e destemida que o mundo de hoje requer que ela seja.<\/p>\n<blockquote><p>\u201c<em>Eu acho que a mulher do fim do mundo \u00e9 aquela que busca, \u00e9 aquela que grita, que reivindica, que sempre fica de p\u00e9. No fim, eu sou essa mulher<\/em>&#8220;, disse em entrevista ao <a href=\"http:\/\/www.brasilpost.com.br\/\">HuffPost Brasil<\/a>.<\/p><\/blockquote>\n<p>Tamb\u00e9m se tratando do feminismo, mas nos bastidores da ind\u00fastria da m\u00fasica, podemos citar o document\u00e1rio gravado pela cantora <a href=\"http:\/\/www.charlixcxmusic.com\/\" target=\"_blank\">Charli XCX<\/a>, durante a turn\u00ea do \u00e1lbum \u201cSucker\u201d. Com depoimentos de Ryn Weaver, Jack Antonoff e Marina and the Diamonds, o intitulado \u201c<a href=\"http:\/\/www.bbc.co.uk\/programmes\/b06qnk6p\" target=\"_blank\">The F World and Me<\/a>\u201d, foi exibido pelo canal BBC na \u00faltima semana. O document\u00e1rio aborda o tema de diferentes perspectivas e traz refer\u00eancias \u00e0 Beyonc\u00e9 e Rihanna, tidas como s\u00edmbolos de quebras de paradigmas das mulheres na cultura pop. O filme tem 41 minutos de dura\u00e7\u00e3o e est\u00e1 dispon\u00edvel na Internet, sem legendas.<\/p>\n<p>Ao redor do mundo, entre outras causas, as mulheres lutam por sal\u00e1rios iguais, por paridade nos conselhos de administra\u00e7\u00e3o, por leis que permitam conciliar o trabalho com a vida familiar. No mundo da m\u00fasica a luta tamb\u00e9m acontece, <strong>abusando do talento e da inova\u00e7\u00e3o<\/strong>, as mulheres seguem batendo recordes e se provando essenciais nessa ind\u00fastria que nunca para de se movimentar e precisa se reinventar constantemente.<\/p>\n<p>Tem algum outro grande exemplo para adicionar? Compartilhe conosco nos coment\u00e1rios.<\/p>\n<p>Compartilhe.<\/p>\n","protected":false},"excerpt":{"rendered":"<p>No mundo da m\u00fasica, abusando do talento e da inova\u00e7\u00e3o, as mulheres seguem batendo recordes e se provando essenciais na ind\u00fastria da m\u00fasica.<\/p>\n","protected":false},"author":1960,"featured_media":11964,"comment_status":"open","ping_status":"open","sticky":false,"template":"","format":"standard","meta":{"_jetpack_memberships_contains_paid_content":false,"footnotes":""},"categories":[40],"tags":[1725,1724,1599,1600,1707,1602],"class_list":["post-11869","post","type-post","status-publish","format-standard","has-post-thumbnail","hentry","category-analises","tag-audiovisual","tag-clipes","tag-lancamentos","tag-mercado-da-musica","tag-nmm","tag-streaming"],"yoast_head":"<!-- This site is optimized with the Yoast SEO plugin v27.5 - https:\/\/yoast.com\/product\/yoast-seo-wordpress\/ -->\n<title>A Primavera das Mulheres na M\u00fasica - Zamus<\/title>\n<meta name=\"description\" content=\"No mundo da m\u00fasica,\u00a0abusando do talento e da inova\u00e7\u00e3o, as mulheres seguem batendo recordes e se provando essenciais na ind\u00fastria da m\u00fasica.\" \/>\n<meta name=\"robots\" content=\"index, follow, max-snippet:-1, max-image-preview:large, max-video-preview:-1\" \/>\n<link rel=\"canonical\" href=\"https:\/\/za.mus.br\/a-primavera-das-mulheres-na-musica\/\" \/>\n<meta property=\"og:locale\" content=\"en_US\" \/>\n<meta property=\"og:type\" content=\"article\" \/>\n<meta property=\"og:title\" content=\"A Primavera das Mulheres na M\u00fasica - Zamus\" \/>\n<meta property=\"og:description\" content=\"No mundo da m\u00fasica,\u00a0abusando do talento e da inova\u00e7\u00e3o, as mulheres seguem batendo recordes e se provando essenciais na ind\u00fastria da m\u00fasica.\" \/>\n<meta property=\"og:url\" content=\"https:\/\/za.mus.br\/a-primavera-das-mulheres-na-musica\/\" \/>\n<meta property=\"og:site_name\" content=\"Zamus\" \/>\n<meta property=\"article:publisher\" content=\"http:\/\/facebook.com\/zamus\" \/>\n<meta property=\"article:published_time\" content=\"2015-12-09T12:00:08+00:00\" \/>\n<meta property=\"article:modified_time\" content=\"2015-12-12T23:23:36+00:00\" \/>\n<meta property=\"og:image\" content=\"https:\/\/i1.wp.com\/za.mus.br\/wp-content\/uploads\/A-Primavera-das-Mulheres-na-M\u00fasica2.jpg?fit=1280%2C366&ssl=1\" \/>\n\t<meta property=\"og:image:width\" content=\"1280\" \/>\n\t<meta property=\"og:image:height\" content=\"366\" \/>\n\t<meta property=\"og:image:type\" content=\"image\/jpeg\" \/>\n<meta name=\"author\" content=\"Karla Gondim\" \/>\n<meta name=\"twitter:card\" content=\"summary_large_image\" \/>\n<meta name=\"twitter:creator\" content=\"@zamusbr\" \/>\n<meta name=\"twitter:site\" content=\"@zamusbr\" \/>\n<meta name=\"twitter:label1\" content=\"Written by\" \/>\n\t<meta name=\"twitter:data1\" content=\"Karla Gondim\" \/>\n\t<meta name=\"twitter:label2\" content=\"Est. reading time\" \/>\n\t<meta name=\"twitter:data2\" content=\"5 minutes\" \/>\n<script type=\"application\/ld+json\" class=\"yoast-schema-graph\">{\"@context\":\"https:\\\/\\\/schema.org\",\"@graph\":[{\"@type\":\"Article\",\"@id\":\"https:\\\/\\\/za.mus.br\\\/a-primavera-das-mulheres-na-musica\\\/#article\",\"isPartOf\":{\"@id\":\"https:\\\/\\\/za.mus.br\\\/a-primavera-das-mulheres-na-musica\\\/\"},\"author\":{\"name\":\"Karla Gondim\",\"@id\":\"https:\\\/\\\/za.mus.br\\\/#\\\/schema\\\/person\\\/e98abc6065a5085ea1e1062793c7cfaf\"},\"headline\":\"A Primavera das Mulheres na M\u00fasica\",\"datePublished\":\"2015-12-09T12:00:08+00:00\",\"dateModified\":\"2015-12-12T23:23:36+00:00\",\"mainEntityOfPage\":{\"@id\":\"https:\\\/\\\/za.mus.br\\\/a-primavera-das-mulheres-na-musica\\\/\"},\"wordCount\":951,\"commentCount\":0,\"image\":{\"@id\":\"https:\\\/\\\/za.mus.br\\\/a-primavera-das-mulheres-na-musica\\\/#primaryimage\"},\"thumbnailUrl\":\"https:\\\/\\\/i0.wp.com\\\/za.mus.br\\\/wp-content\\\/uploads\\\/A-Primavera-das-Mulheres-na-M%C3%BAsica2.jpg?fit=1280%2C366&ssl=1\",\"keywords\":[\"Audiovisual\",\"Clipes\",\"Lan\u00e7amentos\",\"Mercado da M\u00fasica\",\"NMM\",\"Streaming\"],\"articleSection\":[\"An\u00e1lises\"],\"inLanguage\":\"en-US\",\"potentialAction\":[{\"@type\":\"CommentAction\",\"name\":\"Comment\",\"target\":[\"https:\\\/\\\/za.mus.br\\\/a-primavera-das-mulheres-na-musica\\\/#respond\"]}]},{\"@type\":\"WebPage\",\"@id\":\"https:\\\/\\\/za.mus.br\\\/a-primavera-das-mulheres-na-musica\\\/\",\"url\":\"https:\\\/\\\/za.mus.br\\\/a-primavera-das-mulheres-na-musica\\\/\",\"name\":\"A Primavera das Mulheres na M\u00fasica - Zamus\",\"isPartOf\":{\"@id\":\"https:\\\/\\\/za.mus.br\\\/#website\"},\"primaryImageOfPage\":{\"@id\":\"https:\\\/\\\/za.mus.br\\\/a-primavera-das-mulheres-na-musica\\\/#primaryimage\"},\"image\":{\"@id\":\"https:\\\/\\\/za.mus.br\\\/a-primavera-das-mulheres-na-musica\\\/#primaryimage\"},\"thumbnailUrl\":\"https:\\\/\\\/i0.wp.com\\\/za.mus.br\\\/wp-content\\\/uploads\\\/A-Primavera-das-Mulheres-na-M%C3%BAsica2.jpg?fit=1280%2C366&ssl=1\",\"datePublished\":\"2015-12-09T12:00:08+00:00\",\"dateModified\":\"2015-12-12T23:23:36+00:00\",\"author\":{\"@id\":\"https:\\\/\\\/za.mus.br\\\/#\\\/schema\\\/person\\\/e98abc6065a5085ea1e1062793c7cfaf\"},\"description\":\"No mundo da m\u00fasica,\u00a0abusando do talento e da inova\u00e7\u00e3o, as mulheres seguem batendo recordes e se provando essenciais na ind\u00fastria da m\u00fasica.\",\"breadcrumb\":{\"@id\":\"https:\\\/\\\/za.mus.br\\\/a-primavera-das-mulheres-na-musica\\\/#breadcrumb\"},\"inLanguage\":\"en-US\",\"potentialAction\":[{\"@type\":\"ReadAction\",\"target\":[\"https:\\\/\\\/za.mus.br\\\/a-primavera-das-mulheres-na-musica\\\/\"]}]},{\"@type\":\"ImageObject\",\"inLanguage\":\"en-US\",\"@id\":\"https:\\\/\\\/za.mus.br\\\/a-primavera-das-mulheres-na-musica\\\/#primaryimage\",\"url\":\"https:\\\/\\\/i0.wp.com\\\/za.mus.br\\\/wp-content\\\/uploads\\\/A-Primavera-das-Mulheres-na-M%C3%BAsica2.jpg?fit=1280%2C366&ssl=1\",\"contentUrl\":\"https:\\\/\\\/i0.wp.com\\\/za.mus.br\\\/wp-content\\\/uploads\\\/A-Primavera-das-Mulheres-na-M%C3%BAsica2.jpg?fit=1280%2C366&ssl=1\",\"width\":1280,\"height\":366,\"caption\":\"A Primavera das Mulheres na M\u00fasica\"},{\"@type\":\"BreadcrumbList\",\"@id\":\"https:\\\/\\\/za.mus.br\\\/a-primavera-das-mulheres-na-musica\\\/#breadcrumb\",\"itemListElement\":[{\"@type\":\"ListItem\",\"position\":1,\"name\":\"In\u00edcio\",\"item\":\"https:\\\/\\\/za.mus.br\\\/en\\\/\"},{\"@type\":\"ListItem\",\"position\":2,\"name\":\"A Primavera das Mulheres na M\u00fasica\"}]},{\"@type\":\"WebSite\",\"@id\":\"https:\\\/\\\/za.mus.br\\\/#website\",\"url\":\"https:\\\/\\\/za.mus.br\\\/\",\"name\":\"Zamus\",\"description\":\"The New Music Market\",\"potentialAction\":[{\"@type\":\"SearchAction\",\"target\":{\"@type\":\"EntryPoint\",\"urlTemplate\":\"https:\\\/\\\/za.mus.br\\\/?s={search_term_string}\"},\"query-input\":{\"@type\":\"PropertyValueSpecification\",\"valueRequired\":true,\"valueName\":\"search_term_string\"}}],\"inLanguage\":\"en-US\"},{\"@type\":\"Person\",\"@id\":\"https:\\\/\\\/za.mus.br\\\/#\\\/schema\\\/person\\\/e98abc6065a5085ea1e1062793c7cfaf\",\"name\":\"Karla Gondim\",\"image\":{\"@type\":\"ImageObject\",\"inLanguage\":\"en-US\",\"@id\":\"https:\\\/\\\/za.mus.br\\\/wp-content\\\/uploads\\\/avatars\\\/1960\\\/e2d347e2337c5267a9f40ebdf57304cc-bpfull.png\",\"url\":\"https:\\\/\\\/za.mus.br\\\/wp-content\\\/uploads\\\/avatars\\\/1960\\\/e2d347e2337c5267a9f40ebdf57304cc-bpfull.png\",\"contentUrl\":\"https:\\\/\\\/za.mus.br\\\/wp-content\\\/uploads\\\/avatars\\\/1960\\\/e2d347e2337c5267a9f40ebdf57304cc-bpfull.png\",\"caption\":\"Karla Gondim\"},\"url\":\"https:\\\/\\\/za.mus.br\\\/en\\\/author\\\/karlagondim\\\/\"}]}<\/script>\n<!-- \/ Yoast SEO plugin. -->","yoast_head_json":{"title":"A Primavera das Mulheres na M\u00fasica - Zamus","description":"No mundo da m\u00fasica,\u00a0abusando do talento e da inova\u00e7\u00e3o, as mulheres seguem batendo recordes e se provando essenciais na ind\u00fastria da m\u00fasica.","robots":{"index":"index","follow":"follow","max-snippet":"max-snippet:-1","max-image-preview":"max-image-preview:large","max-video-preview":"max-video-preview:-1"},"canonical":"https:\/\/za.mus.br\/a-primavera-das-mulheres-na-musica\/","og_locale":"en_US","og_type":"article","og_title":"A Primavera das Mulheres na M\u00fasica - Zamus","og_description":"No mundo da m\u00fasica,\u00a0abusando do talento e da inova\u00e7\u00e3o, as mulheres seguem batendo recordes e se provando essenciais na ind\u00fastria da m\u00fasica.","og_url":"https:\/\/za.mus.br\/a-primavera-das-mulheres-na-musica\/","og_site_name":"Zamus","article_publisher":"http:\/\/facebook.com\/zamus","article_published_time":"2015-12-09T12:00:08+00:00","article_modified_time":"2015-12-12T23:23:36+00:00","og_image":[{"width":1280,"height":366,"url":"https:\/\/i1.wp.com\/za.mus.br\/wp-content\/uploads\/A-Primavera-das-Mulheres-na-M\u00fasica2.jpg?fit=1280%2C366&ssl=1","type":"image\/jpeg"}],"author":"Karla Gondim","twitter_card":"summary_large_image","twitter_creator":"@zamusbr","twitter_site":"@zamusbr","twitter_misc":{"Written by":"Karla Gondim","Est. reading time":"5 minutes"},"schema":{"@context":"https:\/\/schema.org","@graph":[{"@type":"Article","@id":"https:\/\/za.mus.br\/a-primavera-das-mulheres-na-musica\/#article","isPartOf":{"@id":"https:\/\/za.mus.br\/a-primavera-das-mulheres-na-musica\/"},"author":{"name":"Karla Gondim","@id":"https:\/\/za.mus.br\/#\/schema\/person\/e98abc6065a5085ea1e1062793c7cfaf"},"headline":"A Primavera das Mulheres na M\u00fasica","datePublished":"2015-12-09T12:00:08+00:00","dateModified":"2015-12-12T23:23:36+00:00","mainEntityOfPage":{"@id":"https:\/\/za.mus.br\/a-primavera-das-mulheres-na-musica\/"},"wordCount":951,"commentCount":0,"image":{"@id":"https:\/\/za.mus.br\/a-primavera-das-mulheres-na-musica\/#primaryimage"},"thumbnailUrl":"https:\/\/i0.wp.com\/za.mus.br\/wp-content\/uploads\/A-Primavera-das-Mulheres-na-M%C3%BAsica2.jpg?fit=1280%2C366&ssl=1","keywords":["Audiovisual","Clipes","Lan\u00e7amentos","Mercado da M\u00fasica","NMM","Streaming"],"articleSection":["An\u00e1lises"],"inLanguage":"en-US","potentialAction":[{"@type":"CommentAction","name":"Comment","target":["https:\/\/za.mus.br\/a-primavera-das-mulheres-na-musica\/#respond"]}]},{"@type":"WebPage","@id":"https:\/\/za.mus.br\/a-primavera-das-mulheres-na-musica\/","url":"https:\/\/za.mus.br\/a-primavera-das-mulheres-na-musica\/","name":"A Primavera das Mulheres na M\u00fasica - Zamus","isPartOf":{"@id":"https:\/\/za.mus.br\/#website"},"primaryImageOfPage":{"@id":"https:\/\/za.mus.br\/a-primavera-das-mulheres-na-musica\/#primaryimage"},"image":{"@id":"https:\/\/za.mus.br\/a-primavera-das-mulheres-na-musica\/#primaryimage"},"thumbnailUrl":"https:\/\/i0.wp.com\/za.mus.br\/wp-content\/uploads\/A-Primavera-das-Mulheres-na-M%C3%BAsica2.jpg?fit=1280%2C366&ssl=1","datePublished":"2015-12-09T12:00:08+00:00","dateModified":"2015-12-12T23:23:36+00:00","author":{"@id":"https:\/\/za.mus.br\/#\/schema\/person\/e98abc6065a5085ea1e1062793c7cfaf"},"description":"No mundo da m\u00fasica,\u00a0abusando do talento e da inova\u00e7\u00e3o, as mulheres seguem batendo recordes e se provando essenciais na ind\u00fastria da m\u00fasica.","breadcrumb":{"@id":"https:\/\/za.mus.br\/a-primavera-das-mulheres-na-musica\/#breadcrumb"},"inLanguage":"en-US","potentialAction":[{"@type":"ReadAction","target":["https:\/\/za.mus.br\/a-primavera-das-mulheres-na-musica\/"]}]},{"@type":"ImageObject","inLanguage":"en-US","@id":"https:\/\/za.mus.br\/a-primavera-das-mulheres-na-musica\/#primaryimage","url":"https:\/\/i0.wp.com\/za.mus.br\/wp-content\/uploads\/A-Primavera-das-Mulheres-na-M%C3%BAsica2.jpg?fit=1280%2C366&ssl=1","contentUrl":"https:\/\/i0.wp.com\/za.mus.br\/wp-content\/uploads\/A-Primavera-das-Mulheres-na-M%C3%BAsica2.jpg?fit=1280%2C366&ssl=1","width":1280,"height":366,"caption":"A Primavera das Mulheres na M\u00fasica"},{"@type":"BreadcrumbList","@id":"https:\/\/za.mus.br\/a-primavera-das-mulheres-na-musica\/#breadcrumb","itemListElement":[{"@type":"ListItem","position":1,"name":"In\u00edcio","item":"https:\/\/za.mus.br\/en\/"},{"@type":"ListItem","position":2,"name":"A Primavera das Mulheres na M\u00fasica"}]},{"@type":"WebSite","@id":"https:\/\/za.mus.br\/#website","url":"https:\/\/za.mus.br\/","name":"Zamus","description":"The New Music Market","potentialAction":[{"@type":"SearchAction","target":{"@type":"EntryPoint","urlTemplate":"https:\/\/za.mus.br\/?s={search_term_string}"},"query-input":{"@type":"PropertyValueSpecification","valueRequired":true,"valueName":"search_term_string"}}],"inLanguage":"en-US"},{"@type":"Person","@id":"https:\/\/za.mus.br\/#\/schema\/person\/e98abc6065a5085ea1e1062793c7cfaf","name":"Karla Gondim","image":{"@type":"ImageObject","inLanguage":"en-US","@id":"https:\/\/za.mus.br\/wp-content\/uploads\/avatars\/1960\/e2d347e2337c5267a9f40ebdf57304cc-bpfull.png","url":"https:\/\/za.mus.br\/wp-content\/uploads\/avatars\/1960\/e2d347e2337c5267a9f40ebdf57304cc-bpfull.png","contentUrl":"https:\/\/za.mus.br\/wp-content\/uploads\/avatars\/1960\/e2d347e2337c5267a9f40ebdf57304cc-bpfull.png","caption":"Karla Gondim"},"url":"https:\/\/za.mus.br\/en\/author\/karlagondim\/"}]}},"jetpack_featured_media_url":"https:\/\/i0.wp.com\/za.mus.br\/wp-content\/uploads\/A-Primavera-das-Mulheres-na-M%C3%BAsica2.jpg?fit=1280%2C366&ssl=1","featured_image_src":"https:\/\/i0.wp.com\/za.mus.br\/wp-content\/uploads\/A-Primavera-das-Mulheres-na-M%C3%BAsica2.jpg?fit=1280%2C366&ssl=1","jetpack_sharing_enabled":true,"_links":{"self":[{"href":"https:\/\/za.mus.br\/en\/wp-json\/wp\/v2\/posts\/11869","targetHints":{"allow":["GET"]}}],"collection":[{"href":"https:\/\/za.mus.br\/en\/wp-json\/wp\/v2\/posts"}],"about":[{"href":"https:\/\/za.mus.br\/en\/wp-json\/wp\/v2\/types\/post"}],"author":[{"embeddable":true,"href":"https:\/\/za.mus.br\/en\/wp-json\/wp\/v2\/users\/1960"}],"replies":[{"embeddable":true,"href":"https:\/\/za.mus.br\/en\/wp-json\/wp\/v2\/comments?post=11869"}],"version-history":[{"count":0,"href":"https:\/\/za.mus.br\/en\/wp-json\/wp\/v2\/posts\/11869\/revisions"}],"wp:featuredmedia":[{"embeddable":true,"href":"https:\/\/za.mus.br\/en\/wp-json\/wp\/v2\/media\/11964"}],"wp:attachment":[{"href":"https:\/\/za.mus.br\/en\/wp-json\/wp\/v2\/media?parent=11869"}],"wp:term":[{"taxonomy":"category","embeddable":true,"href":"https:\/\/za.mus.br\/en\/wp-json\/wp\/v2\/categories?post=11869"},{"taxonomy":"post_tag","embeddable":true,"href":"https:\/\/za.mus.br\/en\/wp-json\/wp\/v2\/tags?post=11869"}],"curies":[{"name":"wp","href":"https:\/\/api.w.org\/{rel}","templated":true}]}}