{"id":1250,"date":"2013-03-19T10:00:31","date_gmt":"2013-03-19T13:00:31","guid":{"rendered":"https:\/\/za.mus.br\/?p=1250"},"modified":"2013-03-19T10:00:31","modified_gmt":"2013-03-19T13:00:31","slug":"edicao-em-massa-dos-metadados-das-musicas","status":"publish","type":"post","link":"https:\/\/za.mus.br\/en\/edicao-em-massa-dos-metadados-das-musicas\/","title":{"rendered":"Edi\u00e7\u00e3o em massa dos metadados das m\u00fasicas"},"content":{"rendered":"<p>Queridos artistas, hoje vamos falar sobre uma nova funcionalidade para que voc\u00eas possam entregar mais valor a seus f\u00e3s: a edi\u00e7\u00e3o em massa dos metadados das m\u00fasicas.<\/p>\n<p>Sabemos que at\u00e9 ent\u00e3o, era um pouco chato e dif\u00edcil deixar suas m\u00fasicas configuradinhas com o que importa para seu f\u00e3 e para os aplicativos que consomem seus metadados, mas agora liberamos duas atualiza\u00e7\u00f5es que visam facilitar isso.<\/p>\n<p>Uma \u00e9 que n\u00e3o \u00e9 mais necess\u00e1rio despublicar o \u00e1lbum para editar as informa\u00e7\u00f5es das m\u00fasicas que est\u00e3o nele e, junto com esta atualiza\u00e7\u00e3o, colocamos tamb\u00e9m a possibilidade de altera\u00e7\u00e3o de mais campos de cada m\u00fasica, como o g\u00eanero musical e a inser\u00e7\u00e3o de letras. Neste primeiro m\u00e9todo, atrav\u00e9s da edi\u00e7\u00e3o das faixas de um \u00e1lbum, voc\u00ea pode editar a ordem das m\u00fasicas, remover ou adicionar m\u00fasicas novas e, trocar nome, g\u00eanero musical e letra de cada m\u00fasica.<\/p>\n<p>Para editar atrav\u00e9s deste m\u00e9todo, basta passar o mouse sobre o menu na lateral esquerda, no &#8216;<img data-recalc-dims=\"1\" loading=\"lazy\" decoding=\"async\" class=\"alignnone\" title=\"LP\" src=\"https:\/\/i0.wp.com\/za.mus.br\/\/images\/album_icon.png?resize=16%2C16&#038;ssl=1\" alt=\"\" width=\"16\" height=\"16\" \/>&#8216; que ir\u00e1 aparecer um &#8216;<img data-recalc-dims=\"1\" loading=\"lazy\" decoding=\"async\" class=\"alignnone\" title=\"Meus \u00e1lbuns\" src=\"https:\/\/i0.wp.com\/za.mus.br\/\/images\/my_albums_icon.png?resize=16%2C16&#038;ssl=1\" alt=\"\" width=\"16\" height=\"16\" \/>&#8216; com a indica\u00e7\u00e3o &#8216;Meus \u00e1lbuns&#8217;. Selecionando esta op\u00e7\u00e3o, ir\u00e1 aparecer todos os \u00e1lbuns de todos os seus artistas. Selecione o \u00e1lbum que quer editar e clique no \u00edcone da &#8216;<img data-recalc-dims=\"1\" loading=\"lazy\" decoding=\"async\" class=\"alignnone\" title=\"Editar faixas\" src=\"https:\/\/i0.wp.com\/za.mus.br\/\/images\/edit_tracks_icon.png?resize=16%2C16&#038;ssl=1\" alt=\"\" width=\"16\" height=\"16\" \/>&#8216; no menu na lateral direita com a indica\u00e7\u00e3o &#8216;Editar faixas&#8217;. Os dois passos est\u00e3o indicados na imagem abaixo. Ao\u00a0segui-los, voc\u00ea ir\u00e1 cair nesta tela da imagem, que \u00e9 a tela de edi\u00e7\u00e3o de faixas do \u00e1lbum. Nela voc\u00ea poder\u00e1 editar o que precisa.<\/p>\n<div id=\"attachment_1252\" style=\"width: 680px\" class=\"wp-caption aligncenter\"><a href=\"https:\/\/i0.wp.com\/za.mus.br\/wp-content\/uploads\/edit-tracks.jpg?ssl=1\"><img data-recalc-dims=\"1\" decoding=\"async\" aria-describedby=\"caption-attachment-1252\" class=\" wp-image-1252 \" title=\"\u00c1lbum 'Dire\u00e7\u00e3o ao leste' de Ras Bernardo\" src=\"https:\/\/i0.wp.com\/za.mus.br\/wp-content\/uploads\/edit-tracks.jpg?w=670&#038;ssl=1\" alt=\"\"  \/><\/a><p id=\"caption-attachment-1252\" class=\"wp-caption-text\">\u00c1lbum &#8216;<a href=\"https:\/\/za.mus.br\/album\/view\/300\" target=\"_blank\">Dire\u00e7\u00e3o ao leste<\/a>&#8216; de <a href=\"https:\/\/za.mus.br\/artist\/view\/769\" target=\"_blank\">Ras Bernardo<\/a><\/p><\/div>\n<p>A segunda forma, \u00e9 que, com o novo perfil de m\u00fasicas \u00e9 poss\u00edvel editar todas as informa\u00e7\u00f5es dela direto pela visualiza\u00e7\u00e3o do perfil! Isso facilita muito, pois voc\u00ea pode verificar um &#8216;erro&#8217; e corrigi-lo ali diretamente se voc\u00ea for um administrador daquele artista, claro! No perfil voc\u00ea pode alterar nome, g\u00eanero musical, bio e letras.<\/p>\n<p>O perfil das m\u00fasicas pode ser acessado ao clicar no \u00edcone do olho &#8216;<img data-recalc-dims=\"1\" loading=\"lazy\" decoding=\"async\" class=\"alignnone\" title=\"Ver\" src=\"https:\/\/i0.wp.com\/za.mus.br\/\/images\/view.png?resize=16%2C16&#038;ssl=1\" alt=\"\" width=\"16\" height=\"16\" \/>&#8216; que existe em cada linha onde s\u00e3o apresentadas as faixas do \u00e1lbum. Elas aparecem tanto no perfil do \u00e1lbum quanto na edi\u00e7\u00e3o das faixas de um \u00e1lbum. Voc\u00ea tamb\u00e9m pode acessar o perfil das m\u00fasicas atrav\u00e9s da busca na barra superior e pela playlist do \u00e1lbum &#8216;<img data-recalc-dims=\"1\" loading=\"lazy\" decoding=\"async\" class=\"alignnone\" title=\"Playlist\" src=\"https:\/\/i0.wp.com\/za.mus.br\/\/images\/playlist_g.png?resize=13%2C13&#038;ssl=1\" alt=\"\" width=\"13\" height=\"13\" \/>&#8216;.<\/p>\n<p>Terminou de editar as informa\u00e7\u00f5es da m\u00fasica? Aperte o bot\u00e3o de &#8216;pr\u00f3ximo&#8217; na barra superior, canto direito!<\/p>\n<div id=\"attachment_1251\" style=\"width: 680px\" class=\"wp-caption aligncenter\"><a href=\"https:\/\/i0.wp.com\/za.mus.br\/wp-content\/uploads\/edit-profile.jpg?ssl=1\"><img data-recalc-dims=\"1\" decoding=\"async\" aria-describedby=\"caption-attachment-1251\" class=\" wp-image-1251 \" title=\"M\u00fasica 'Met\u00e1fora' da banda Mundo \u00c1cido\" src=\"https:\/\/i0.wp.com\/za.mus.br\/wp-content\/uploads\/edit-profile.jpg?w=670&#038;ssl=1\" alt=\"\"  \/><\/a><p id=\"caption-attachment-1251\" class=\"wp-caption-text\">M\u00fasica &#8216;<a href=\"https:\/\/za.mus.br\/phonogram\/view\/1538\" target=\"_blank\">Met\u00e1fora<\/a>&#8216; da banda <a href=\"https:\/\/za.mus.br\/artist\/view\/152\" target=\"_blank\">Mundo \u00c1cido<\/a><\/p><\/div>\n<p>Em ambos os casos h\u00e1 uma indica\u00e7\u00e3o na cor amarela do que pode ser alterado que aparece quando voc\u00ea passar o mouse sobre o nome da m\u00fasica, por exemplo. A\u00ed, basta clicar onde ficou amarelo que voc\u00ea poder\u00e1 editar a informa\u00e7\u00e3o.<\/p>\n<p>Para edi\u00e7\u00e3o do nome ir\u00e1 aparecer um campo texto. Para a edi\u00e7\u00e3o do g\u00eanero musical aparecer\u00e1 uma combo box com diversos g\u00eaneros musicais. J\u00e1 para a bio e para as letras ir\u00e1 aparecer um campo maior com editor de html para que voc\u00ea possa formatar a letra com <strong>bold<\/strong>,\u00a0<em>it\u00e1lico\u00a0<\/em>e etc.<\/p>\n<p>O que acharam dessa dica? Boa? o que mais gostaria de ver?<\/p>\n","protected":false},"excerpt":{"rendered":"<p>Saiba como editar os metadados de suas m\u00fasicas num piscar de olhos com as novas atualiza\u00e7\u00f5es de perfil da Zamus e entregue mais valor para seus f\u00e3s!<\/p>\n","protected":false},"author":1,"featured_media":1257,"comment_status":"open","ping_status":"open","sticky":false,"template":"","format":"standard","meta":{"_jetpack_memberships_contains_paid_content":false,"footnotes":""},"categories":[1650],"tags":[],"class_list":["post-1250","post","type-post","status-publish","format-standard","has-post-thumbnail","hentry","category-tutoriais"],"yoast_head":"<!-- This site is optimized with the Yoast SEO plugin v27.4 - https:\/\/yoast.com\/product\/yoast-seo-wordpress\/ -->\n<title>Edi\u00e7\u00e3o em massa dos metadados das m\u00fasicas - Zamus<\/title>\n<meta name=\"description\" content=\"Saiba como editar os metadados de suas m\u00fasicas num piscar de olhos com as novas atualiza\u00e7\u00f5es de perfil da Zamus e entregue mais valor para seus f\u00e3s!\" \/>\n<meta name=\"robots\" content=\"index, follow, max-snippet:-1, max-image-preview:large, max-video-preview:-1\" \/>\n<link rel=\"canonical\" href=\"https:\/\/za.mus.br\/edicao-em-massa-dos-metadados-das-musicas\/\" \/>\n<meta property=\"og:locale\" content=\"en_US\" \/>\n<meta property=\"og:type\" content=\"article\" \/>\n<meta property=\"og:title\" content=\"Edi\u00e7\u00e3o em massa dos metadados das m\u00fasicas - Zamus\" \/>\n<meta property=\"og:description\" content=\"Saiba como editar os metadados de suas m\u00fasicas num piscar de olhos com as novas atualiza\u00e7\u00f5es de perfil da Zamus e entregue mais valor para seus f\u00e3s!\" \/>\n<meta property=\"og:url\" content=\"https:\/\/za.mus.br\/edicao-em-massa-dos-metadados-das-musicas\/\" \/>\n<meta property=\"og:site_name\" content=\"Zamus\" \/>\n<meta property=\"article:publisher\" content=\"http:\/\/facebook.com\/zamus\" \/>\n<meta property=\"article:published_time\" content=\"2013-03-19T13:00:31+00:00\" \/>\n<meta property=\"og:image\" content=\"https:\/\/i0.wp.com\/za.mus.br\/wp-content\/uploads\/z-btn-white.png?fit=820%2C820&ssl=1\" \/>\n\t<meta property=\"og:image:width\" content=\"820\" \/>\n\t<meta property=\"og:image:height\" content=\"820\" \/>\n\t<meta property=\"og:image:type\" content=\"image\/png\" \/>\n<meta name=\"author\" content=\"Guilherme Sampaio\" \/>\n<meta name=\"twitter:card\" content=\"summary_large_image\" \/>\n<meta name=\"twitter:creator\" content=\"@zamusbr\" \/>\n<meta name=\"twitter:site\" content=\"@zamusbr\" \/>\n<meta name=\"twitter:label1\" content=\"Written by\" \/>\n\t<meta name=\"twitter:data1\" content=\"Guilherme Sampaio\" \/>\n\t<meta name=\"twitter:label2\" content=\"Est. reading time\" \/>\n\t<meta name=\"twitter:data2\" content=\"3 minutes\" \/>\n<script type=\"application\/ld+json\" class=\"yoast-schema-graph\">{\"@context\":\"https:\\\/\\\/schema.org\",\"@graph\":[{\"@type\":\"Article\",\"@id\":\"https:\\\/\\\/za.mus.br\\\/edicao-em-massa-dos-metadados-das-musicas\\\/#article\",\"isPartOf\":{\"@id\":\"https:\\\/\\\/za.mus.br\\\/edicao-em-massa-dos-metadados-das-musicas\\\/\"},\"author\":{\"name\":\"Guilherme Sampaio\",\"@id\":\"https:\\\/\\\/za.mus.br\\\/#\\\/schema\\\/person\\\/612e3839d8a5e7580335410e173a7589\"},\"headline\":\"Edi\u00e7\u00e3o em massa dos metadados das m\u00fasicas\",\"datePublished\":\"2013-03-19T13:00:31+00:00\",\"mainEntityOfPage\":{\"@id\":\"https:\\\/\\\/za.mus.br\\\/edicao-em-massa-dos-metadados-das-musicas\\\/\"},\"wordCount\":562,\"commentCount\":0,\"image\":{\"@id\":\"https:\\\/\\\/za.mus.br\\\/edicao-em-massa-dos-metadados-das-musicas\\\/#primaryimage\"},\"thumbnailUrl\":\"\",\"articleSection\":[\"Tutoriais\"],\"inLanguage\":\"en-US\",\"potentialAction\":[{\"@type\":\"CommentAction\",\"name\":\"Comment\",\"target\":[\"https:\\\/\\\/za.mus.br\\\/edicao-em-massa-dos-metadados-das-musicas\\\/#respond\"]}]},{\"@type\":\"WebPage\",\"@id\":\"https:\\\/\\\/za.mus.br\\\/edicao-em-massa-dos-metadados-das-musicas\\\/\",\"url\":\"https:\\\/\\\/za.mus.br\\\/edicao-em-massa-dos-metadados-das-musicas\\\/\",\"name\":\"Edi\u00e7\u00e3o em massa dos metadados das m\u00fasicas - Zamus\",\"isPartOf\":{\"@id\":\"https:\\\/\\\/za.mus.br\\\/#website\"},\"primaryImageOfPage\":{\"@id\":\"https:\\\/\\\/za.mus.br\\\/edicao-em-massa-dos-metadados-das-musicas\\\/#primaryimage\"},\"image\":{\"@id\":\"https:\\\/\\\/za.mus.br\\\/edicao-em-massa-dos-metadados-das-musicas\\\/#primaryimage\"},\"thumbnailUrl\":\"\",\"datePublished\":\"2013-03-19T13:00:31+00:00\",\"author\":{\"@id\":\"https:\\\/\\\/za.mus.br\\\/#\\\/schema\\\/person\\\/612e3839d8a5e7580335410e173a7589\"},\"description\":\"Saiba como editar os metadados de suas m\u00fasicas num piscar de olhos com as novas atualiza\u00e7\u00f5es de perfil da Zamus e entregue mais valor para seus f\u00e3s!\",\"breadcrumb\":{\"@id\":\"https:\\\/\\\/za.mus.br\\\/edicao-em-massa-dos-metadados-das-musicas\\\/#breadcrumb\"},\"inLanguage\":\"en-US\",\"potentialAction\":[{\"@type\":\"ReadAction\",\"target\":[\"https:\\\/\\\/za.mus.br\\\/edicao-em-massa-dos-metadados-das-musicas\\\/\"]}]},{\"@type\":\"ImageObject\",\"inLanguage\":\"en-US\",\"@id\":\"https:\\\/\\\/za.mus.br\\\/edicao-em-massa-dos-metadados-das-musicas\\\/#primaryimage\",\"url\":\"\",\"contentUrl\":\"\"},{\"@type\":\"BreadcrumbList\",\"@id\":\"https:\\\/\\\/za.mus.br\\\/edicao-em-massa-dos-metadados-das-musicas\\\/#breadcrumb\",\"itemListElement\":[{\"@type\":\"ListItem\",\"position\":1,\"name\":\"In\u00edcio\",\"item\":\"https:\\\/\\\/za.mus.br\\\/en\\\/\"},{\"@type\":\"ListItem\",\"position\":2,\"name\":\"Edi\u00e7\u00e3o em massa dos metadados das m\u00fasicas\"}]},{\"@type\":\"WebSite\",\"@id\":\"https:\\\/\\\/za.mus.br\\\/#website\",\"url\":\"https:\\\/\\\/za.mus.br\\\/\",\"name\":\"Zamus\",\"description\":\"The New Music Market\",\"potentialAction\":[{\"@type\":\"SearchAction\",\"target\":{\"@type\":\"EntryPoint\",\"urlTemplate\":\"https:\\\/\\\/za.mus.br\\\/?s={search_term_string}\"},\"query-input\":{\"@type\":\"PropertyValueSpecification\",\"valueRequired\":true,\"valueName\":\"search_term_string\"}}],\"inLanguage\":\"en-US\"},{\"@type\":\"Person\",\"@id\":\"https:\\\/\\\/za.mus.br\\\/#\\\/schema\\\/person\\\/612e3839d8a5e7580335410e173a7589\",\"name\":\"Guilherme Sampaio\",\"image\":{\"@type\":\"ImageObject\",\"inLanguage\":\"en-US\",\"@id\":\"\\\/\\\/www.gravatar.com\\\/avatar\\\/c7366d47da589ca73e5ab9870f4f8e75?s=96&#038;r=g&#038;d=https%3A%2F%2Fza.mus.br%2Fwp-content%2Fthemes%2Fkleo-child%2Fimg%2Fz.avatar.red.jpg\",\"url\":\"\\\/\\\/www.gravatar.com\\\/avatar\\\/c7366d47da589ca73e5ab9870f4f8e75?s=96&#038;r=g&#038;d=https%3A%2F%2Fza.mus.br%2Fwp-content%2Fthemes%2Fkleo-child%2Fimg%2Fz.avatar.red.jpg\",\"contentUrl\":\"\\\/\\\/www.gravatar.com\\\/avatar\\\/c7366d47da589ca73e5ab9870f4f8e75?s=96&#038;r=g&#038;d=https%3A%2F%2Fza.mus.br%2Fwp-content%2Fthemes%2Fkleo-child%2Fimg%2Fz.avatar.red.jpg\",\"caption\":\"Guilherme Sampaio\"},\"sameAs\":[\"http:\\\/\\\/arqabs.com\"],\"url\":\"https:\\\/\\\/za.mus.br\\\/en\\\/author\\\/arqabs\\\/\"}]}<\/script>\n<!-- \/ Yoast SEO plugin. -->","yoast_head_json":{"title":"Edi\u00e7\u00e3o em massa dos metadados das m\u00fasicas - Zamus","description":"Saiba como editar os metadados de suas m\u00fasicas num piscar de olhos com as novas atualiza\u00e7\u00f5es de perfil da Zamus e entregue mais valor para seus f\u00e3s!","robots":{"index":"index","follow":"follow","max-snippet":"max-snippet:-1","max-image-preview":"max-image-preview:large","max-video-preview":"max-video-preview:-1"},"canonical":"https:\/\/za.mus.br\/edicao-em-massa-dos-metadados-das-musicas\/","og_locale":"en_US","og_type":"article","og_title":"Edi\u00e7\u00e3o em massa dos metadados das m\u00fasicas - Zamus","og_description":"Saiba como editar os metadados de suas m\u00fasicas num piscar de olhos com as novas atualiza\u00e7\u00f5es de perfil da Zamus e entregue mais valor para seus f\u00e3s!","og_url":"https:\/\/za.mus.br\/edicao-em-massa-dos-metadados-das-musicas\/","og_site_name":"Zamus","article_publisher":"http:\/\/facebook.com\/zamus","article_published_time":"2013-03-19T13:00:31+00:00","og_image":[{"width":820,"height":820,"url":"https:\/\/i0.wp.com\/za.mus.br\/wp-content\/uploads\/z-btn-white.png?fit=820%2C820&ssl=1","type":"image\/png"}],"author":"Guilherme Sampaio","twitter_card":"summary_large_image","twitter_creator":"@zamusbr","twitter_site":"@zamusbr","twitter_misc":{"Written by":"Guilherme Sampaio","Est. reading time":"3 minutes"},"schema":{"@context":"https:\/\/schema.org","@graph":[{"@type":"Article","@id":"https:\/\/za.mus.br\/edicao-em-massa-dos-metadados-das-musicas\/#article","isPartOf":{"@id":"https:\/\/za.mus.br\/edicao-em-massa-dos-metadados-das-musicas\/"},"author":{"name":"Guilherme Sampaio","@id":"https:\/\/za.mus.br\/#\/schema\/person\/612e3839d8a5e7580335410e173a7589"},"headline":"Edi\u00e7\u00e3o em massa dos metadados das m\u00fasicas","datePublished":"2013-03-19T13:00:31+00:00","mainEntityOfPage":{"@id":"https:\/\/za.mus.br\/edicao-em-massa-dos-metadados-das-musicas\/"},"wordCount":562,"commentCount":0,"image":{"@id":"https:\/\/za.mus.br\/edicao-em-massa-dos-metadados-das-musicas\/#primaryimage"},"thumbnailUrl":"","articleSection":["Tutoriais"],"inLanguage":"en-US","potentialAction":[{"@type":"CommentAction","name":"Comment","target":["https:\/\/za.mus.br\/edicao-em-massa-dos-metadados-das-musicas\/#respond"]}]},{"@type":"WebPage","@id":"https:\/\/za.mus.br\/edicao-em-massa-dos-metadados-das-musicas\/","url":"https:\/\/za.mus.br\/edicao-em-massa-dos-metadados-das-musicas\/","name":"Edi\u00e7\u00e3o em massa dos metadados das m\u00fasicas - Zamus","isPartOf":{"@id":"https:\/\/za.mus.br\/#website"},"primaryImageOfPage":{"@id":"https:\/\/za.mus.br\/edicao-em-massa-dos-metadados-das-musicas\/#primaryimage"},"image":{"@id":"https:\/\/za.mus.br\/edicao-em-massa-dos-metadados-das-musicas\/#primaryimage"},"thumbnailUrl":"","datePublished":"2013-03-19T13:00:31+00:00","author":{"@id":"https:\/\/za.mus.br\/#\/schema\/person\/612e3839d8a5e7580335410e173a7589"},"description":"Saiba como editar os metadados de suas m\u00fasicas num piscar de olhos com as novas atualiza\u00e7\u00f5es de perfil da Zamus e entregue mais valor para seus f\u00e3s!","breadcrumb":{"@id":"https:\/\/za.mus.br\/edicao-em-massa-dos-metadados-das-musicas\/#breadcrumb"},"inLanguage":"en-US","potentialAction":[{"@type":"ReadAction","target":["https:\/\/za.mus.br\/edicao-em-massa-dos-metadados-das-musicas\/"]}]},{"@type":"ImageObject","inLanguage":"en-US","@id":"https:\/\/za.mus.br\/edicao-em-massa-dos-metadados-das-musicas\/#primaryimage","url":"","contentUrl":""},{"@type":"BreadcrumbList","@id":"https:\/\/za.mus.br\/edicao-em-massa-dos-metadados-das-musicas\/#breadcrumb","itemListElement":[{"@type":"ListItem","position":1,"name":"In\u00edcio","item":"https:\/\/za.mus.br\/en\/"},{"@type":"ListItem","position":2,"name":"Edi\u00e7\u00e3o em massa dos metadados das m\u00fasicas"}]},{"@type":"WebSite","@id":"https:\/\/za.mus.br\/#website","url":"https:\/\/za.mus.br\/","name":"Zamus","description":"The New Music Market","potentialAction":[{"@type":"SearchAction","target":{"@type":"EntryPoint","urlTemplate":"https:\/\/za.mus.br\/?s={search_term_string}"},"query-input":{"@type":"PropertyValueSpecification","valueRequired":true,"valueName":"search_term_string"}}],"inLanguage":"en-US"},{"@type":"Person","@id":"https:\/\/za.mus.br\/#\/schema\/person\/612e3839d8a5e7580335410e173a7589","name":"Guilherme Sampaio","image":{"@type":"ImageObject","inLanguage":"en-US","@id":"\/\/www.gravatar.com\/avatar\/c7366d47da589ca73e5ab9870f4f8e75?s=96&#038;r=g&#038;d=https%3A%2F%2Fza.mus.br%2Fwp-content%2Fthemes%2Fkleo-child%2Fimg%2Fz.avatar.red.jpg","url":"\/\/www.gravatar.com\/avatar\/c7366d47da589ca73e5ab9870f4f8e75?s=96&#038;r=g&#038;d=https%3A%2F%2Fza.mus.br%2Fwp-content%2Fthemes%2Fkleo-child%2Fimg%2Fz.avatar.red.jpg","contentUrl":"\/\/www.gravatar.com\/avatar\/c7366d47da589ca73e5ab9870f4f8e75?s=96&#038;r=g&#038;d=https%3A%2F%2Fza.mus.br%2Fwp-content%2Fthemes%2Fkleo-child%2Fimg%2Fz.avatar.red.jpg","caption":"Guilherme Sampaio"},"sameAs":["http:\/\/arqabs.com"],"url":"https:\/\/za.mus.br\/en\/author\/arqabs\/"}]}},"jetpack_featured_media_url":"","featured_image_src":"https:\/\/za.mus.br\/wp-includes\/images\/media\/default.svg","jetpack_sharing_enabled":true,"_links":{"self":[{"href":"https:\/\/za.mus.br\/en\/wp-json\/wp\/v2\/posts\/1250","targetHints":{"allow":["GET"]}}],"collection":[{"href":"https:\/\/za.mus.br\/en\/wp-json\/wp\/v2\/posts"}],"about":[{"href":"https:\/\/za.mus.br\/en\/wp-json\/wp\/v2\/types\/post"}],"author":[{"embeddable":true,"href":"https:\/\/za.mus.br\/en\/wp-json\/wp\/v2\/users\/1"}],"replies":[{"embeddable":true,"href":"https:\/\/za.mus.br\/en\/wp-json\/wp\/v2\/comments?post=1250"}],"version-history":[{"count":0,"href":"https:\/\/za.mus.br\/en\/wp-json\/wp\/v2\/posts\/1250\/revisions"}],"wp:featuredmedia":[{"embeddable":true,"href":"https:\/\/za.mus.br\/en\/wp-json\/"}],"wp:attachment":[{"href":"https:\/\/za.mus.br\/en\/wp-json\/wp\/v2\/media?parent=1250"}],"wp:term":[{"taxonomy":"category","embeddable":true,"href":"https:\/\/za.mus.br\/en\/wp-json\/wp\/v2\/categories?post=1250"},{"taxonomy":"post_tag","embeddable":true,"href":"https:\/\/za.mus.br\/en\/wp-json\/wp\/v2\/tags?post=1250"}],"curies":[{"name":"wp","href":"https:\/\/api.w.org\/{rel}","templated":true}]}}