{"id":1422,"date":"2013-05-30T13:17:14","date_gmt":"2013-05-30T16:17:14","guid":{"rendered":"https:\/\/za.mus.br\/?p=1422"},"modified":"2013-05-30T13:17:14","modified_gmt":"2013-05-30T16:17:14","slug":"entrevista-noras-de-newton","status":"publish","type":"post","link":"https:\/\/za.mus.br\/en\/entrevista-noras-de-newton\/","title":{"rendered":"Entrevista: Noras de Newton"},"content":{"rendered":"<p><em>Os integrantes da banda <em><a href=\"https:\/\/za.mus.br\/artist\/view\/664\" target=\"_blank\">Noras de Newton<\/a><\/em>\u00a0falam um pouco sobre a evolu\u00e7\u00e3o e as influ\u00eancias do grupo, mas n\u00e3o deixam de comentar sobre o cen\u00e1rio independente.<\/em><\/p>\n<p style=\"text-align: center;\"><a href=\"https:\/\/i0.wp.com\/za.mus.br\/wp-content\/uploads\/Noras-de-Newton_Divulga%C3%A7%C3%A3o-1.jpg?ssl=1\"><img data-recalc-dims=\"1\" loading=\"lazy\" decoding=\"async\" class=\"size-full wp-image-1424 aligncenter\" alt=\"Banda Carioca fala de sua obra e cen\u00e1rio independente.\" src=\"https:\/\/i0.wp.com\/za.mus.br\/wp-content\/uploads\/Noras-de-Newton_Divulga%C3%A7%C3%A3o-1.jpg?resize=1024%2C683&#038;ssl=1\" width=\"1024\" height=\"683\" \/><\/a><\/p>\n<p><b>1) Noras de Newton \u00e9 um nome que soa simples mas tamb\u00e9m possui um \u2018Q\u2019 enigm\u00e1tico. Conte pra gente o porqu\u00ea do nome e conte um pouco da hist\u00f3ria da banda?<\/b><\/p>\n<p><b>\u00a0<\/b>Essa quest\u00e3o do nome \u00e9 um dos fatores que mais tem despertado a curiosidade da galera que se aproxima da gente.<\/p>\n<p>Pode parecer algo complexo relacionado \u00e0 F\u00edsica ou coisa parecida, mas \u00e9 algo bem mais simples que isso. Newton \u00e9 o nome do dono do est\u00fadio que a gente mais ensaiava no come\u00e7o da banda. Nessa \u00e9poca \u00e9ramos uma banda integrada somente por meninas e uma das primeiras bandas com esse tipo de forma\u00e7\u00e3o a ensaiar por l\u00e1. Ele sempre foi um cara muito legal com a gente e acabamos nos aproximando muito dele, dando margem a algumas brincadeiras. Dentre elas, os v\u00e1rios \u201ccasamentos arranjados\u201d que ele programava pra cada uma de n\u00f3s com o filho dele (repetindo: tudo parte de uma brincadeira). E foi assim que em um desses ensaios acabou surgindo o nome. Foi bem espont\u00e2neo.<\/p>\n<p>O Newton se amarrou tanto em saber que demos o nome da banda como uma \u201chomenagem\u201d que foi a partir dessa escolha que come\u00e7amos a ficar mais conhecidas na cena independente do Rio. Ele sempre falava da gente pra outras bandas e a galera ficava curiosa pra nos conhecer. Foi assim que come\u00e7aram a nos indicar pra alguns produtores de festivais independentes da cidade e a surgirem alguns shows.<\/p>\n<p>Foi nesse est\u00fadio tamb\u00e9m que surgiu parte das primeiras composi\u00e7\u00f5es da banda. A outra parte surgiu no apartamento da Ana Luiza (baixista). Ela tinha uma bateria completa e alguns &#8216;amps&#8217; no quarto. S\u00f3 precis\u00e1vamos levar as guitarras e o mic. Era uma &#8216;doidera&#8217;! At\u00e9 hoje n\u00e3o sabemos como os vizinhos nunca reclamaram da gente.<\/p>\n<p>Alguns anos depois surgiram as outras composi\u00e7\u00f5es e criamos o \u201c<a href=\"https:\/\/za.mus.br\/album\/view\/255\" target=\"_blank\">Superf\u00edcie<\/a>\u201d &#8211; que inclusive foi gravado nesse mesmo quarto da Ana e produzido pelo Dom Bloch, que fez um trabalho lindo e muito competente.<\/p>\n<p>&nbsp;<\/p>\n<p><b>2) O \u201cSuperf\u00edcie de 2013\u201d que rola aqui na Zamus \u00e9 um disco que demorou um pouco a acontecer.\u00a0 Isso se deu por quais motivos?<\/b><\/p>\n<p>\u00c9ramos cinco meninas com pouqu\u00edssima experi\u00eancia nesse meio e com um som ainda muito cru. Levamos um tempinho at\u00e9 come\u00e7armos a trabalhar melhor nossas influ\u00eancias, saber o que podia nos proporcionar uma melhor qualidade ao nosso som, a conhecer e poder investir em bons equipamentos e bons est\u00fadios de grava\u00e7\u00e3o. Tudo isso conta.<\/p>\n<p>&nbsp;<\/p>\n<p><b>3) O processo de amadurecimento da banda contribuiu pra essa demora , digamos, de um trabalho mais concreto?<\/b><\/p>\n<p>Com certeza. Come\u00e7amos muito cedo. T\u00ednhamos 16, 17 anos quando a banda surgiu com a primeira forma\u00e7\u00e3o. Com o tempo fomos amadurecendo nosso conhecimento, tanto do meio musical, quanto de vida. Conseguimos aprender e absorver muita coisa nova e positiva nesse percurso. No come\u00e7o tudo se tratava de fazer show, conseguir p\u00fablico, viver experi\u00eancias novas. Passamos por \u201cpoucas e boas\u201d, assim como a maioria das bandas independentes.<\/p>\n<p>Chegou uma hora que a empolga\u00e7\u00e3o diminuiu e passamos a refletir mais sobre o caminho que a banda tomaria. Paramos pra pensar e percebemos que o material que t\u00ednhamos n\u00e3o era o suficiente para alcan\u00e7armos uma proje\u00e7\u00e3o maior, um reconhecimento mais s\u00e9rio. Foi a\u00ed que decidimos parar pra criar algo mais concreto, s\u00e9rio e de qualidade. Todo esse processo nos ajudou muito e foi assim que acabou surgindo o \u201c<a href=\"https:\/\/za.mus.br\/album\/view\/255\" target=\"_blank\">Superf\u00edcie<\/a>\u201d.<\/p>\n<p>&nbsp;<\/p>\n<p><b>4) O som da banda me parece mais calmo no \u00faltimo trabalho , mais harm\u00f4nico e trabalhado. O que voc\u00eas t\u00eam ouvido de diferente que est\u00e1 influenciando o trabalho num todo?<\/b><\/p>\n<p>Aos poucos cada integrante foi trazendo de alguma forma uma influ\u00eancia pr\u00f3pria e tamb\u00e9m foi pesquisando a sua onda musical em novos sons. Com a ajuda de alguns amigos \u00edamos abrindo mais a cabe\u00e7a para ouvir determinadas bandas com mais aten\u00e7\u00e3o e \u00edamos trocando informa\u00e7\u00f5es. Tinha dias que nos reun\u00edamos na casa de alguns amigos &#8211; o Dan Correa foi um deles, que nos ajudou muito nesse lance de sonoridade \u2013 s\u00f3 pra ouvir m\u00fasicas, ver v\u00eddeo clipes e v\u00eddeos que de alguma forma mostravam o trabalho de determinado artista de maneira mais profunda.<\/p>\n<p>Faz\u00edamos isso principalmente com Red Hot Chilli Peppers, Foo Fighters, Queens of the Stone Age e Incubus \u2013 influ\u00eancias em comum a todas integrantes na \u00e9poca. No meio do caminho encontramos a bateria da Jimmy Eat World e as guitarras psicod\u00e9licas das rec\u00e9m-descobertas meninas da Warpaint, misturadas com as experimenta\u00e7\u00f5es dos Mutantes. Isso sem contar as influ\u00eancias brasileiras independentes da banda mineira Monno e da carioca Medulla.<\/p>\n<p>Hoje com a nova forma\u00e7\u00e3o e a entrada do Luiz (teclado), <a title=\"Nathanne\" href=\"https:\/\/za.mus.br\/user\/view\/406\" target=\"_blank\">Nathanne<\/a> (baixo) e Carol Chaves (guitarra) chegam novas influ\u00eancias. Algo moderno e eletr\u00f4nico como o \u00faltimo trabalho da Tegan and Sara, mas tamb\u00e9m o rock da Juliette and The Licks, da Taking Back Sunday e Artic Monkeys.<\/p>\n<p>\u00c9 uma &#8220;mistureba&#8221;\u00a0que agrega e adiciona muita coisa, de diferentes formas, ao nosso som. E vale ressaltar que nada nos fecha ou impede de ouvirmos outros sons, que podem vir dos mais diferentes estilos.<\/p>\n<p>&nbsp;<\/p>\n<p><b>5) O som pesado do rock em contraponto das letras mel\u00f3dicas \u00e9 um desafio para voc\u00eas? Ou isso surge naturalmente no processo de composi\u00e7\u00e3o?<\/b><\/p>\n<p>Surge naturalmente. Talvez seja o resultado dessa tal \u201cmistureba\u201d de influ\u00eancias que a gente comentou anteriormente.<\/p>\n<p>&nbsp;<\/p>\n<p><b>6) O cen\u00e1rio independente carioca tem algo de interessante? Citem alguma(s) banda(s) que voc\u00eas achem interessantes ou que estejam ouvindo?<\/b><\/p>\n<p>O cen\u00e1rio independente carioca \u00e9 muito rico. A todo momento surgem novos trabalhos e estamos sempre conhecendo novos sons, de excelente qualidade. Dentre eles temos o trabalho da Alice no Reino dos Suricates, o da Gente Estranha no Jardim, da Divisa, da Venice, da Trinka, dentre outras.<br \/>\n<b><\/b><\/p>\n<p>&nbsp;<\/p>\n<p><b>7) Do cen\u00e1rio carioca &#8211; voc\u00eas esperam algo? Querem chegar a algum lugar ou possuem alguma expectativa?\u00a0<\/b><\/p>\n<p>Esperamos que o cen\u00e1rio se expanda e que apare\u00e7am mais casas de shows com boa estrutura e menos produtores querendo explorar as bandas que est\u00e3o lutando por um espa\u00e7o. Uma uni\u00e3o entre as bandas tamb\u00e9m seria legal pra fortalecer a cena, com menos \u201cpanelinhas\u201d.<\/p>\n<p>Chegar a algum lugar \u00e9 o que todo mundo quer. Ser reconhecido pelo seu trabalho e viver de m\u00fasica. Expectativa tem que existir sempre, sem ela o sonho acaba morrendo; mas tudo em seu tempo certo. Queremos atingir novos p\u00fablicos, tocar em outros espa\u00e7os pra poder mostrar o nosso projeto. O lance \u00e9 buscar sempre fazer o melhor, claro, sem precisar passar por cima de ningu\u00e9m. Sabemos que ainda temos muito trabalho pela frente.<\/p>\n<p style=\"text-align: right;\">Por <a href=\"https:\/\/za.mus.br\/user\/view\/341\" target=\"_blank\">Marcio Mauricio<\/a><\/p>\n","protected":false},"excerpt":{"rendered":"<p>Os integrantes da banda Noras de Newton falam um pouco sobre a evolu\u00e7\u00e3o e as influ\u00eancias do grupo, mas n\u00e3o deixam de comentar sobre o cen\u00e1rio independente.<\/p>\n","protected":false},"author":1,"featured_media":1423,"comment_status":"open","ping_status":"open","sticky":false,"template":"","format":"standard","meta":{"_jetpack_memberships_contains_paid_content":false,"footnotes":""},"categories":[1648],"tags":[],"class_list":["post-1422","post","type-post","status-publish","format-standard","has-post-thumbnail","hentry","category-networking"],"yoast_head":"<!-- This site is optimized with the Yoast SEO plugin v27.5 - https:\/\/yoast.com\/product\/yoast-seo-wordpress\/ -->\n<title>Entrevista: Noras de Newton    - Zamus<\/title>\n<meta name=\"description\" content=\"Os integrantes da banda Noras de Newton falam um pouco sobre a evolu\u00e7\u00e3o e as influ\u00eancias do grupo, mas n\u00e3o deixam de comentar sobre o cen\u00e1rio independente.\" \/>\n<meta name=\"robots\" content=\"index, follow, max-snippet:-1, max-image-preview:large, max-video-preview:-1\" \/>\n<link rel=\"canonical\" href=\"https:\/\/za.mus.br\/entrevista-noras-de-newton\/\" \/>\n<meta property=\"og:locale\" content=\"en_US\" \/>\n<meta property=\"og:type\" content=\"article\" \/>\n<meta property=\"og:title\" content=\"Entrevista: Noras de Newton    - Zamus\" \/>\n<meta property=\"og:description\" content=\"Os integrantes da banda Noras de Newton falam um pouco sobre a evolu\u00e7\u00e3o e as influ\u00eancias do grupo, mas n\u00e3o deixam de comentar sobre o cen\u00e1rio independente.\" \/>\n<meta property=\"og:url\" content=\"https:\/\/za.mus.br\/entrevista-noras-de-newton\/\" \/>\n<meta property=\"og:site_name\" content=\"Zamus\" \/>\n<meta property=\"article:publisher\" content=\"http:\/\/facebook.com\/zamus\" \/>\n<meta property=\"article:published_time\" content=\"2013-05-30T16:17:14+00:00\" \/>\n<meta property=\"og:image\" content=\"https:\/\/i0.wp.com\/za.mus.br\/wp-content\/uploads\/z-btn-white.png?fit=820%2C820&ssl=1\" \/>\n\t<meta property=\"og:image:width\" content=\"820\" \/>\n\t<meta property=\"og:image:height\" content=\"820\" \/>\n\t<meta property=\"og:image:type\" content=\"image\/png\" \/>\n<meta name=\"author\" content=\"Guilherme Sampaio\" \/>\n<meta name=\"twitter:card\" content=\"summary_large_image\" \/>\n<meta name=\"twitter:creator\" content=\"@zamusbr\" \/>\n<meta name=\"twitter:site\" content=\"@zamusbr\" \/>\n<meta name=\"twitter:label1\" content=\"Written by\" \/>\n\t<meta name=\"twitter:data1\" content=\"Guilherme Sampaio\" \/>\n\t<meta name=\"twitter:label2\" content=\"Est. reading time\" \/>\n\t<meta name=\"twitter:data2\" content=\"6 minutes\" \/>\n<script type=\"application\/ld+json\" class=\"yoast-schema-graph\">{\"@context\":\"https:\\\/\\\/schema.org\",\"@graph\":[{\"@type\":\"Article\",\"@id\":\"https:\\\/\\\/za.mus.br\\\/entrevista-noras-de-newton\\\/#article\",\"isPartOf\":{\"@id\":\"https:\\\/\\\/za.mus.br\\\/entrevista-noras-de-newton\\\/\"},\"author\":{\"name\":\"Guilherme Sampaio\",\"@id\":\"https:\\\/\\\/za.mus.br\\\/#\\\/schema\\\/person\\\/612e3839d8a5e7580335410e173a7589\"},\"headline\":\"Entrevista: Noras de Newton\",\"datePublished\":\"2013-05-30T16:17:14+00:00\",\"mainEntityOfPage\":{\"@id\":\"https:\\\/\\\/za.mus.br\\\/entrevista-noras-de-newton\\\/\"},\"wordCount\":1181,\"commentCount\":0,\"image\":{\"@id\":\"https:\\\/\\\/za.mus.br\\\/entrevista-noras-de-newton\\\/#primaryimage\"},\"thumbnailUrl\":\"\",\"articleSection\":[\"Networking\"],\"inLanguage\":\"en-US\",\"potentialAction\":[{\"@type\":\"CommentAction\",\"name\":\"Comment\",\"target\":[\"https:\\\/\\\/za.mus.br\\\/entrevista-noras-de-newton\\\/#respond\"]}]},{\"@type\":\"WebPage\",\"@id\":\"https:\\\/\\\/za.mus.br\\\/entrevista-noras-de-newton\\\/\",\"url\":\"https:\\\/\\\/za.mus.br\\\/entrevista-noras-de-newton\\\/\",\"name\":\"Entrevista: Noras de Newton - Zamus\",\"isPartOf\":{\"@id\":\"https:\\\/\\\/za.mus.br\\\/#website\"},\"primaryImageOfPage\":{\"@id\":\"https:\\\/\\\/za.mus.br\\\/entrevista-noras-de-newton\\\/#primaryimage\"},\"image\":{\"@id\":\"https:\\\/\\\/za.mus.br\\\/entrevista-noras-de-newton\\\/#primaryimage\"},\"thumbnailUrl\":\"\",\"datePublished\":\"2013-05-30T16:17:14+00:00\",\"author\":{\"@id\":\"https:\\\/\\\/za.mus.br\\\/#\\\/schema\\\/person\\\/612e3839d8a5e7580335410e173a7589\"},\"description\":\"Os integrantes da banda Noras de Newton falam um pouco sobre a evolu\u00e7\u00e3o e as influ\u00eancias do grupo, mas n\u00e3o deixam de comentar sobre o cen\u00e1rio independente.\",\"breadcrumb\":{\"@id\":\"https:\\\/\\\/za.mus.br\\\/entrevista-noras-de-newton\\\/#breadcrumb\"},\"inLanguage\":\"en-US\",\"potentialAction\":[{\"@type\":\"ReadAction\",\"target\":[\"https:\\\/\\\/za.mus.br\\\/entrevista-noras-de-newton\\\/\"]}]},{\"@type\":\"ImageObject\",\"inLanguage\":\"en-US\",\"@id\":\"https:\\\/\\\/za.mus.br\\\/entrevista-noras-de-newton\\\/#primaryimage\",\"url\":\"\",\"contentUrl\":\"\"},{\"@type\":\"BreadcrumbList\",\"@id\":\"https:\\\/\\\/za.mus.br\\\/entrevista-noras-de-newton\\\/#breadcrumb\",\"itemListElement\":[{\"@type\":\"ListItem\",\"position\":1,\"name\":\"In\u00edcio\",\"item\":\"https:\\\/\\\/za.mus.br\\\/en\\\/\"},{\"@type\":\"ListItem\",\"position\":2,\"name\":\"Entrevista: Noras de Newton\"}]},{\"@type\":\"WebSite\",\"@id\":\"https:\\\/\\\/za.mus.br\\\/#website\",\"url\":\"https:\\\/\\\/za.mus.br\\\/\",\"name\":\"Zamus\",\"description\":\"The New Music Market\",\"potentialAction\":[{\"@type\":\"SearchAction\",\"target\":{\"@type\":\"EntryPoint\",\"urlTemplate\":\"https:\\\/\\\/za.mus.br\\\/?s={search_term_string}\"},\"query-input\":{\"@type\":\"PropertyValueSpecification\",\"valueRequired\":true,\"valueName\":\"search_term_string\"}}],\"inLanguage\":\"en-US\"},{\"@type\":\"Person\",\"@id\":\"https:\\\/\\\/za.mus.br\\\/#\\\/schema\\\/person\\\/612e3839d8a5e7580335410e173a7589\",\"name\":\"Guilherme Sampaio\",\"image\":{\"@type\":\"ImageObject\",\"inLanguage\":\"en-US\",\"@id\":\"\\\/\\\/www.gravatar.com\\\/avatar\\\/c7366d47da589ca73e5ab9870f4f8e75?s=96&#038;r=g&#038;d=https%3A%2F%2Fza.mus.br%2Fwp-content%2Fthemes%2Fkleo-child%2Fimg%2Fz.avatar.red.jpg\",\"url\":\"\\\/\\\/www.gravatar.com\\\/avatar\\\/c7366d47da589ca73e5ab9870f4f8e75?s=96&#038;r=g&#038;d=https%3A%2F%2Fza.mus.br%2Fwp-content%2Fthemes%2Fkleo-child%2Fimg%2Fz.avatar.red.jpg\",\"contentUrl\":\"\\\/\\\/www.gravatar.com\\\/avatar\\\/c7366d47da589ca73e5ab9870f4f8e75?s=96&#038;r=g&#038;d=https%3A%2F%2Fza.mus.br%2Fwp-content%2Fthemes%2Fkleo-child%2Fimg%2Fz.avatar.red.jpg\",\"caption\":\"Guilherme Sampaio\"},\"sameAs\":[\"http:\\\/\\\/arqabs.com\"],\"url\":\"https:\\\/\\\/za.mus.br\\\/en\\\/author\\\/arqabs\\\/\"}]}<\/script>\n<!-- \/ Yoast SEO plugin. -->","yoast_head_json":{"title":"Entrevista: Noras de Newton    - Zamus","description":"Os integrantes da banda Noras de Newton falam um pouco sobre a evolu\u00e7\u00e3o e as influ\u00eancias do grupo, mas n\u00e3o deixam de comentar sobre o cen\u00e1rio independente.","robots":{"index":"index","follow":"follow","max-snippet":"max-snippet:-1","max-image-preview":"max-image-preview:large","max-video-preview":"max-video-preview:-1"},"canonical":"https:\/\/za.mus.br\/entrevista-noras-de-newton\/","og_locale":"en_US","og_type":"article","og_title":"Entrevista: Noras de Newton    - Zamus","og_description":"Os integrantes da banda Noras de Newton falam um pouco sobre a evolu\u00e7\u00e3o e as influ\u00eancias do grupo, mas n\u00e3o deixam de comentar sobre o cen\u00e1rio independente.","og_url":"https:\/\/za.mus.br\/entrevista-noras-de-newton\/","og_site_name":"Zamus","article_publisher":"http:\/\/facebook.com\/zamus","article_published_time":"2013-05-30T16:17:14+00:00","og_image":[{"width":820,"height":820,"url":"https:\/\/i0.wp.com\/za.mus.br\/wp-content\/uploads\/z-btn-white.png?fit=820%2C820&ssl=1","type":"image\/png"}],"author":"Guilherme Sampaio","twitter_card":"summary_large_image","twitter_creator":"@zamusbr","twitter_site":"@zamusbr","twitter_misc":{"Written by":"Guilherme Sampaio","Est. reading time":"6 minutes"},"schema":{"@context":"https:\/\/schema.org","@graph":[{"@type":"Article","@id":"https:\/\/za.mus.br\/entrevista-noras-de-newton\/#article","isPartOf":{"@id":"https:\/\/za.mus.br\/entrevista-noras-de-newton\/"},"author":{"name":"Guilherme Sampaio","@id":"https:\/\/za.mus.br\/#\/schema\/person\/612e3839d8a5e7580335410e173a7589"},"headline":"Entrevista: Noras de Newton","datePublished":"2013-05-30T16:17:14+00:00","mainEntityOfPage":{"@id":"https:\/\/za.mus.br\/entrevista-noras-de-newton\/"},"wordCount":1181,"commentCount":0,"image":{"@id":"https:\/\/za.mus.br\/entrevista-noras-de-newton\/#primaryimage"},"thumbnailUrl":"","articleSection":["Networking"],"inLanguage":"en-US","potentialAction":[{"@type":"CommentAction","name":"Comment","target":["https:\/\/za.mus.br\/entrevista-noras-de-newton\/#respond"]}]},{"@type":"WebPage","@id":"https:\/\/za.mus.br\/entrevista-noras-de-newton\/","url":"https:\/\/za.mus.br\/entrevista-noras-de-newton\/","name":"Entrevista: Noras de Newton - Zamus","isPartOf":{"@id":"https:\/\/za.mus.br\/#website"},"primaryImageOfPage":{"@id":"https:\/\/za.mus.br\/entrevista-noras-de-newton\/#primaryimage"},"image":{"@id":"https:\/\/za.mus.br\/entrevista-noras-de-newton\/#primaryimage"},"thumbnailUrl":"","datePublished":"2013-05-30T16:17:14+00:00","author":{"@id":"https:\/\/za.mus.br\/#\/schema\/person\/612e3839d8a5e7580335410e173a7589"},"description":"Os integrantes da banda Noras de Newton falam um pouco sobre a evolu\u00e7\u00e3o e as influ\u00eancias do grupo, mas n\u00e3o deixam de comentar sobre o cen\u00e1rio independente.","breadcrumb":{"@id":"https:\/\/za.mus.br\/entrevista-noras-de-newton\/#breadcrumb"},"inLanguage":"en-US","potentialAction":[{"@type":"ReadAction","target":["https:\/\/za.mus.br\/entrevista-noras-de-newton\/"]}]},{"@type":"ImageObject","inLanguage":"en-US","@id":"https:\/\/za.mus.br\/entrevista-noras-de-newton\/#primaryimage","url":"","contentUrl":""},{"@type":"BreadcrumbList","@id":"https:\/\/za.mus.br\/entrevista-noras-de-newton\/#breadcrumb","itemListElement":[{"@type":"ListItem","position":1,"name":"In\u00edcio","item":"https:\/\/za.mus.br\/en\/"},{"@type":"ListItem","position":2,"name":"Entrevista: Noras de Newton"}]},{"@type":"WebSite","@id":"https:\/\/za.mus.br\/#website","url":"https:\/\/za.mus.br\/","name":"Zamus","description":"The New Music Market","potentialAction":[{"@type":"SearchAction","target":{"@type":"EntryPoint","urlTemplate":"https:\/\/za.mus.br\/?s={search_term_string}"},"query-input":{"@type":"PropertyValueSpecification","valueRequired":true,"valueName":"search_term_string"}}],"inLanguage":"en-US"},{"@type":"Person","@id":"https:\/\/za.mus.br\/#\/schema\/person\/612e3839d8a5e7580335410e173a7589","name":"Guilherme Sampaio","image":{"@type":"ImageObject","inLanguage":"en-US","@id":"\/\/www.gravatar.com\/avatar\/c7366d47da589ca73e5ab9870f4f8e75?s=96&#038;r=g&#038;d=https%3A%2F%2Fza.mus.br%2Fwp-content%2Fthemes%2Fkleo-child%2Fimg%2Fz.avatar.red.jpg","url":"\/\/www.gravatar.com\/avatar\/c7366d47da589ca73e5ab9870f4f8e75?s=96&#038;r=g&#038;d=https%3A%2F%2Fza.mus.br%2Fwp-content%2Fthemes%2Fkleo-child%2Fimg%2Fz.avatar.red.jpg","contentUrl":"\/\/www.gravatar.com\/avatar\/c7366d47da589ca73e5ab9870f4f8e75?s=96&#038;r=g&#038;d=https%3A%2F%2Fza.mus.br%2Fwp-content%2Fthemes%2Fkleo-child%2Fimg%2Fz.avatar.red.jpg","caption":"Guilherme Sampaio"},"sameAs":["http:\/\/arqabs.com"],"url":"https:\/\/za.mus.br\/en\/author\/arqabs\/"}]}},"jetpack_featured_media_url":"","featured_image_src":"https:\/\/za.mus.br\/wp-includes\/images\/media\/default.svg","jetpack_sharing_enabled":true,"_links":{"self":[{"href":"https:\/\/za.mus.br\/en\/wp-json\/wp\/v2\/posts\/1422","targetHints":{"allow":["GET"]}}],"collection":[{"href":"https:\/\/za.mus.br\/en\/wp-json\/wp\/v2\/posts"}],"about":[{"href":"https:\/\/za.mus.br\/en\/wp-json\/wp\/v2\/types\/post"}],"author":[{"embeddable":true,"href":"https:\/\/za.mus.br\/en\/wp-json\/wp\/v2\/users\/1"}],"replies":[{"embeddable":true,"href":"https:\/\/za.mus.br\/en\/wp-json\/wp\/v2\/comments?post=1422"}],"version-history":[{"count":0,"href":"https:\/\/za.mus.br\/en\/wp-json\/wp\/v2\/posts\/1422\/revisions"}],"wp:featuredmedia":[{"embeddable":true,"href":"https:\/\/za.mus.br\/en\/wp-json\/"}],"wp:attachment":[{"href":"https:\/\/za.mus.br\/en\/wp-json\/wp\/v2\/media?parent=1422"}],"wp:term":[{"taxonomy":"category","embeddable":true,"href":"https:\/\/za.mus.br\/en\/wp-json\/wp\/v2\/categories?post=1422"},{"taxonomy":"post_tag","embeddable":true,"href":"https:\/\/za.mus.br\/en\/wp-json\/wp\/v2\/tags?post=1422"}],"curies":[{"name":"wp","href":"https:\/\/api.w.org\/{rel}","templated":true}]}}