{"id":1954,"date":"2013-09-19T20:21:53","date_gmt":"2013-09-19T23:21:53","guid":{"rendered":"https:\/\/za.mus.br\/?p=1954"},"modified":"2015-07-22T16:17:03","modified_gmt":"2015-07-22T19:17:03","slug":"review-latexxx-de-fabio-l-caldeira","status":"publish","type":"post","link":"https:\/\/za.mus.br\/en\/review-latexxx-de-fabio-l-caldeira\/","title":{"rendered":"Review: Latexxx de Fabio L. Caldeira"},"content":{"rendered":"<p><em><strong><a title=\"Latexxx\" href=\"https:\/\/za.mus.br\/album\/view\/425\" target=\"_blank\">Latexxx<\/a>, primeiro album solo do guitarrista <a title=\"fabio\" href=\"https:\/\/za.mus.br\/artist\/view\/861\" target=\"_blank\">Fabio L. Caldeira<\/a> (ex- Os Imperfeitos) \u00e9 um disco de sonoridade complexa, que mistura elementos do rock, eletr\u00f4nico e psicodelia.<\/strong><\/em><\/p>\n<p><a href=\"https:\/\/i0.wp.com\/za.mus.br\/wp-content\/uploads\/425_400x1.jpg?ssl=1\"><img data-recalc-dims=\"1\" loading=\"lazy\" decoding=\"async\" class=\" wp-image-1961 alignleft\" alt=\"425_400x\" src=\"https:\/\/i0.wp.com\/za.mus.br\/wp-content\/uploads\/425_400x1.jpg?resize=320%2C320&#038;ssl=1\" width=\"320\" height=\"320\" \/><\/a><\/p>\n<p>O clima geral \u00e9 soturno e remete o ouvinte aos clubs de Essex, Manchester e, por que n\u00e3o, da velha Lapa. Imposs\u00edvel n\u00e3o lembrar de refer\u00eancias como Joy Division, Velvet Underground, Smiths e tamb\u00e9m da legi\u00e3o urbana quando se repara nos vocais quase que recitando letras em Portugu\u00eas.<\/p>\n<p>Para n\u00e3o dizer que <a title=\"latexxx\" href=\"https:\/\/za.mus.br\/album\/view\/425\" target=\"_blank\">Latexxx<\/a> \u00e9 completa madrugada, Fabio L. coloca um pouco de sol em seu disco com a boa balada &#8220;Ponto J\u00ea&#8221;, que apesar de mais leve n\u00e3o se desprende das guitarras distorcidas e da batida p\u00f3s-punk. O disco tb conta com muitas participa\u00e7\u00f5es. Destaque para os vocais femininos de Marcela Rosa e Luiza Machado em &#8220;<a title=\"factory\" href=\"https:\/\/za.mus.br\/phonogram\/view\/2066\" target=\"_blank\">Factory Gril<\/a>&#8221; e Jeana Kamil em &#8220;<a title=\"ganak\" href=\"https:\/\/za.mus.br\/phonogram\/view\/2071\" target=\"_blank\">GAnaK<\/a>&#8220;, dando um brilho sexy que at\u00e9 faz falta quando a m\u00fasica acaba e entra a seguinte.<\/p>\n<p>Se eu fosse Dj, contaria com faixas como &#8220;<a title=\"GP\" href=\"https:\/\/za.mus.br\/phonogram\/view\/2067\" target=\"_blank\">Gigante de Pedra<\/a>&#8221; e &#8220;<a title=\"gogo\" href=\"https:\/\/za.mus.br\/phonogram\/view\/2064\" target=\"_blank\">Go Go Grrrl<\/a>&#8221; no meu Set List. O som do cara deve funcionar muito bem nas pistas, assim tamb\u00e9m como em algum filme B filmado a noite em alguma grande cidade. Um disco foda, que de limpinho n\u00e3o tem nada. Ent\u00e3o se voc\u00ea ainda n\u00e3o se acha velho de mais para ouvir um bom disco de rock experimental, da o play em <a title=\"latexxx\" href=\"https:\/\/za.mus.br\/album\/view\/425\" target=\"_blank\">Latexxx<\/a> do <a title=\"fabio\" href=\"https:\/\/za.mus.br\/artist\/view\/861\" target=\"_blank\">Fabio L. Caldeira.<\/a><\/p>\n<p style=\"text-align: right;\"><a title=\"alex\" href=\"https:\/\/za.mus.br\/user\/view\/1139\" target=\"_blank\">Por Alex Guterres<\/a>.<\/p>\n","protected":false},"excerpt":{"rendered":"<p>Latexxx, primeiro album solo do guitarrista Fabio L. Caldeira (ex- Os Imperfeitos) \u00e9 um disco de sonoridade complexa, que mistura elementos do rock, eletr\u00f4nico e psicodelia.<\/p>\n","protected":false},"author":3,"featured_media":1959,"comment_status":"open","ping_status":"open","sticky":false,"template":"","format":"standard","meta":{"_jetpack_memberships_contains_paid_content":false,"footnotes":""},"categories":[1],"tags":[1652,1721,30,1720],"class_list":["post-1954","post","type-post","status-publish","format-standard","has-post-thumbnail","hentry","category-musica","tag-ar","tag-album","tag-fa-clube-oficial","tag-reviews"],"yoast_head":"<!-- This site is optimized with the Yoast SEO plugin v27.5 - https:\/\/yoast.com\/product\/yoast-seo-wordpress\/ -->\n<title>Latexxx de Fabio L. Caldeira - Zamus<\/title>\n<meta name=\"description\" content=\"Latexxx, primeiro album solo do guitarrista Fabio L. Caldeira \u00e9 um disco de sonoridade complexa, que mistura elementos do rock, eletr\u00f4nico e psicodelia.\" \/>\n<meta name=\"robots\" content=\"index, follow, max-snippet:-1, max-image-preview:large, max-video-preview:-1\" \/>\n<link rel=\"canonical\" href=\"https:\/\/za.mus.br\/review-latexxx-de-fabio-l-caldeira\/\" \/>\n<meta property=\"og:locale\" content=\"en_US\" \/>\n<meta property=\"og:type\" content=\"article\" \/>\n<meta property=\"og:title\" content=\"Latexxx de Fabio L. Caldeira - Zamus\" \/>\n<meta property=\"og:description\" content=\"Latexxx, primeiro album solo do guitarrista Fabio L. Caldeira \u00e9 um disco de sonoridade complexa, que mistura elementos do rock, eletr\u00f4nico e psicodelia.\" \/>\n<meta property=\"og:url\" content=\"https:\/\/za.mus.br\/review-latexxx-de-fabio-l-caldeira\/\" \/>\n<meta property=\"og:site_name\" content=\"Zamus\" \/>\n<meta property=\"article:publisher\" content=\"http:\/\/facebook.com\/zamus\" \/>\n<meta property=\"article:published_time\" content=\"2013-09-19T23:21:53+00:00\" \/>\n<meta property=\"article:modified_time\" content=\"2015-07-22T19:17:03+00:00\" \/>\n<meta property=\"og:image\" content=\"https:\/\/i0.wp.com\/za.mus.br\/wp-content\/uploads\/z-btn-white.png?fit=820%2C820&ssl=1\" \/>\n\t<meta property=\"og:image:width\" content=\"820\" \/>\n\t<meta property=\"og:image:height\" content=\"820\" \/>\n\t<meta property=\"og:image:type\" content=\"image\/png\" \/>\n<meta name=\"author\" content=\"M\u00e1rcio Mauricio\" \/>\n<meta name=\"twitter:card\" content=\"summary_large_image\" \/>\n<meta name=\"twitter:creator\" content=\"@zamusbr\" \/>\n<meta name=\"twitter:site\" content=\"@zamusbr\" \/>\n<meta name=\"twitter:label1\" content=\"Written by\" \/>\n\t<meta name=\"twitter:data1\" content=\"M\u00e1rcio Mauricio\" \/>\n\t<meta name=\"twitter:label2\" content=\"Est. reading time\" \/>\n\t<meta name=\"twitter:data2\" content=\"1 minute\" \/>\n<script type=\"application\/ld+json\" class=\"yoast-schema-graph\">{\"@context\":\"https:\\\/\\\/schema.org\",\"@graph\":[{\"@type\":\"Article\",\"@id\":\"https:\\\/\\\/za.mus.br\\\/review-latexxx-de-fabio-l-caldeira\\\/#article\",\"isPartOf\":{\"@id\":\"https:\\\/\\\/za.mus.br\\\/review-latexxx-de-fabio-l-caldeira\\\/\"},\"author\":{\"name\":\"M\u00e1rcio Mauricio\",\"@id\":\"https:\\\/\\\/za.mus.br\\\/#\\\/schema\\\/person\\\/698b109f064de49793fb80d0d1fcbbc6\"},\"headline\":\"Review: Latexxx de Fabio L. Caldeira\",\"datePublished\":\"2013-09-19T23:21:53+00:00\",\"dateModified\":\"2015-07-22T19:17:03+00:00\",\"mainEntityOfPage\":{\"@id\":\"https:\\\/\\\/za.mus.br\\\/review-latexxx-de-fabio-l-caldeira\\\/\"},\"wordCount\":257,\"commentCount\":0,\"image\":{\"@id\":\"https:\\\/\\\/za.mus.br\\\/review-latexxx-de-fabio-l-caldeira\\\/#primaryimage\"},\"thumbnailUrl\":\"\",\"keywords\":[\"A&amp;R\",\"Album\",\"F\u00e3 Clube Oficial\",\"Reviews\"],\"articleSection\":[\"M\u00fasica\"],\"inLanguage\":\"en-US\",\"potentialAction\":[{\"@type\":\"CommentAction\",\"name\":\"Comment\",\"target\":[\"https:\\\/\\\/za.mus.br\\\/review-latexxx-de-fabio-l-caldeira\\\/#respond\"]}]},{\"@type\":\"WebPage\",\"@id\":\"https:\\\/\\\/za.mus.br\\\/review-latexxx-de-fabio-l-caldeira\\\/\",\"url\":\"https:\\\/\\\/za.mus.br\\\/review-latexxx-de-fabio-l-caldeira\\\/\",\"name\":\"Latexxx de Fabio L. Caldeira - Zamus\",\"isPartOf\":{\"@id\":\"https:\\\/\\\/za.mus.br\\\/#website\"},\"primaryImageOfPage\":{\"@id\":\"https:\\\/\\\/za.mus.br\\\/review-latexxx-de-fabio-l-caldeira\\\/#primaryimage\"},\"image\":{\"@id\":\"https:\\\/\\\/za.mus.br\\\/review-latexxx-de-fabio-l-caldeira\\\/#primaryimage\"},\"thumbnailUrl\":\"\",\"datePublished\":\"2013-09-19T23:21:53+00:00\",\"dateModified\":\"2015-07-22T19:17:03+00:00\",\"author\":{\"@id\":\"https:\\\/\\\/za.mus.br\\\/#\\\/schema\\\/person\\\/698b109f064de49793fb80d0d1fcbbc6\"},\"description\":\"Latexxx, primeiro album solo do guitarrista Fabio L. Caldeira \u00e9 um disco de sonoridade complexa, que mistura elementos do rock, eletr\u00f4nico e psicodelia.\",\"breadcrumb\":{\"@id\":\"https:\\\/\\\/za.mus.br\\\/review-latexxx-de-fabio-l-caldeira\\\/#breadcrumb\"},\"inLanguage\":\"en-US\",\"potentialAction\":[{\"@type\":\"ReadAction\",\"target\":[\"https:\\\/\\\/za.mus.br\\\/review-latexxx-de-fabio-l-caldeira\\\/\"]}]},{\"@type\":\"ImageObject\",\"inLanguage\":\"en-US\",\"@id\":\"https:\\\/\\\/za.mus.br\\\/review-latexxx-de-fabio-l-caldeira\\\/#primaryimage\",\"url\":\"\",\"contentUrl\":\"\"},{\"@type\":\"BreadcrumbList\",\"@id\":\"https:\\\/\\\/za.mus.br\\\/review-latexxx-de-fabio-l-caldeira\\\/#breadcrumb\",\"itemListElement\":[{\"@type\":\"ListItem\",\"position\":1,\"name\":\"In\u00edcio\",\"item\":\"https:\\\/\\\/za.mus.br\\\/en\\\/\"},{\"@type\":\"ListItem\",\"position\":2,\"name\":\"Review: Latexxx de Fabio L. Caldeira\"}]},{\"@type\":\"WebSite\",\"@id\":\"https:\\\/\\\/za.mus.br\\\/#website\",\"url\":\"https:\\\/\\\/za.mus.br\\\/\",\"name\":\"Zamus\",\"description\":\"The New Music Market\",\"potentialAction\":[{\"@type\":\"SearchAction\",\"target\":{\"@type\":\"EntryPoint\",\"urlTemplate\":\"https:\\\/\\\/za.mus.br\\\/?s={search_term_string}\"},\"query-input\":{\"@type\":\"PropertyValueSpecification\",\"valueRequired\":true,\"valueName\":\"search_term_string\"}}],\"inLanguage\":\"en-US\"},{\"@type\":\"Person\",\"@id\":\"https:\\\/\\\/za.mus.br\\\/#\\\/schema\\\/person\\\/698b109f064de49793fb80d0d1fcbbc6\",\"name\":\"M\u00e1rcio Mauricio\",\"image\":{\"@type\":\"ImageObject\",\"inLanguage\":\"en-US\",\"@id\":\"\\\/\\\/www.gravatar.com\\\/avatar\\\/4071b149be52c0affcfae789c3205397?s=96&#038;r=g&#038;d=https%3A%2F%2Fza.mus.br%2Fwp-content%2Fthemes%2Fkleo-child%2Fimg%2Fz.avatar.red.jpg\",\"url\":\"\\\/\\\/www.gravatar.com\\\/avatar\\\/4071b149be52c0affcfae789c3205397?s=96&#038;r=g&#038;d=https%3A%2F%2Fza.mus.br%2Fwp-content%2Fthemes%2Fkleo-child%2Fimg%2Fz.avatar.red.jpg\",\"contentUrl\":\"\\\/\\\/www.gravatar.com\\\/avatar\\\/4071b149be52c0affcfae789c3205397?s=96&#038;r=g&#038;d=https%3A%2F%2Fza.mus.br%2Fwp-content%2Fthemes%2Fkleo-child%2Fimg%2Fz.avatar.red.jpg\",\"caption\":\"M\u00e1rcio Mauricio\"},\"url\":\"https:\\\/\\\/za.mus.br\\\/en\\\/author\\\/marcio-mauricio\\\/\"}]}<\/script>\n<!-- \/ Yoast SEO plugin. -->","yoast_head_json":{"title":"Latexxx de Fabio L. Caldeira - Zamus","description":"Latexxx, primeiro album solo do guitarrista Fabio L. Caldeira \u00e9 um disco de sonoridade complexa, que mistura elementos do rock, eletr\u00f4nico e psicodelia.","robots":{"index":"index","follow":"follow","max-snippet":"max-snippet:-1","max-image-preview":"max-image-preview:large","max-video-preview":"max-video-preview:-1"},"canonical":"https:\/\/za.mus.br\/review-latexxx-de-fabio-l-caldeira\/","og_locale":"en_US","og_type":"article","og_title":"Latexxx de Fabio L. Caldeira - Zamus","og_description":"Latexxx, primeiro album solo do guitarrista Fabio L. Caldeira \u00e9 um disco de sonoridade complexa, que mistura elementos do rock, eletr\u00f4nico e psicodelia.","og_url":"https:\/\/za.mus.br\/review-latexxx-de-fabio-l-caldeira\/","og_site_name":"Zamus","article_publisher":"http:\/\/facebook.com\/zamus","article_published_time":"2013-09-19T23:21:53+00:00","article_modified_time":"2015-07-22T19:17:03+00:00","og_image":[{"width":820,"height":820,"url":"https:\/\/i0.wp.com\/za.mus.br\/wp-content\/uploads\/z-btn-white.png?fit=820%2C820&ssl=1","type":"image\/png"}],"author":"M\u00e1rcio Mauricio","twitter_card":"summary_large_image","twitter_creator":"@zamusbr","twitter_site":"@zamusbr","twitter_misc":{"Written by":"M\u00e1rcio Mauricio","Est. reading time":"1 minute"},"schema":{"@context":"https:\/\/schema.org","@graph":[{"@type":"Article","@id":"https:\/\/za.mus.br\/review-latexxx-de-fabio-l-caldeira\/#article","isPartOf":{"@id":"https:\/\/za.mus.br\/review-latexxx-de-fabio-l-caldeira\/"},"author":{"name":"M\u00e1rcio Mauricio","@id":"https:\/\/za.mus.br\/#\/schema\/person\/698b109f064de49793fb80d0d1fcbbc6"},"headline":"Review: Latexxx de Fabio L. Caldeira","datePublished":"2013-09-19T23:21:53+00:00","dateModified":"2015-07-22T19:17:03+00:00","mainEntityOfPage":{"@id":"https:\/\/za.mus.br\/review-latexxx-de-fabio-l-caldeira\/"},"wordCount":257,"commentCount":0,"image":{"@id":"https:\/\/za.mus.br\/review-latexxx-de-fabio-l-caldeira\/#primaryimage"},"thumbnailUrl":"","keywords":["A&amp;R","Album","F\u00e3 Clube Oficial","Reviews"],"articleSection":["M\u00fasica"],"inLanguage":"en-US","potentialAction":[{"@type":"CommentAction","name":"Comment","target":["https:\/\/za.mus.br\/review-latexxx-de-fabio-l-caldeira\/#respond"]}]},{"@type":"WebPage","@id":"https:\/\/za.mus.br\/review-latexxx-de-fabio-l-caldeira\/","url":"https:\/\/za.mus.br\/review-latexxx-de-fabio-l-caldeira\/","name":"Latexxx de Fabio L. Caldeira - Zamus","isPartOf":{"@id":"https:\/\/za.mus.br\/#website"},"primaryImageOfPage":{"@id":"https:\/\/za.mus.br\/review-latexxx-de-fabio-l-caldeira\/#primaryimage"},"image":{"@id":"https:\/\/za.mus.br\/review-latexxx-de-fabio-l-caldeira\/#primaryimage"},"thumbnailUrl":"","datePublished":"2013-09-19T23:21:53+00:00","dateModified":"2015-07-22T19:17:03+00:00","author":{"@id":"https:\/\/za.mus.br\/#\/schema\/person\/698b109f064de49793fb80d0d1fcbbc6"},"description":"Latexxx, primeiro album solo do guitarrista Fabio L. Caldeira \u00e9 um disco de sonoridade complexa, que mistura elementos do rock, eletr\u00f4nico e psicodelia.","breadcrumb":{"@id":"https:\/\/za.mus.br\/review-latexxx-de-fabio-l-caldeira\/#breadcrumb"},"inLanguage":"en-US","potentialAction":[{"@type":"ReadAction","target":["https:\/\/za.mus.br\/review-latexxx-de-fabio-l-caldeira\/"]}]},{"@type":"ImageObject","inLanguage":"en-US","@id":"https:\/\/za.mus.br\/review-latexxx-de-fabio-l-caldeira\/#primaryimage","url":"","contentUrl":""},{"@type":"BreadcrumbList","@id":"https:\/\/za.mus.br\/review-latexxx-de-fabio-l-caldeira\/#breadcrumb","itemListElement":[{"@type":"ListItem","position":1,"name":"In\u00edcio","item":"https:\/\/za.mus.br\/en\/"},{"@type":"ListItem","position":2,"name":"Review: Latexxx de Fabio L. Caldeira"}]},{"@type":"WebSite","@id":"https:\/\/za.mus.br\/#website","url":"https:\/\/za.mus.br\/","name":"Zamus","description":"The New Music Market","potentialAction":[{"@type":"SearchAction","target":{"@type":"EntryPoint","urlTemplate":"https:\/\/za.mus.br\/?s={search_term_string}"},"query-input":{"@type":"PropertyValueSpecification","valueRequired":true,"valueName":"search_term_string"}}],"inLanguage":"en-US"},{"@type":"Person","@id":"https:\/\/za.mus.br\/#\/schema\/person\/698b109f064de49793fb80d0d1fcbbc6","name":"M\u00e1rcio Mauricio","image":{"@type":"ImageObject","inLanguage":"en-US","@id":"\/\/www.gravatar.com\/avatar\/4071b149be52c0affcfae789c3205397?s=96&#038;r=g&#038;d=https%3A%2F%2Fza.mus.br%2Fwp-content%2Fthemes%2Fkleo-child%2Fimg%2Fz.avatar.red.jpg","url":"\/\/www.gravatar.com\/avatar\/4071b149be52c0affcfae789c3205397?s=96&#038;r=g&#038;d=https%3A%2F%2Fza.mus.br%2Fwp-content%2Fthemes%2Fkleo-child%2Fimg%2Fz.avatar.red.jpg","contentUrl":"\/\/www.gravatar.com\/avatar\/4071b149be52c0affcfae789c3205397?s=96&#038;r=g&#038;d=https%3A%2F%2Fza.mus.br%2Fwp-content%2Fthemes%2Fkleo-child%2Fimg%2Fz.avatar.red.jpg","caption":"M\u00e1rcio Mauricio"},"url":"https:\/\/za.mus.br\/en\/author\/marcio-mauricio\/"}]}},"jetpack_featured_media_url":"","featured_image_src":"https:\/\/za.mus.br\/wp-includes\/images\/media\/default.svg","jetpack_sharing_enabled":true,"_links":{"self":[{"href":"https:\/\/za.mus.br\/en\/wp-json\/wp\/v2\/posts\/1954","targetHints":{"allow":["GET"]}}],"collection":[{"href":"https:\/\/za.mus.br\/en\/wp-json\/wp\/v2\/posts"}],"about":[{"href":"https:\/\/za.mus.br\/en\/wp-json\/wp\/v2\/types\/post"}],"author":[{"embeddable":true,"href":"https:\/\/za.mus.br\/en\/wp-json\/wp\/v2\/users\/3"}],"replies":[{"embeddable":true,"href":"https:\/\/za.mus.br\/en\/wp-json\/wp\/v2\/comments?post=1954"}],"version-history":[{"count":0,"href":"https:\/\/za.mus.br\/en\/wp-json\/wp\/v2\/posts\/1954\/revisions"}],"wp:featuredmedia":[{"embeddable":true,"href":"https:\/\/za.mus.br\/en\/wp-json\/"}],"wp:attachment":[{"href":"https:\/\/za.mus.br\/en\/wp-json\/wp\/v2\/media?parent=1954"}],"wp:term":[{"taxonomy":"category","embeddable":true,"href":"https:\/\/za.mus.br\/en\/wp-json\/wp\/v2\/categories?post=1954"},{"taxonomy":"post_tag","embeddable":true,"href":"https:\/\/za.mus.br\/en\/wp-json\/wp\/v2\/tags?post=1954"}],"curies":[{"name":"wp","href":"https:\/\/api.w.org\/{rel}","templated":true}]}}