{"id":2267,"date":"2014-02-13T13:43:44","date_gmt":"2014-02-13T16:43:44","guid":{"rendered":"https:\/\/za.mus.br\/?p=2267"},"modified":"2015-07-22T15:50:48","modified_gmt":"2015-07-22T18:50:48","slug":"onze-discos-2013-pra-voce-escutar-2014","status":"publish","type":"post","link":"https:\/\/za.mus.br\/en\/onze-discos-2013-pra-voce-escutar-2014\/","title":{"rendered":"Onze discos de 2013 pra voc\u00ea escutar em 2014!"},"content":{"rendered":"<p lang=\"pt-BR\" align=\"LEFT\"><em><strong>Fugindo do tradicional top 10, fa\u00e7o aqui uma retrospectiva dos onze discos que marcaram a cena independente no ano passado nos quatro cantos do Brasil.<\/strong><\/em><\/p>\n<p lang=\"pt-BR\" align=\"JUSTIFY\"><b>1- Finlandia \u2013 Dale<\/b><\/p>\n<p lang=\"pt-BR\" align=\"JUSTIFY\"><a href=\"https:\/\/i0.wp.com\/za.mus.br\/wp-content\/uploads\/dale.jpeg?ssl=1\"><img data-recalc-dims=\"1\" loading=\"lazy\" decoding=\"async\" class=\" wp-image-2268 alignleft\" alt=\"dale\" src=\"https:\/\/i0.wp.com\/za.mus.br\/wp-content\/uploads\/dale.jpeg?resize=135%2C134&#038;ssl=1\" width=\"135\" height=\"134\" \/><\/a>Duo formado por um brasileiro(Raphael Evangelista- violoncelo) e um argentino (Mauricio Candussi \u2013 acordeon, teclado e programa\u00e7\u00f5es) que misturam em seu som elementos da m\u00fasica tradicional dos dois pa\u00edses com uma pegada eletr\u00f4nica, no que eles chamam de Folk Eletr\u00f4nica. \u201cDale\u201d conta com participa\u00e7\u00e3o de m\u00fasicos de v\u00e1rios pa\u00edses, desde o Brasil at\u00e9 o Jap\u00e3o! Ficou curioso? Escute \u201cDale\u201d em: <a href=\"http:\/\/www.finlandiamusica.com\/\">www.finlandiamusica.com<\/a><\/p>\n<p align=\"JUSTIFY\">\u00a0<\/p>\n<p style=\"text-align: left;\" align=\"JUSTIFY\"><b><br \/>2- Coutto Orchestra \u2013 eletro FUN farra<\/b><\/p>\n<p align=\"JUSTIFY\"><a href=\"https:\/\/i0.wp.com\/za.mus.br\/wp-content\/uploads\/coutto.jpeg?ssl=1\"><img data-recalc-dims=\"1\" loading=\"lazy\" decoding=\"async\" class=\" wp-image-2269 alignleft\" alt=\"coutto\" src=\"https:\/\/i0.wp.com\/za.mus.br\/wp-content\/uploads\/coutto.jpeg?resize=135%2C135&#038;ssl=1\" width=\"135\" height=\"135\" \/><\/a>A micro big band natural de Aracaju, Sergipe lan\u00e7ou em 2013 seu \u00e1lbum de estr\u00e9ia. O excelente \u201celetro FUN farra\u201d rendeu para a banda lugar de cativo em diversas listas de melhores do ano (inclusive esta aqui!). O lan\u00e7amento impulsionou uma turn\u00ea bem agitada, passando por diversos estados do Brasil e tamb\u00e9m pela Col\u00f4mbia. O destaque fica para a faixa \u201cCorre\u201d que recebeu cr\u00edtica positiva na revista Rolling Stone. Confira o disco em: <a href=\"http:\/\/www.couttoorchestra.com.br\/\">www.<\/a><cite><a href=\"http:\/\/www.couttoorchestra.com.br\/\"><b>couttoorchestra<\/b><\/a><\/cite><cite><a href=\"http:\/\/www.couttoorchestra.com.br\/\">.com.br<\/a> <\/cite><\/p>\n<p>&nbsp;<\/p>\n<p align=\"JUSTIFY\"><b>3- Projeto Ccoma \u2013 Peregrino<\/b><\/p>\n<p align=\"JUSTIFY\"><a href=\"https:\/\/i0.wp.com\/za.mus.br\/wp-content\/uploads\/ccoma.jpeg?ssl=1\"><img data-recalc-dims=\"1\" loading=\"lazy\" decoding=\"async\" class=\" wp-image-2271 alignleft\" alt=\"ccoma\" src=\"https:\/\/i0.wp.com\/za.mus.br\/wp-content\/uploads\/ccoma.jpeg?resize=141%2C129&#038;ssl=1\" width=\"141\" height=\"129\" \/><\/a>O que falar do disco que ganhou o pr\u00eamio de m\u00fasica brasileira na categoria eletr\u00f4nica em 2013? Pra come\u00e7ar eu diria que nem s\u00f3 de computadores e sintetizadores \u00e9 feito o som o Projeto Ccoma. Alie isso ao trompete jazz\u00edstico de Roberto Scopel e a percuss\u00e3o \u00e9tnica de Swami Sagara. A dupla de Caxias do Sul costuma chamar essa mistura de \u201cFuture Jazz\u201d. Independente do r\u00f3tulo, \u201cPeregrino\u201d \u00e9 um disco que d\u00e1 gosto de ouvir da primeira a \u00faltima faixa. <cite><a href=\"http:\/\/www.projetoccoma.com\/\">www.<\/a><\/cite><cite><a href=\"http:\/\/www.projetoccoma.com\/\"><b>projetoccoma<\/b><\/a><\/cite><cite><a href=\"http:\/\/www.projetoccoma.com\/\">.<\/a><\/cite><cite><a href=\"http:\/\/www.projetoccoma.com\/\"><b>com<\/b><\/a><\/cite><cite><a href=\"http:\/\/www.projetoccoma.com\/\">\/<\/a> <\/cite><\/p>\n<p>&nbsp;<\/p>\n<p align=\"JUSTIFY\"><b>4- Anjo Gabriel \u2013 Lucifer Rising<\/b><\/p>\n<p align=\"JUSTIFY\"><a href=\"https:\/\/i0.wp.com\/za.mus.br\/wp-content\/uploads\/lucifer.jpg?ssl=1\"><img data-recalc-dims=\"1\" loading=\"lazy\" decoding=\"async\" class=\" wp-image-2275 alignleft\" alt=\"lucifer\" src=\"https:\/\/i0.wp.com\/za.mus.br\/wp-content\/uploads\/lucifer.jpg?resize=120%2C120&#038;ssl=1\" width=\"120\" height=\"120\" \/><\/a>Segundo disco lan\u00e7ado em vinil pelo quarteto psicod\u00e9lico de Recife\/PE. Pois \u00e9, faz tempo que os tambores do maracatu deram lugar outras sonoridades na terra do Mangue Beat. Livremente inspirado nas pedradas do Pink Floyd, Yes, e do raro Pa\u00eabir\u00fa, de Z\u00e9 Ramalho e Lula C\u00f4rtes, \u201cLucifer Rising\u201d \u00e9 uma \u00f3tima pedida pra quem pira na psicodelia dos anos 60\/70. A vers\u00e3o virtual do disco est\u00e1 dispon\u00edvel em: <a href=\"https:\/\/soundcloud.com\/anjogabriel\">https:\/\/soundcloud.com\/anjogabriel<\/a><\/p>\n<p>&nbsp;<\/p>\n<p>&nbsp;<\/p>\n<p align=\"JUSTIFY\"><b>5- <a title=\"fabio\" href=\"https:\/\/za.mus.br\/artist\/view\/861\" target=\"_blank\">Fabio L Caldeira <\/a>\u2013 Late<\/b><strong>xxx<\/strong><\/p>\n<p align=\"JUSTIFY\"><strong><a href=\"https:\/\/i0.wp.com\/za.mus.br\/wp-content\/uploads\/latexxx.jpeg?ssl=1\"><img data-recalc-dims=\"1\" loading=\"lazy\" decoding=\"async\" class=\" wp-image-2274 alignleft\" alt=\"latexxx\" src=\"https:\/\/i0.wp.com\/za.mus.br\/wp-content\/uploads\/latexxx.jpeg?resize=135%2C135&#038;ssl=1\" width=\"135\" height=\"135\" \/><\/a>\u201c<span style=\"font-family: Times New Roman,serif;\"><span style=\"font-size: medium;\">Latexxx\u201d<\/span><\/span><\/strong><strong><span style=\"font-family: Times New Roman,serif;\"><span style=\"font-size: medium;\">, primeiro \u00e1lbum solo do guitarrista carioca<\/span><\/span><\/strong><strong><span style=\"color: #000000;\"><span style=\"font-family: Times New Roman,serif;\"><span style=\"font-size: medium;\"> Fabio L. Caldeira <\/span><\/span><\/span><\/strong><strong><span style=\"font-family: Times New Roman,serif;\"><span style=\"font-size: medium;\">(ex- Os Imperfeitos) \u00e9 um disco de sonoridade complexa, que mistura elementos do rock, eletr\u00f4nico e psicodelia<\/span><\/span><\/strong><span style=\"font-family: Times New Roman,serif;\"><span style=\"font-size: medium;\"> e remete o <\/span><\/span><span style=\"font-family: Times New Roman,serif;\"><span style=\"font-size: medium;\">ouvinte aos pub&#8217;s de Essex, Manchester e, por que n\u00e3o, da velha Lapa.<\/span><\/span><span style=\"font-family: Times New Roman,serif;\"><span style=\"font-size: medium;\">O som do cara deve funcionar muito bem nas pistas, assim tamb\u00e9m como em algum filme B filmado a noite em alguma grande cidade. Um disco foda, que de limpinho n\u00e3o tem nada. Confira voc\u00ea mesmo em: <\/span><\/span><a href=\"https:\/\/za.mus.br\/album\/view\/425\"><span style=\"font-family: Times New Roman,serif;\"><span style=\"font-size: medium;\">https:\/\/za.mus.br\/album\/view\/425<\/span><\/span><\/a><\/p>\n<p align=\"JUSTIFY\">\u00a0<\/p>\n<p align=\"JUSTIFY\"><b>6- Wander Wildner \u2013 Mocochinchi Folksom<\/b><\/p>\n<p align=\"JUSTIFY\"><a href=\"https:\/\/i0.wp.com\/za.mus.br\/wp-content\/uploads\/wamder.jpeg?ssl=1\"><img data-recalc-dims=\"1\" loading=\"lazy\" decoding=\"async\" class=\" wp-image-2278 alignleft\" alt=\"wamder\" src=\"https:\/\/i0.wp.com\/za.mus.br\/wp-content\/uploads\/wamder.jpeg?resize=135%2C135&#038;ssl=1\" width=\"135\" height=\"135\" \/><\/a>Novo \u00e1lbum de in\u00e9ditas do ga\u00facho Wander Wildner (Replicantes). O disco lan\u00e7ado em vinil, CD e virtual, vem com oito m\u00fasicas que, segundo ele, foram todas compostas durante o ver\u00e3o, em Porto Alegre. O cara sempre teve um estilo pr\u00f3prio e em \u201cMocochinchi Folksom\u201d Wander prova que ainda est\u00e1 em plena forma. Para mais: <cite><a href=\"http:\/\/www.wanderwildner.com.br\/\">www.<\/a><\/cite><cite><a href=\"http:\/\/www.wanderwildner.com.br\/\"><b>wander<\/b><\/a><\/cite><cite><a href=\"http:\/\/www.wanderwildner.com.br\/\">wildner.com.br\/<\/a><\/cite><cite> <\/cite><\/p>\n<p lang=\"pt-BR\">\u00a0<\/p>\n<p lang=\"pt-BR\" align=\"LEFT\">\u00a0<\/p>\n<p lang=\"pt-BR\" align=\"LEFT\"><b>7- The Baggios \u2013 Sina<br \/><\/b><a href=\"https:\/\/i0.wp.com\/za.mus.br\/wp-content\/uploads\/sina.jpeg?ssl=1\"><img data-recalc-dims=\"1\" loading=\"lazy\" decoding=\"async\" class=\" wp-image-2276 alignleft\" alt=\"sina\" src=\"https:\/\/i0.wp.com\/za.mus.br\/wp-content\/uploads\/sina.jpeg?resize=135%2C135&#038;ssl=1\" width=\"135\" height=\"135\" \/><\/a>O guitarrista e vocalista J\u00falio Andrade e o baterista Gabriel Carvalho formam o duo sergipano The Baggios. Em meados de 2013 lan\u00e7aram o disco \u201cSina\u201d onde p\u00f5em no liquidificador o blues, o rock e suas influ\u00eancias regionais. O resultado s\u00e3o 12 faixas de pura atitude! \u201cSina\u201d est\u00e1 dispon\u00edvel para download no site da banda: <a href=\"http:\/\/www.thebaggios.com.br\/\">www.thebaggios.com.br<\/a><\/p>\n<p lang=\"pt-BR\">\u00a0<\/p>\n<p lang=\"pt-BR\">\u00a0<\/p>\n<p lang=\"pt-BR\" align=\"JUSTIFY\"><b>8- Juvenil Silva \u2013 Desapego<\/b><\/p>\n<p lang=\"pt-BR\" align=\"JUSTIFY\"><a href=\"https:\/\/i0.wp.com\/za.mus.br\/wp-content\/uploads\/juven.jpeg?ssl=1\"><img data-recalc-dims=\"1\" loading=\"lazy\" decoding=\"async\" class=\" wp-image-2273 alignleft\" alt=\"juven\" src=\"https:\/\/i0.wp.com\/za.mus.br\/wp-content\/uploads\/juven.jpeg?resize=135%2C135&#038;ssl=1\" width=\"135\" height=\"135\" \/><\/a>Quem \u00e9 de Recife tem que concordar que \u201cDesapego\u201d, primeiro disco solo do m\u00fasico Juvenil Silva, causou um reboli\u00e7o na cena local, com sua linguagem f\u00e1cil e direta, t\u00edpica do bom e velho rock n&#8217;roll. Assim mesmo, sem rodeios, Juvenil conseguiu fazer com que seu disco n\u00e3o s\u00f3 marcasse o ano de 2013 em sua terra natal, mas tamb\u00e9m chamasse a aten\u00e7\u00e3o do pa\u00eds como uma boa promessa da m\u00fasica pop. Olho(ouvido) nele! <a href=\"https:\/\/soundcloud.com\/juvenilsilva\/sets\">https:\/\/soundcloud.com\/juvenilsilva\/sets<\/a><\/p>\n<p>&nbsp;<\/p>\n<p><b>9- Vanguart \u2013 Muto mais que o amor.<\/b><\/p>\n<p><a href=\"https:\/\/i0.wp.com\/za.mus.br\/wp-content\/uploads\/vang.jpeg?ssl=1\"><img data-recalc-dims=\"1\" loading=\"lazy\" decoding=\"async\" class=\"wp-image-2277 alignleft\" alt=\"vang\" src=\"https:\/\/i0.wp.com\/za.mus.br\/wp-content\/uploads\/vang.jpeg?resize=135%2C135&#038;ssl=1\" width=\"135\" height=\"135\" \/><\/a>O t\u00edtulo pode soar pretensioso, por\u00e9m \u201cMuito mais que o amor\u201d \u00e9 um disco que promove a reflex\u00e3o sobre as coisas simples da vida que circundam esse sentimento t\u00e3o grandioso. Com can\u00e7\u00f5es curtas (o disco tem apenas meia hora) e a j\u00e1 caracter\u00edstica levada Folk refor\u00e7ada com a presen\u00e7a feminina da violinista Fernanda Kostchak , os garotos do Mato Grosso, agora residentes em SP, d\u00e3o a cara a tapa e p\u00f5e na pra\u00e7a seu terceiro disco de est\u00fadio. Ou\u00e7a: <cite><a href=\"http:\/\/www.vanguart.com.br\/\">www.<\/a><\/cite><cite><a href=\"http:\/\/www.vanguart.com.br\/\"><b>vanguart<\/b><\/a><\/cite><cite><a href=\"http:\/\/www.vanguart.com.br\/\">.com.br\/<\/a><\/cite>\u200e<\/p>\n<p lang=\"pt-BR\" align=\"JUSTIFY\">\u00a0<\/p>\n<p><b>10- Siba \u2013 Avante<\/b><\/p>\n<p align=\"LEFT\"><a href=\"https:\/\/i0.wp.com\/za.mus.br\/wp-content\/uploads\/avante.jpeg?ssl=1\"><img data-recalc-dims=\"1\" loading=\"lazy\" decoding=\"async\" class=\" wp-image-2270 alignleft\" alt=\"avante\" src=\"https:\/\/i0.wp.com\/za.mus.br\/wp-content\/uploads\/avante.jpeg?resize=142%2C128&#038;ssl=1\" width=\"142\" height=\"128\" \/><\/a>Fruto de um evidente processo de reinven\u00e7\u00e3o do artista, \u201cAvante\u201d revela a faceta l\u00edrica e com muito apelo pop do pernambucano Siba. Apesar de j\u00e1 demonstrar seus dotes como guitarrista desde os tempos do Mestre Ambr\u00f3sio, em \u201cAvante\u201d a qualidade de Siba empunhando o instrumento foi sacramentada. As can\u00e7\u00f5es s\u00e3o marcadas pela poesia forte, nos levando a uma longa viagem em alto mar. <cite><a href=\"http:\/\/www.finaproducao.com.br\/siba-avante-2\/\">www.finaproducao.com.br\/<\/a><\/cite><cite><a href=\"http:\/\/www.finaproducao.com.br\/siba-avante-2\/\"><b>siba<\/b><\/a><\/cite><cite><a href=\"http:\/\/www.finaproducao.com.br\/siba-avante-2\/\">&#8211;<\/a><\/cite><cite><a href=\"http:\/\/www.finaproducao.com.br\/siba-avante-2\/\"><b>avante<\/b><\/a><\/cite><cite><a href=\"http:\/\/www.finaproducao.com.br\/siba-avante-2\/\">-2\/<\/a> <\/cite><\/p>\n<p>&nbsp;<\/p>\n<p><b>11- <\/b><em><b>Felipe Cordeiro<\/b><\/em><b> &#8211; Se Apaixone Pela Loucura Do Seu Amor<\/b><\/p>\n<p><a href=\"https:\/\/i0.wp.com\/za.mus.br\/wp-content\/uploads\/felipe-cord.jpeg?ssl=1\"><img data-recalc-dims=\"1\" loading=\"lazy\" decoding=\"async\" class=\" wp-image-2272 alignleft\" alt=\"felipe cord\" src=\"https:\/\/i0.wp.com\/za.mus.br\/wp-content\/uploads\/felipe-cord.jpeg?resize=135%2C135&#038;ssl=1\" width=\"135\" height=\"135\" \/><\/a>Carimb\u00f3, guitarrada, brega e lambada s\u00e3o elementos predominantes no \u00f3timo \u201cSe apaixone pela loucura do seu amor\u201d do paraense Felipe Cordeiro. N\u00e3o \u00e9 de hoje que o artista \u00e9 reconhecido como uma das principais figuras da m\u00fasica do Norte do pa\u00eds. Agora mais maduro, essa afirma\u00e7\u00e3o se torna mais do que justa. Seu disco pode ser ouvido em: <a href=\"https:\/\/soundcloud.com\/felipecordeiropa\">https:\/\/soundcloud.com\/felipecordeiropa<\/a><\/p>\n<p>&nbsp;<\/p>\n<p>&nbsp;<\/p>\n<p lang=\"pt-BR\" align=\"JUSTIFY\">A ordem dessa lista n\u00e3o seguiu um crit\u00e9rio de prefer\u00eancia ou import\u00e2ncia. Independente de gosto ou estilo, acredito que todos os discos aqui citados s\u00e3o relevantes para mapear o que vem sendo produzido de forma honesta Brasil a fora. \u00c9 claro que v\u00e1rios outros discos tamb\u00e9m mereciam ter sido mencionados, por isso fique a vontade para sugerir, comentar e opinar!<\/p>\n<p lang=\"pt-BR\" align=\"RIGHT\"><em><strong>Por: Alex Guterres.<\/strong><\/em><\/p>\n","protected":false},"excerpt":{"rendered":"<p>Fugindo do tradicional top 10, fa\u00e7o aqui uma retrospectiva dos onze discos que marcaram a cena independente no ano passado nos quatro cantos do Brasil.<\/p>\n","protected":false},"author":4,"featured_media":2283,"comment_status":"open","ping_status":"open","sticky":false,"template":"","format":"standard","meta":{"_jetpack_memberships_contains_paid_content":false,"footnotes":""},"categories":[1,1648,7],"tags":[],"class_list":["post-2267","post","type-post","status-publish","format-standard","has-post-thumbnail","hentry","category-musica","category-networking","category-noticias"],"yoast_head":"<!-- This site is optimized with the Yoast SEO plugin v27.5 - https:\/\/yoast.com\/product\/yoast-seo-wordpress\/ -->\n<title>Onze discos de 2013 pra voc\u00ea escutar em 2014! - Zamus<\/title>\n<meta name=\"description\" content=\"Fugindo do tradicional top 10, fa\u00e7o aqui uma retrospectiva dos onze discos que marcaram a cena independente no ano passado nos quatro cantos do Brasil.\" \/>\n<meta name=\"robots\" content=\"index, follow, max-snippet:-1, max-image-preview:large, max-video-preview:-1\" \/>\n<link rel=\"canonical\" href=\"https:\/\/za.mus.br\/onze-discos-2013-pra-voce-escutar-2014\/\" \/>\n<meta property=\"og:locale\" content=\"en_US\" \/>\n<meta property=\"og:type\" content=\"article\" \/>\n<meta property=\"og:title\" content=\"Onze discos de 2013 pra voc\u00ea escutar em 2014! - Zamus\" \/>\n<meta property=\"og:description\" content=\"Fugindo do tradicional top 10, fa\u00e7o aqui uma retrospectiva dos onze discos que marcaram a cena independente no ano passado nos quatro cantos do Brasil.\" \/>\n<meta property=\"og:url\" content=\"https:\/\/za.mus.br\/onze-discos-2013-pra-voce-escutar-2014\/\" \/>\n<meta property=\"og:site_name\" content=\"Zamus\" \/>\n<meta property=\"article:publisher\" content=\"http:\/\/facebook.com\/zamus\" \/>\n<meta property=\"article:author\" content=\"http:\/\/www.facebook.com\/100001911458925\" \/>\n<meta property=\"article:published_time\" content=\"2014-02-13T16:43:44+00:00\" \/>\n<meta property=\"article:modified_time\" content=\"2015-07-22T18:50:48+00:00\" \/>\n<meta property=\"og:image\" content=\"https:\/\/i0.wp.com\/za.mus.br\/wp-content\/uploads\/z-btn-white.png?fit=820%2C820&ssl=1\" \/>\n\t<meta property=\"og:image:width\" content=\"820\" \/>\n\t<meta property=\"og:image:height\" content=\"820\" \/>\n\t<meta property=\"og:image:type\" content=\"image\/png\" \/>\n<meta name=\"author\" content=\"Guilherme Sampaio\" \/>\n<meta name=\"twitter:card\" content=\"summary_large_image\" \/>\n<meta name=\"twitter:creator\" content=\"@melhergui8\" \/>\n<meta name=\"twitter:site\" content=\"@zamusbr\" \/>\n<meta name=\"twitter:label1\" content=\"Written by\" \/>\n\t<meta name=\"twitter:data1\" content=\"Guilherme Sampaio\" \/>\n\t<meta name=\"twitter:label2\" content=\"Est. reading time\" \/>\n\t<meta name=\"twitter:data2\" content=\"5 minutes\" \/>\n<script type=\"application\/ld+json\" class=\"yoast-schema-graph\">{\"@context\":\"https:\\\/\\\/schema.org\",\"@graph\":[{\"@type\":\"Article\",\"@id\":\"https:\\\/\\\/za.mus.br\\\/onze-discos-2013-pra-voce-escutar-2014\\\/#article\",\"isPartOf\":{\"@id\":\"https:\\\/\\\/za.mus.br\\\/onze-discos-2013-pra-voce-escutar-2014\\\/\"},\"author\":{\"name\":\"Guilherme Sampaio\",\"@id\":\"https:\\\/\\\/za.mus.br\\\/#\\\/schema\\\/person\\\/747d337c5ee2aeb6ae28ebba8b79d04d\"},\"headline\":\"Onze discos de 2013 pra voc\u00ea escutar em 2014!\",\"datePublished\":\"2014-02-13T16:43:44+00:00\",\"dateModified\":\"2015-07-22T18:50:48+00:00\",\"mainEntityOfPage\":{\"@id\":\"https:\\\/\\\/za.mus.br\\\/onze-discos-2013-pra-voce-escutar-2014\\\/\"},\"wordCount\":1024,\"commentCount\":0,\"image\":{\"@id\":\"https:\\\/\\\/za.mus.br\\\/onze-discos-2013-pra-voce-escutar-2014\\\/#primaryimage\"},\"thumbnailUrl\":\"\",\"articleSection\":[\"M\u00fasica\",\"Networking\",\"Not\u00edcias\"],\"inLanguage\":\"en-US\",\"potentialAction\":[{\"@type\":\"CommentAction\",\"name\":\"Comment\",\"target\":[\"https:\\\/\\\/za.mus.br\\\/onze-discos-2013-pra-voce-escutar-2014\\\/#respond\"]}]},{\"@type\":\"WebPage\",\"@id\":\"https:\\\/\\\/za.mus.br\\\/onze-discos-2013-pra-voce-escutar-2014\\\/\",\"url\":\"https:\\\/\\\/za.mus.br\\\/onze-discos-2013-pra-voce-escutar-2014\\\/\",\"name\":\"Onze discos de 2013 pra voc\u00ea escutar em 2014! - Zamus\",\"isPartOf\":{\"@id\":\"https:\\\/\\\/za.mus.br\\\/#website\"},\"primaryImageOfPage\":{\"@id\":\"https:\\\/\\\/za.mus.br\\\/onze-discos-2013-pra-voce-escutar-2014\\\/#primaryimage\"},\"image\":{\"@id\":\"https:\\\/\\\/za.mus.br\\\/onze-discos-2013-pra-voce-escutar-2014\\\/#primaryimage\"},\"thumbnailUrl\":\"\",\"datePublished\":\"2014-02-13T16:43:44+00:00\",\"dateModified\":\"2015-07-22T18:50:48+00:00\",\"author\":{\"@id\":\"https:\\\/\\\/za.mus.br\\\/#\\\/schema\\\/person\\\/747d337c5ee2aeb6ae28ebba8b79d04d\"},\"description\":\"Fugindo do tradicional top 10, fa\u00e7o aqui uma retrospectiva dos onze discos que marcaram a cena independente no ano passado nos quatro cantos do Brasil.\",\"breadcrumb\":{\"@id\":\"https:\\\/\\\/za.mus.br\\\/onze-discos-2013-pra-voce-escutar-2014\\\/#breadcrumb\"},\"inLanguage\":\"en-US\",\"potentialAction\":[{\"@type\":\"ReadAction\",\"target\":[\"https:\\\/\\\/za.mus.br\\\/onze-discos-2013-pra-voce-escutar-2014\\\/\"]}]},{\"@type\":\"ImageObject\",\"inLanguage\":\"en-US\",\"@id\":\"https:\\\/\\\/za.mus.br\\\/onze-discos-2013-pra-voce-escutar-2014\\\/#primaryimage\",\"url\":\"\",\"contentUrl\":\"\"},{\"@type\":\"BreadcrumbList\",\"@id\":\"https:\\\/\\\/za.mus.br\\\/onze-discos-2013-pra-voce-escutar-2014\\\/#breadcrumb\",\"itemListElement\":[{\"@type\":\"ListItem\",\"position\":1,\"name\":\"In\u00edcio\",\"item\":\"https:\\\/\\\/za.mus.br\\\/en\\\/\"},{\"@type\":\"ListItem\",\"position\":2,\"name\":\"Onze discos de 2013 pra voc\u00ea escutar em 2014!\"}]},{\"@type\":\"WebSite\",\"@id\":\"https:\\\/\\\/za.mus.br\\\/#website\",\"url\":\"https:\\\/\\\/za.mus.br\\\/\",\"name\":\"Zamus\",\"description\":\"The New Music Market\",\"potentialAction\":[{\"@type\":\"SearchAction\",\"target\":{\"@type\":\"EntryPoint\",\"urlTemplate\":\"https:\\\/\\\/za.mus.br\\\/?s={search_term_string}\"},\"query-input\":{\"@type\":\"PropertyValueSpecification\",\"valueRequired\":true,\"valueName\":\"search_term_string\"}}],\"inLanguage\":\"en-US\"},{\"@type\":\"Person\",\"@id\":\"https:\\\/\\\/za.mus.br\\\/#\\\/schema\\\/person\\\/747d337c5ee2aeb6ae28ebba8b79d04d\",\"name\":\"Guilherme Sampaio\",\"image\":{\"@type\":\"ImageObject\",\"inLanguage\":\"en-US\",\"@id\":\"https:\\\/\\\/za.mus.br\\\/wp-content\\\/uploads\\\/avatars\\\/4\\\/128d56bc5dc81cf406b4afb0f4d93568-bpfull.jpg\",\"url\":\"https:\\\/\\\/za.mus.br\\\/wp-content\\\/uploads\\\/avatars\\\/4\\\/128d56bc5dc81cf406b4afb0f4d93568-bpfull.jpg\",\"contentUrl\":\"https:\\\/\\\/za.mus.br\\\/wp-content\\\/uploads\\\/avatars\\\/4\\\/128d56bc5dc81cf406b4afb0f4d93568-bpfull.jpg\",\"caption\":\"Guilherme Sampaio\"},\"description\":\"O mais responsa de todos!\",\"sameAs\":[\"http:\\\/\\\/www.facebook.com\\\/100001911458925\",\"https:\\\/\\\/x.com\\\/melhergui8\"],\"url\":\"https:\\\/\\\/za.mus.br\\\/en\\\/author\\\/melhergui\\\/\"}]}<\/script>\n<!-- \/ Yoast SEO plugin. -->","yoast_head_json":{"title":"Onze discos de 2013 pra voc\u00ea escutar em 2014! - Zamus","description":"Fugindo do tradicional top 10, fa\u00e7o aqui uma retrospectiva dos onze discos que marcaram a cena independente no ano passado nos quatro cantos do Brasil.","robots":{"index":"index","follow":"follow","max-snippet":"max-snippet:-1","max-image-preview":"max-image-preview:large","max-video-preview":"max-video-preview:-1"},"canonical":"https:\/\/za.mus.br\/onze-discos-2013-pra-voce-escutar-2014\/","og_locale":"en_US","og_type":"article","og_title":"Onze discos de 2013 pra voc\u00ea escutar em 2014! - Zamus","og_description":"Fugindo do tradicional top 10, fa\u00e7o aqui uma retrospectiva dos onze discos que marcaram a cena independente no ano passado nos quatro cantos do Brasil.","og_url":"https:\/\/za.mus.br\/onze-discos-2013-pra-voce-escutar-2014\/","og_site_name":"Zamus","article_publisher":"http:\/\/facebook.com\/zamus","article_author":"http:\/\/www.facebook.com\/100001911458925","article_published_time":"2014-02-13T16:43:44+00:00","article_modified_time":"2015-07-22T18:50:48+00:00","og_image":[{"width":820,"height":820,"url":"https:\/\/i0.wp.com\/za.mus.br\/wp-content\/uploads\/z-btn-white.png?fit=820%2C820&ssl=1","type":"image\/png"}],"author":"Guilherme Sampaio","twitter_card":"summary_large_image","twitter_creator":"@melhergui8","twitter_site":"@zamusbr","twitter_misc":{"Written by":"Guilherme Sampaio","Est. reading time":"5 minutes"},"schema":{"@context":"https:\/\/schema.org","@graph":[{"@type":"Article","@id":"https:\/\/za.mus.br\/onze-discos-2013-pra-voce-escutar-2014\/#article","isPartOf":{"@id":"https:\/\/za.mus.br\/onze-discos-2013-pra-voce-escutar-2014\/"},"author":{"name":"Guilherme Sampaio","@id":"https:\/\/za.mus.br\/#\/schema\/person\/747d337c5ee2aeb6ae28ebba8b79d04d"},"headline":"Onze discos de 2013 pra voc\u00ea escutar em 2014!","datePublished":"2014-02-13T16:43:44+00:00","dateModified":"2015-07-22T18:50:48+00:00","mainEntityOfPage":{"@id":"https:\/\/za.mus.br\/onze-discos-2013-pra-voce-escutar-2014\/"},"wordCount":1024,"commentCount":0,"image":{"@id":"https:\/\/za.mus.br\/onze-discos-2013-pra-voce-escutar-2014\/#primaryimage"},"thumbnailUrl":"","articleSection":["M\u00fasica","Networking","Not\u00edcias"],"inLanguage":"en-US","potentialAction":[{"@type":"CommentAction","name":"Comment","target":["https:\/\/za.mus.br\/onze-discos-2013-pra-voce-escutar-2014\/#respond"]}]},{"@type":"WebPage","@id":"https:\/\/za.mus.br\/onze-discos-2013-pra-voce-escutar-2014\/","url":"https:\/\/za.mus.br\/onze-discos-2013-pra-voce-escutar-2014\/","name":"Onze discos de 2013 pra voc\u00ea escutar em 2014! - Zamus","isPartOf":{"@id":"https:\/\/za.mus.br\/#website"},"primaryImageOfPage":{"@id":"https:\/\/za.mus.br\/onze-discos-2013-pra-voce-escutar-2014\/#primaryimage"},"image":{"@id":"https:\/\/za.mus.br\/onze-discos-2013-pra-voce-escutar-2014\/#primaryimage"},"thumbnailUrl":"","datePublished":"2014-02-13T16:43:44+00:00","dateModified":"2015-07-22T18:50:48+00:00","author":{"@id":"https:\/\/za.mus.br\/#\/schema\/person\/747d337c5ee2aeb6ae28ebba8b79d04d"},"description":"Fugindo do tradicional top 10, fa\u00e7o aqui uma retrospectiva dos onze discos que marcaram a cena independente no ano passado nos quatro cantos do Brasil.","breadcrumb":{"@id":"https:\/\/za.mus.br\/onze-discos-2013-pra-voce-escutar-2014\/#breadcrumb"},"inLanguage":"en-US","potentialAction":[{"@type":"ReadAction","target":["https:\/\/za.mus.br\/onze-discos-2013-pra-voce-escutar-2014\/"]}]},{"@type":"ImageObject","inLanguage":"en-US","@id":"https:\/\/za.mus.br\/onze-discos-2013-pra-voce-escutar-2014\/#primaryimage","url":"","contentUrl":""},{"@type":"BreadcrumbList","@id":"https:\/\/za.mus.br\/onze-discos-2013-pra-voce-escutar-2014\/#breadcrumb","itemListElement":[{"@type":"ListItem","position":1,"name":"In\u00edcio","item":"https:\/\/za.mus.br\/en\/"},{"@type":"ListItem","position":2,"name":"Onze discos de 2013 pra voc\u00ea escutar em 2014!"}]},{"@type":"WebSite","@id":"https:\/\/za.mus.br\/#website","url":"https:\/\/za.mus.br\/","name":"Zamus","description":"The New Music Market","potentialAction":[{"@type":"SearchAction","target":{"@type":"EntryPoint","urlTemplate":"https:\/\/za.mus.br\/?s={search_term_string}"},"query-input":{"@type":"PropertyValueSpecification","valueRequired":true,"valueName":"search_term_string"}}],"inLanguage":"en-US"},{"@type":"Person","@id":"https:\/\/za.mus.br\/#\/schema\/person\/747d337c5ee2aeb6ae28ebba8b79d04d","name":"Guilherme Sampaio","image":{"@type":"ImageObject","inLanguage":"en-US","@id":"https:\/\/za.mus.br\/wp-content\/uploads\/avatars\/4\/128d56bc5dc81cf406b4afb0f4d93568-bpfull.jpg","url":"https:\/\/za.mus.br\/wp-content\/uploads\/avatars\/4\/128d56bc5dc81cf406b4afb0f4d93568-bpfull.jpg","contentUrl":"https:\/\/za.mus.br\/wp-content\/uploads\/avatars\/4\/128d56bc5dc81cf406b4afb0f4d93568-bpfull.jpg","caption":"Guilherme Sampaio"},"description":"O mais responsa de todos!","sameAs":["http:\/\/www.facebook.com\/100001911458925","https:\/\/x.com\/melhergui8"],"url":"https:\/\/za.mus.br\/en\/author\/melhergui\/"}]}},"jetpack_featured_media_url":"","featured_image_src":"https:\/\/za.mus.br\/wp-includes\/images\/media\/default.svg","jetpack_sharing_enabled":true,"_links":{"self":[{"href":"https:\/\/za.mus.br\/en\/wp-json\/wp\/v2\/posts\/2267","targetHints":{"allow":["GET"]}}],"collection":[{"href":"https:\/\/za.mus.br\/en\/wp-json\/wp\/v2\/posts"}],"about":[{"href":"https:\/\/za.mus.br\/en\/wp-json\/wp\/v2\/types\/post"}],"author":[{"embeddable":true,"href":"https:\/\/za.mus.br\/en\/wp-json\/wp\/v2\/users\/4"}],"replies":[{"embeddable":true,"href":"https:\/\/za.mus.br\/en\/wp-json\/wp\/v2\/comments?post=2267"}],"version-history":[{"count":0,"href":"https:\/\/za.mus.br\/en\/wp-json\/wp\/v2\/posts\/2267\/revisions"}],"wp:featuredmedia":[{"embeddable":true,"href":"https:\/\/za.mus.br\/en\/wp-json\/"}],"wp:attachment":[{"href":"https:\/\/za.mus.br\/en\/wp-json\/wp\/v2\/media?parent=2267"}],"wp:term":[{"taxonomy":"category","embeddable":true,"href":"https:\/\/za.mus.br\/en\/wp-json\/wp\/v2\/categories?post=2267"},{"taxonomy":"post_tag","embeddable":true,"href":"https:\/\/za.mus.br\/en\/wp-json\/wp\/v2\/tags?post=2267"}],"curies":[{"name":"wp","href":"https:\/\/api.w.org\/{rel}","templated":true}]}}