{"id":65631,"date":"2016-11-21T16:46:28","date_gmt":"2016-11-21T18:46:28","guid":{"rendered":"https:\/\/za.mus.br\/?p=65631"},"modified":"2016-11-21T16:46:28","modified_gmt":"2016-11-21T18:46:28","slug":"premio-profissionais-da-musica-2017-parceria-se-renova","status":"publish","type":"post","link":"https:\/\/za.mus.br\/en\/premio-profissionais-da-musica-2017-parceria-se-renova\/","title":{"rendered":"Pr\u00eamio Profissionais da M\u00fasica 2017, a parceria se renova"},"content":{"rendered":"<p>Em 2016 tivemos o grande prazer de realizar uma parceria tecnol\u00f3gica com o <a href=\"http:\/\/ppm.art.br\" target=\"_blank\">Pr\u00eamio Profissionais da M\u00fasica<\/a> produzido pela <a href=\"https:\/\/za.mus.br\/grv\">GRV Media e Entretenimento<\/a>. Nesta ocasi\u00e3o, co-criamos a <a href=\"https:\/\/za.mus.br\/monitoramento-engajamento-benchmark-digital\/\">categoria de Engajamento Digital<\/a>; apresentamos um <a href=\"https:\/\/www.youtube.com\/watch?v=bP3Yg46EEnE\" target=\"_blank\">workshop sobre Monitoramento de M\u00eddias Digitais<\/a>;\u00a0participamos do painel &#8220;<a href=\"https:\/\/www.youtube.com\/watch?v=TKPritxrYUI\" target=\"_blank\">O Futuro dos Neg\u00f3cios Digitais e Novas M\u00eddias<\/a>&#8220;, junto com o Maur\u00edcio Tagliari da <a href=\"http:\/\/www.yb.com.br\/\" target=\"_blank\">YB Music<\/a>, Filipe Calil da <a href=\"http:\/\/clap.me\" target=\"_blank\">Clap.Me<\/a> e Marcos Chomen da <a href=\"http:\/\/www.cdbaby.com\/\" target=\"_blank\">CD Baby<\/a>; bem como, entregamos a premia\u00e7\u00e3o de duas categorias!<\/p>\n<p>Pois bem, eis que o PPM, ap\u00f3s seu grande sucesso, ir\u00e1 realizar mais uma edi\u00e7\u00e3o e l\u00e1 estaremos n\u00f3s de novo. Ainda estamos definindo os meandros da parceria que contar\u00e1 com ainda mais tecnologia e surpresas, mas o que posso adiantar \u00e9 que a categoria de Engajamento Digital se manter\u00e1 e ainda mais emocionante.<\/p>\n<p>Al\u00e9m disso,\u00a0edi\u00e7\u00e3o de 2017 do Pr\u00eamio Profissionais da M\u00fasica ser\u00e1 realizada em um dos clubes mais tradicionais da capital de Bras\u00edlia, o <a href=\"http:\/\/www.cotamil.com.br\/\" target=\"_blank\">Cota Mil Iate Clube<\/a>, de 28 \u00e0 30 de Abril. <a href=\"http:\/\/www.ppm.art.br\/pt\/registrar\/\" target=\"_blank\">As inscri\u00e7\u00f5es est\u00e3o abertas<\/a> e, quem participou, sabe o quanto vale a pena n\u00e3o s\u00f3 a divulga\u00e7\u00e3o, mas tamb\u00e9m o conhecimento, o networking, os shows e quem sabe, um trof\u00e9u!<\/p>\n<p>Aproveito para deixar aqui algumas fotos da nossa participa\u00e7\u00e3o e o recado de que em breve iremos anunciar mais novidades.<\/p>\n\n\t\t<style type=\"text\/css\">\n\t\t\t#gallery-1 {\n\t\t\t\tmargin: auto;\n\t\t\t}\n\t\t\t#gallery-1 .gallery-item {\n\t\t\t\tfloat: left;\n\t\t\t\tmargin-top: 10px;\n\t\t\t\ttext-align: center;\n\t\t\t\twidth: 33%;\n\t\t\t}\n\t\t\t#gallery-1 img {\n\t\t\t\tborder: 2px solid #cfcfcf;\n\t\t\t}\n\t\t\t#gallery-1 .gallery-caption {\n\t\t\t\tmargin-left: 0;\n\t\t\t}\n\t\t\t\/* see gallery_shortcode() in wp-includes\/media.php *\/\n\t\t<\/style>\n\t\t<div id='gallery-1' class='gallery galleryid-65631 gallery-columns-3 gallery-size-medium'><dl class='gallery-item'>\n\t\t\t<dt class='gallery-icon landscape'>\n\t\t\t\t<a href=\"https:\/\/i0.wp.com\/za.mus.br\/wp-content\/uploads\/Zamus-PPM-2016-Premia%C3%A7%C3%A3o-6.jpg?ssl=1\"><img loading=\"lazy\" decoding=\"async\" width=\"300\" height=\"200\" src=\"https:\/\/i0.wp.com\/za.mus.br\/wp-content\/uploads\/Zamus-PPM-2016-Premia%C3%A7%C3%A3o-6.jpg?fit=300%2C200&amp;ssl=1\" class=\"attachment-medium size-medium\" alt=\"Zamus - Pr\u00eamio Profissionais da M\u00fasica 2016 - Music Pro Awards 2016\" \/><\/a>\n\t\t\t<\/dt><\/dl><dl class='gallery-item'>\n\t\t\t<dt class='gallery-icon landscape'>\n\t\t\t\t<a href=\"https:\/\/i0.wp.com\/za.mus.br\/wp-content\/uploads\/Zamus-PPM-2016-Premia%C3%A7%C3%A3o.jpg?ssl=1\"><img loading=\"lazy\" decoding=\"async\" width=\"300\" height=\"169\" src=\"https:\/\/i0.wp.com\/za.mus.br\/wp-content\/uploads\/Zamus-PPM-2016-Premia%C3%A7%C3%A3o.jpg?fit=300%2C169&amp;ssl=1\" class=\"attachment-medium size-medium\" alt=\"Zamus - Pr\u00eamio Profissionais da M\u00fasica 2016 - Music Pro Awards 2016\" \/><\/a>\n\t\t\t<\/dt><\/dl><dl class='gallery-item'>\n\t\t\t<dt class='gallery-icon landscape'>\n\t\t\t\t<a href=\"https:\/\/i0.wp.com\/za.mus.br\/wp-content\/uploads\/Zamus-PPM-2016-Debate-2.jpg?ssl=1\"><img loading=\"lazy\" decoding=\"async\" width=\"300\" height=\"200\" src=\"https:\/\/i0.wp.com\/za.mus.br\/wp-content\/uploads\/Zamus-PPM-2016-Debate-2.jpg?fit=300%2C200&amp;ssl=1\" class=\"attachment-medium size-medium\" alt=\"Zamus - Pr\u00eamio Profissionais da M\u00fasica 2016 - Music Pro Awards 2016\" srcset=\"https:\/\/i0.wp.com\/za.mus.br\/wp-content\/uploads\/Zamus-PPM-2016-Debate-2.jpg?w=2048&amp;ssl=1 2048w, https:\/\/i0.wp.com\/za.mus.br\/wp-content\/uploads\/Zamus-PPM-2016-Debate-2.jpg?resize=300%2C200&amp;ssl=1 300w, https:\/\/i0.wp.com\/za.mus.br\/wp-content\/uploads\/Zamus-PPM-2016-Debate-2.jpg?resize=768%2C512&amp;ssl=1 768w, https:\/\/i0.wp.com\/za.mus.br\/wp-content\/uploads\/Zamus-PPM-2016-Debate-2.jpg?resize=1024%2C683&amp;ssl=1 1024w, https:\/\/i0.wp.com\/za.mus.br\/wp-content\/uploads\/Zamus-PPM-2016-Debate-2.jpg?resize=60%2C40&amp;ssl=1 60w, https:\/\/i0.wp.com\/za.mus.br\/wp-content\/uploads\/Zamus-PPM-2016-Debate-2.jpg?resize=672%2C448&amp;ssl=1 672w, https:\/\/i0.wp.com\/za.mus.br\/wp-content\/uploads\/Zamus-PPM-2016-Debate-2.jpg?resize=1038%2C692&amp;ssl=1 1038w\" sizes=\"auto, (max-width: 300px) 100vw, 300px\" \/><\/a>\n\t\t\t<\/dt><\/dl><br style=\"clear: both\" \/><dl class='gallery-item'>\n\t\t\t<dt class='gallery-icon landscape'>\n\t\t\t\t<a href=\"https:\/\/i0.wp.com\/za.mus.br\/wp-content\/uploads\/Zamus-PPM-2016-Workshop-1.jpg?ssl=1\"><img loading=\"lazy\" decoding=\"async\" width=\"300\" height=\"200\" src=\"https:\/\/i0.wp.com\/za.mus.br\/wp-content\/uploads\/Zamus-PPM-2016-Workshop-1.jpg?fit=300%2C200&amp;ssl=1\" class=\"attachment-medium size-medium\" alt=\"Zamus - Pr\u00eamio Profissionais da M\u00fasica 2016 - Music Pro Awards 2016\" srcset=\"https:\/\/i0.wp.com\/za.mus.br\/wp-content\/uploads\/Zamus-PPM-2016-Workshop-1.jpg?w=2048&amp;ssl=1 2048w, https:\/\/i0.wp.com\/za.mus.br\/wp-content\/uploads\/Zamus-PPM-2016-Workshop-1.jpg?resize=300%2C200&amp;ssl=1 300w, https:\/\/i0.wp.com\/za.mus.br\/wp-content\/uploads\/Zamus-PPM-2016-Workshop-1.jpg?resize=768%2C512&amp;ssl=1 768w, https:\/\/i0.wp.com\/za.mus.br\/wp-content\/uploads\/Zamus-PPM-2016-Workshop-1.jpg?resize=1024%2C683&amp;ssl=1 1024w, https:\/\/i0.wp.com\/za.mus.br\/wp-content\/uploads\/Zamus-PPM-2016-Workshop-1.jpg?resize=60%2C40&amp;ssl=1 60w, https:\/\/i0.wp.com\/za.mus.br\/wp-content\/uploads\/Zamus-PPM-2016-Workshop-1.jpg?resize=672%2C448&amp;ssl=1 672w, https:\/\/i0.wp.com\/za.mus.br\/wp-content\/uploads\/Zamus-PPM-2016-Workshop-1.jpg?resize=1038%2C692&amp;ssl=1 1038w\" sizes=\"auto, (max-width: 300px) 100vw, 300px\" \/><\/a>\n\t\t\t<\/dt><\/dl><dl class='gallery-item'>\n\t\t\t<dt class='gallery-icon landscape'>\n\t\t\t\t<a href=\"https:\/\/i0.wp.com\/za.mus.br\/wp-content\/uploads\/Zamus-PPM-2016-Premia%C3%A7%C3%A3o-4.jpg?ssl=1\"><img loading=\"lazy\" decoding=\"async\" width=\"300\" height=\"169\" src=\"https:\/\/i0.wp.com\/za.mus.br\/wp-content\/uploads\/Zamus-PPM-2016-Premia%C3%A7%C3%A3o-4.jpg?fit=300%2C169&amp;ssl=1\" class=\"attachment-medium size-medium\" alt=\"Zamus - Pr\u00eamio Profissionais da M\u00fasica 2016 - Music Pro Awards 2016\" \/><\/a>\n\t\t\t<\/dt><\/dl><dl class='gallery-item'>\n\t\t\t<dt class='gallery-icon landscape'>\n\t\t\t\t<a href=\"https:\/\/i0.wp.com\/za.mus.br\/wp-content\/uploads\/Zamus-PPM-2016-Premia%C3%A7%C3%A3o-5.jpg?ssl=1\"><img loading=\"lazy\" decoding=\"async\" width=\"300\" height=\"169\" src=\"https:\/\/i0.wp.com\/za.mus.br\/wp-content\/uploads\/Zamus-PPM-2016-Premia%C3%A7%C3%A3o-5.jpg?fit=300%2C169&amp;ssl=1\" class=\"attachment-medium size-medium\" alt=\"Zamus - Pr\u00eamio Profissionais da M\u00fasica 2016 - Music Pro Awards 2016\" \/><\/a>\n\t\t\t<\/dt><\/dl><br style=\"clear: both\" \/><dl class='gallery-item'>\n\t\t\t<dt class='gallery-icon landscape'>\n\t\t\t\t<a href=\"https:\/\/i0.wp.com\/za.mus.br\/wp-content\/uploads\/Zamus-PPM-2016-Debate-1.jpg?ssl=1\"><img loading=\"lazy\" decoding=\"async\" width=\"300\" height=\"168\" src=\"https:\/\/i0.wp.com\/za.mus.br\/wp-content\/uploads\/Zamus-PPM-2016-Debate-1.jpg?fit=300%2C168&amp;ssl=1\" class=\"attachment-medium size-medium\" alt=\"Zamus - Pr\u00eamio Profissionais da M\u00fasica 2016 - Music Pro Awards 2016\" srcset=\"https:\/\/i0.wp.com\/za.mus.br\/wp-content\/uploads\/Zamus-PPM-2016-Debate-1.jpg?w=2048&amp;ssl=1 2048w, https:\/\/i0.wp.com\/za.mus.br\/wp-content\/uploads\/Zamus-PPM-2016-Debate-1.jpg?resize=300%2C168&amp;ssl=1 300w, https:\/\/i0.wp.com\/za.mus.br\/wp-content\/uploads\/Zamus-PPM-2016-Debate-1.jpg?resize=768%2C431&amp;ssl=1 768w, https:\/\/i0.wp.com\/za.mus.br\/wp-content\/uploads\/Zamus-PPM-2016-Debate-1.jpg?resize=1024%2C575&amp;ssl=1 1024w, https:\/\/i0.wp.com\/za.mus.br\/wp-content\/uploads\/Zamus-PPM-2016-Debate-1.jpg?resize=60%2C34&amp;ssl=1 60w, https:\/\/i0.wp.com\/za.mus.br\/wp-content\/uploads\/Zamus-PPM-2016-Debate-1.jpg?resize=672%2C377&amp;ssl=1 672w, https:\/\/i0.wp.com\/za.mus.br\/wp-content\/uploads\/Zamus-PPM-2016-Debate-1.jpg?resize=1038%2C583&amp;ssl=1 1038w\" sizes=\"auto, (max-width: 300px) 100vw, 300px\" \/><\/a>\n\t\t\t<\/dt><\/dl><dl class='gallery-item'>\n\t\t\t<dt class='gallery-icon landscape'>\n\t\t\t\t<a href=\"https:\/\/i0.wp.com\/za.mus.br\/wp-content\/uploads\/Zamus-PPM-2016-Debate-3.jpg?ssl=1\"><img loading=\"lazy\" decoding=\"async\" width=\"300\" height=\"200\" src=\"https:\/\/i0.wp.com\/za.mus.br\/wp-content\/uploads\/Zamus-PPM-2016-Debate-3.jpg?fit=300%2C200&amp;ssl=1\" class=\"attachment-medium size-medium\" alt=\"Zamus - Pr\u00eamio Profissionais da M\u00fasica 2016 - Music Pro Awards 2016\" srcset=\"https:\/\/i0.wp.com\/za.mus.br\/wp-content\/uploads\/Zamus-PPM-2016-Debate-3.jpg?w=2048&amp;ssl=1 2048w, https:\/\/i0.wp.com\/za.mus.br\/wp-content\/uploads\/Zamus-PPM-2016-Debate-3.jpg?resize=300%2C200&amp;ssl=1 300w, https:\/\/i0.wp.com\/za.mus.br\/wp-content\/uploads\/Zamus-PPM-2016-Debate-3.jpg?resize=768%2C512&amp;ssl=1 768w, https:\/\/i0.wp.com\/za.mus.br\/wp-content\/uploads\/Zamus-PPM-2016-Debate-3.jpg?resize=1024%2C683&amp;ssl=1 1024w, https:\/\/i0.wp.com\/za.mus.br\/wp-content\/uploads\/Zamus-PPM-2016-Debate-3.jpg?resize=60%2C40&amp;ssl=1 60w, https:\/\/i0.wp.com\/za.mus.br\/wp-content\/uploads\/Zamus-PPM-2016-Debate-3.jpg?resize=672%2C448&amp;ssl=1 672w, https:\/\/i0.wp.com\/za.mus.br\/wp-content\/uploads\/Zamus-PPM-2016-Debate-3.jpg?resize=1038%2C692&amp;ssl=1 1038w\" sizes=\"auto, (max-width: 300px) 100vw, 300px\" \/><\/a>\n\t\t\t<\/dt><\/dl><dl class='gallery-item'>\n\t\t\t<dt class='gallery-icon landscape'>\n\t\t\t\t<a href=\"https:\/\/i0.wp.com\/za.mus.br\/wp-content\/uploads\/Zamus-PPM-2016.jpg?ssl=1\"><img loading=\"lazy\" decoding=\"async\" width=\"300\" height=\"200\" src=\"https:\/\/i0.wp.com\/za.mus.br\/wp-content\/uploads\/Zamus-PPM-2016.jpg?fit=300%2C200&amp;ssl=1\" class=\"attachment-medium size-medium\" alt=\"Zamus - Pr\u00eamio Profissionais da M\u00fasica 2016 - Music Pro Awards 2016\" srcset=\"https:\/\/i0.wp.com\/za.mus.br\/wp-content\/uploads\/Zamus-PPM-2016.jpg?w=2048&amp;ssl=1 2048w, https:\/\/i0.wp.com\/za.mus.br\/wp-content\/uploads\/Zamus-PPM-2016.jpg?resize=300%2C200&amp;ssl=1 300w, https:\/\/i0.wp.com\/za.mus.br\/wp-content\/uploads\/Zamus-PPM-2016.jpg?resize=768%2C512&amp;ssl=1 768w, https:\/\/i0.wp.com\/za.mus.br\/wp-content\/uploads\/Zamus-PPM-2016.jpg?resize=1024%2C683&amp;ssl=1 1024w, https:\/\/i0.wp.com\/za.mus.br\/wp-content\/uploads\/Zamus-PPM-2016.jpg?resize=60%2C40&amp;ssl=1 60w, https:\/\/i0.wp.com\/za.mus.br\/wp-content\/uploads\/Zamus-PPM-2016.jpg?resize=672%2C448&amp;ssl=1 672w, https:\/\/i0.wp.com\/za.mus.br\/wp-content\/uploads\/Zamus-PPM-2016.jpg?resize=1038%2C692&amp;ssl=1 1038w\" sizes=\"auto, (max-width: 300px) 100vw, 300px\" \/><\/a>\n\t\t\t<\/dt><\/dl><br style=\"clear: both\" \/><dl class='gallery-item'>\n\t\t\t<dt class='gallery-icon landscape'>\n\t\t\t\t<a href=\"https:\/\/i0.wp.com\/za.mus.br\/wp-content\/uploads\/Zamus-PPM-2016-Premia%C3%A7%C3%A3o-3.jpg?ssl=1\"><img loading=\"lazy\" decoding=\"async\" width=\"300\" height=\"169\" src=\"https:\/\/i0.wp.com\/za.mus.br\/wp-content\/uploads\/Zamus-PPM-2016-Premia%C3%A7%C3%A3o-3.jpg?fit=300%2C169&amp;ssl=1\" class=\"attachment-medium size-medium\" alt=\"Zamus - Pr\u00eamio Profissionais da M\u00fasica 2016 - Music Pro Awards 2016\" \/><\/a>\n\t\t\t<\/dt><\/dl><dl class='gallery-item'>\n\t\t\t<dt class='gallery-icon landscape'>\n\t\t\t\t<a href=\"https:\/\/i0.wp.com\/za.mus.br\/wp-content\/uploads\/Zamus-PPM-2016-Workshop-2.jpg?ssl=1\"><img loading=\"lazy\" decoding=\"async\" width=\"300\" height=\"200\" src=\"https:\/\/i0.wp.com\/za.mus.br\/wp-content\/uploads\/Zamus-PPM-2016-Workshop-2.jpg?fit=300%2C200&amp;ssl=1\" class=\"attachment-medium size-medium\" alt=\"Zamus - Pr\u00eamio Profissionais da M\u00fasica 2016 - Music Pro Awards 2016\" srcset=\"https:\/\/i0.wp.com\/za.mus.br\/wp-content\/uploads\/Zamus-PPM-2016-Workshop-2.jpg?w=2048&amp;ssl=1 2048w, https:\/\/i0.wp.com\/za.mus.br\/wp-content\/uploads\/Zamus-PPM-2016-Workshop-2.jpg?resize=300%2C200&amp;ssl=1 300w, https:\/\/i0.wp.com\/za.mus.br\/wp-content\/uploads\/Zamus-PPM-2016-Workshop-2.jpg?resize=768%2C512&amp;ssl=1 768w, https:\/\/i0.wp.com\/za.mus.br\/wp-content\/uploads\/Zamus-PPM-2016-Workshop-2.jpg?resize=1024%2C683&amp;ssl=1 1024w, https:\/\/i0.wp.com\/za.mus.br\/wp-content\/uploads\/Zamus-PPM-2016-Workshop-2.jpg?resize=60%2C40&amp;ssl=1 60w, https:\/\/i0.wp.com\/za.mus.br\/wp-content\/uploads\/Zamus-PPM-2016-Workshop-2.jpg?resize=672%2C448&amp;ssl=1 672w, https:\/\/i0.wp.com\/za.mus.br\/wp-content\/uploads\/Zamus-PPM-2016-Workshop-2.jpg?resize=1038%2C692&amp;ssl=1 1038w\" sizes=\"auto, (max-width: 300px) 100vw, 300px\" \/><\/a>\n\t\t\t<\/dt><\/dl><dl class='gallery-item'>\n\t\t\t<dt class='gallery-icon landscape'>\n\t\t\t\t<a href=\"https:\/\/i0.wp.com\/za.mus.br\/wp-content\/uploads\/Zamus-PPM-2016-Premia%C3%A7%C3%A3o-2.jpg?ssl=1\"><img loading=\"lazy\" decoding=\"async\" width=\"300\" height=\"168\" src=\"https:\/\/i0.wp.com\/za.mus.br\/wp-content\/uploads\/Zamus-PPM-2016-Premia%C3%A7%C3%A3o-2.jpg?fit=300%2C168&amp;ssl=1\" class=\"attachment-medium size-medium\" alt=\"Zamus - Pr\u00eamio Profissionais da M\u00fasica 2016 - Music Pro Awards 2016\" \/><\/a>\n\t\t\t<\/dt><\/dl><br style=\"clear: both\" \/>\n\t\t<\/div>\n\n","protected":false},"excerpt":{"rendered":"<p>Em 2016 tivemos o grande prazer de realizar uma parceria tecnol\u00f3gica com o Pr\u00eamio Profissionais da M\u00fasica produzido pela GRV Media e Entretenimento. Nesta ocasi\u00e3o, co-criamos a categoria de Engajamento Digital; apresentamos um workshop sobre Monitoramento de M\u00eddias Digitais;\u00a0participamos do painel &#8220;O Futuro dos Neg\u00f3cios Digitais e Novas M\u00eddias&#8220;, junto com o Maur\u00edcio Tagliari da YB Music, Filipe Calil da [&hellip;]<\/p>\n","protected":false},"author":4,"featured_media":65644,"comment_status":"open","ping_status":"open","sticky":false,"template":"","format":"standard","meta":{"_jetpack_memberships_contains_paid_content":false,"footnotes":""},"categories":[1,1649,1648,7],"tags":[2056,1729,1716,1717,1600,2064,1718,2065,2073,16],"class_list":["post-65631","post","type-post","status-publish","format-standard","has-post-thumbnail","hentry","category-musica","category-negocios","category-networking","category-noticias","tag-abmi","tag-eventos","tag-festivais","tag-independente","tag-mercado-da-musica","tag-palestras","tag-shows","tag-workshops","tag-youtube","tag-zamus"],"yoast_head":"<!-- This site is optimized with the Yoast SEO plugin v27.5 - https:\/\/yoast.com\/product\/yoast-seo-wordpress\/ -->\n<title>Pr\u00eamio Profissionais da M\u00fasica 2017, a parceria se renova - Zamus<\/title>\n<meta name=\"description\" content=\"O que posso adiantar \u00e9 que a categoria de Engajamento Digital se manter\u00e1 e ser\u00e1 ainda mais emocionante.\" \/>\n<meta name=\"robots\" content=\"index, follow, max-snippet:-1, max-image-preview:large, max-video-preview:-1\" \/>\n<link rel=\"canonical\" href=\"https:\/\/za.mus.br\/premio-profissionais-da-musica-2017-parceria-se-renova\/\" \/>\n<meta property=\"og:locale\" content=\"en_US\" \/>\n<meta property=\"og:type\" content=\"article\" \/>\n<meta property=\"og:title\" content=\"Pr\u00eamio Profissionais da M\u00fasica 2017, a parceria se renova - Zamus\" \/>\n<meta property=\"og:description\" content=\"O que posso adiantar \u00e9 que a categoria de Engajamento Digital se manter\u00e1 e ser\u00e1 ainda mais emocionante.\" \/>\n<meta property=\"og:url\" content=\"https:\/\/za.mus.br\/premio-profissionais-da-musica-2017-parceria-se-renova\/\" \/>\n<meta property=\"og:site_name\" content=\"Zamus\" \/>\n<meta property=\"article:publisher\" content=\"http:\/\/facebook.com\/zamus\" \/>\n<meta property=\"article:author\" content=\"http:\/\/www.facebook.com\/100001911458925\" \/>\n<meta property=\"article:published_time\" content=\"2016-11-21T18:46:28+00:00\" \/>\n<meta property=\"og:image\" content=\"https:\/\/i0.wp.com\/za.mus.br\/wp-content\/uploads\/Pr\u00eamio-Profissionais-da-M\u00fasica-2017-a-parceria-se-renova.capa_.jpg?fit=1280%2C366&ssl=1\" \/>\n\t<meta property=\"og:image:width\" content=\"1280\" \/>\n\t<meta property=\"og:image:height\" content=\"366\" \/>\n\t<meta property=\"og:image:type\" content=\"image\/jpeg\" \/>\n<meta name=\"author\" content=\"Guilherme Sampaio\" \/>\n<meta name=\"twitter:card\" content=\"summary_large_image\" \/>\n<meta name=\"twitter:creator\" content=\"@melhergui8\" \/>\n<meta name=\"twitter:site\" content=\"@zamusbr\" \/>\n<meta name=\"twitter:label1\" content=\"Written by\" \/>\n\t<meta name=\"twitter:data1\" content=\"Guilherme Sampaio\" \/>\n\t<meta name=\"twitter:label2\" content=\"Est. reading time\" \/>\n\t<meta name=\"twitter:data2\" content=\"1 minute\" \/>\n<script type=\"application\/ld+json\" class=\"yoast-schema-graph\">{\"@context\":\"https:\\\/\\\/schema.org\",\"@graph\":[{\"@type\":\"Article\",\"@id\":\"https:\\\/\\\/za.mus.br\\\/premio-profissionais-da-musica-2017-parceria-se-renova\\\/#article\",\"isPartOf\":{\"@id\":\"https:\\\/\\\/za.mus.br\\\/premio-profissionais-da-musica-2017-parceria-se-renova\\\/\"},\"author\":{\"name\":\"Guilherme Sampaio\",\"@id\":\"https:\\\/\\\/za.mus.br\\\/#\\\/schema\\\/person\\\/747d337c5ee2aeb6ae28ebba8b79d04d\"},\"headline\":\"Pr\u00eamio Profissionais da M\u00fasica 2017, a parceria se renova\",\"datePublished\":\"2016-11-21T18:46:28+00:00\",\"mainEntityOfPage\":{\"@id\":\"https:\\\/\\\/za.mus.br\\\/premio-profissionais-da-musica-2017-parceria-se-renova\\\/\"},\"wordCount\":252,\"commentCount\":0,\"image\":{\"@id\":\"https:\\\/\\\/za.mus.br\\\/premio-profissionais-da-musica-2017-parceria-se-renova\\\/#primaryimage\"},\"thumbnailUrl\":\"https:\\\/\\\/i0.wp.com\\\/za.mus.br\\\/wp-content\\\/uploads\\\/Pr%C3%AAmio-Profissionais-da-M%C3%BAsica-2017-a-parceria-se-renova.capa_.jpg?fit=1280%2C366&ssl=1\",\"keywords\":[\"ABMI\",\"Eventos\",\"Festivais\",\"Independente\",\"Mercado da M\u00fasica\",\"Palestras\",\"Shows\",\"Workshops\",\"YouTube\",\"Zamus\"],\"articleSection\":[\"M\u00fasica\",\"Neg\u00f3cios\",\"Networking\",\"Not\u00edcias\"],\"inLanguage\":\"en-US\",\"potentialAction\":[{\"@type\":\"CommentAction\",\"name\":\"Comment\",\"target\":[\"https:\\\/\\\/za.mus.br\\\/premio-profissionais-da-musica-2017-parceria-se-renova\\\/#respond\"]}]},{\"@type\":\"WebPage\",\"@id\":\"https:\\\/\\\/za.mus.br\\\/premio-profissionais-da-musica-2017-parceria-se-renova\\\/\",\"url\":\"https:\\\/\\\/za.mus.br\\\/premio-profissionais-da-musica-2017-parceria-se-renova\\\/\",\"name\":\"Pr\u00eamio Profissionais da M\u00fasica 2017, a parceria se renova - Zamus\",\"isPartOf\":{\"@id\":\"https:\\\/\\\/za.mus.br\\\/#website\"},\"primaryImageOfPage\":{\"@id\":\"https:\\\/\\\/za.mus.br\\\/premio-profissionais-da-musica-2017-parceria-se-renova\\\/#primaryimage\"},\"image\":{\"@id\":\"https:\\\/\\\/za.mus.br\\\/premio-profissionais-da-musica-2017-parceria-se-renova\\\/#primaryimage\"},\"thumbnailUrl\":\"https:\\\/\\\/i0.wp.com\\\/za.mus.br\\\/wp-content\\\/uploads\\\/Pr%C3%AAmio-Profissionais-da-M%C3%BAsica-2017-a-parceria-se-renova.capa_.jpg?fit=1280%2C366&ssl=1\",\"datePublished\":\"2016-11-21T18:46:28+00:00\",\"author\":{\"@id\":\"https:\\\/\\\/za.mus.br\\\/#\\\/schema\\\/person\\\/747d337c5ee2aeb6ae28ebba8b79d04d\"},\"description\":\"O que posso adiantar \u00e9 que a categoria de Engajamento Digital se manter\u00e1 e ser\u00e1 ainda mais emocionante.\",\"breadcrumb\":{\"@id\":\"https:\\\/\\\/za.mus.br\\\/premio-profissionais-da-musica-2017-parceria-se-renova\\\/#breadcrumb\"},\"inLanguage\":\"en-US\",\"potentialAction\":[{\"@type\":\"ReadAction\",\"target\":[\"https:\\\/\\\/za.mus.br\\\/premio-profissionais-da-musica-2017-parceria-se-renova\\\/\"]}]},{\"@type\":\"ImageObject\",\"inLanguage\":\"en-US\",\"@id\":\"https:\\\/\\\/za.mus.br\\\/premio-profissionais-da-musica-2017-parceria-se-renova\\\/#primaryimage\",\"url\":\"https:\\\/\\\/i0.wp.com\\\/za.mus.br\\\/wp-content\\\/uploads\\\/Pr%C3%AAmio-Profissionais-da-M%C3%BAsica-2017-a-parceria-se-renova.capa_.jpg?fit=1280%2C366&ssl=1\",\"contentUrl\":\"https:\\\/\\\/i0.wp.com\\\/za.mus.br\\\/wp-content\\\/uploads\\\/Pr%C3%AAmio-Profissionais-da-M%C3%BAsica-2017-a-parceria-se-renova.capa_.jpg?fit=1280%2C366&ssl=1\",\"width\":1280,\"height\":366,\"caption\":\"Pr\u00eamio Profissionais da M\u00fasica 2017 e Zamus, a parceria se renova\"},{\"@type\":\"BreadcrumbList\",\"@id\":\"https:\\\/\\\/za.mus.br\\\/premio-profissionais-da-musica-2017-parceria-se-renova\\\/#breadcrumb\",\"itemListElement\":[{\"@type\":\"ListItem\",\"position\":1,\"name\":\"In\u00edcio\",\"item\":\"https:\\\/\\\/za.mus.br\\\/en\\\/\"},{\"@type\":\"ListItem\",\"position\":2,\"name\":\"Pr\u00eamio Profissionais da M\u00fasica 2017, a parceria se renova\"}]},{\"@type\":\"WebSite\",\"@id\":\"https:\\\/\\\/za.mus.br\\\/#website\",\"url\":\"https:\\\/\\\/za.mus.br\\\/\",\"name\":\"Zamus\",\"description\":\"The New Music Market\",\"potentialAction\":[{\"@type\":\"SearchAction\",\"target\":{\"@type\":\"EntryPoint\",\"urlTemplate\":\"https:\\\/\\\/za.mus.br\\\/?s={search_term_string}\"},\"query-input\":{\"@type\":\"PropertyValueSpecification\",\"valueRequired\":true,\"valueName\":\"search_term_string\"}}],\"inLanguage\":\"en-US\"},{\"@type\":\"Person\",\"@id\":\"https:\\\/\\\/za.mus.br\\\/#\\\/schema\\\/person\\\/747d337c5ee2aeb6ae28ebba8b79d04d\",\"name\":\"Guilherme Sampaio\",\"image\":{\"@type\":\"ImageObject\",\"inLanguage\":\"en-US\",\"@id\":\"https:\\\/\\\/za.mus.br\\\/wp-content\\\/uploads\\\/avatars\\\/4\\\/128d56bc5dc81cf406b4afb0f4d93568-bpfull.jpg\",\"url\":\"https:\\\/\\\/za.mus.br\\\/wp-content\\\/uploads\\\/avatars\\\/4\\\/128d56bc5dc81cf406b4afb0f4d93568-bpfull.jpg\",\"contentUrl\":\"https:\\\/\\\/za.mus.br\\\/wp-content\\\/uploads\\\/avatars\\\/4\\\/128d56bc5dc81cf406b4afb0f4d93568-bpfull.jpg\",\"caption\":\"Guilherme Sampaio\"},\"description\":\"O mais responsa de todos!\",\"sameAs\":[\"http:\\\/\\\/www.facebook.com\\\/100001911458925\",\"https:\\\/\\\/x.com\\\/melhergui8\"],\"url\":\"https:\\\/\\\/za.mus.br\\\/en\\\/author\\\/melhergui\\\/\"}]}<\/script>\n<!-- \/ Yoast SEO plugin. -->","yoast_head_json":{"title":"Pr\u00eamio Profissionais da M\u00fasica 2017, a parceria se renova - Zamus","description":"O que posso adiantar \u00e9 que a categoria de Engajamento Digital se manter\u00e1 e ser\u00e1 ainda mais emocionante.","robots":{"index":"index","follow":"follow","max-snippet":"max-snippet:-1","max-image-preview":"max-image-preview:large","max-video-preview":"max-video-preview:-1"},"canonical":"https:\/\/za.mus.br\/premio-profissionais-da-musica-2017-parceria-se-renova\/","og_locale":"en_US","og_type":"article","og_title":"Pr\u00eamio Profissionais da M\u00fasica 2017, a parceria se renova - Zamus","og_description":"O que posso adiantar \u00e9 que a categoria de Engajamento Digital se manter\u00e1 e ser\u00e1 ainda mais emocionante.","og_url":"https:\/\/za.mus.br\/premio-profissionais-da-musica-2017-parceria-se-renova\/","og_site_name":"Zamus","article_publisher":"http:\/\/facebook.com\/zamus","article_author":"http:\/\/www.facebook.com\/100001911458925","article_published_time":"2016-11-21T18:46:28+00:00","og_image":[{"width":1280,"height":366,"url":"https:\/\/i0.wp.com\/za.mus.br\/wp-content\/uploads\/Pr\u00eamio-Profissionais-da-M\u00fasica-2017-a-parceria-se-renova.capa_.jpg?fit=1280%2C366&ssl=1","type":"image\/jpeg"}],"author":"Guilherme Sampaio","twitter_card":"summary_large_image","twitter_creator":"@melhergui8","twitter_site":"@zamusbr","twitter_misc":{"Written by":"Guilherme Sampaio","Est. reading time":"1 minute"},"schema":{"@context":"https:\/\/schema.org","@graph":[{"@type":"Article","@id":"https:\/\/za.mus.br\/premio-profissionais-da-musica-2017-parceria-se-renova\/#article","isPartOf":{"@id":"https:\/\/za.mus.br\/premio-profissionais-da-musica-2017-parceria-se-renova\/"},"author":{"name":"Guilherme Sampaio","@id":"https:\/\/za.mus.br\/#\/schema\/person\/747d337c5ee2aeb6ae28ebba8b79d04d"},"headline":"Pr\u00eamio Profissionais da M\u00fasica 2017, a parceria se renova","datePublished":"2016-11-21T18:46:28+00:00","mainEntityOfPage":{"@id":"https:\/\/za.mus.br\/premio-profissionais-da-musica-2017-parceria-se-renova\/"},"wordCount":252,"commentCount":0,"image":{"@id":"https:\/\/za.mus.br\/premio-profissionais-da-musica-2017-parceria-se-renova\/#primaryimage"},"thumbnailUrl":"https:\/\/i0.wp.com\/za.mus.br\/wp-content\/uploads\/Pr%C3%AAmio-Profissionais-da-M%C3%BAsica-2017-a-parceria-se-renova.capa_.jpg?fit=1280%2C366&ssl=1","keywords":["ABMI","Eventos","Festivais","Independente","Mercado da M\u00fasica","Palestras","Shows","Workshops","YouTube","Zamus"],"articleSection":["M\u00fasica","Neg\u00f3cios","Networking","Not\u00edcias"],"inLanguage":"en-US","potentialAction":[{"@type":"CommentAction","name":"Comment","target":["https:\/\/za.mus.br\/premio-profissionais-da-musica-2017-parceria-se-renova\/#respond"]}]},{"@type":"WebPage","@id":"https:\/\/za.mus.br\/premio-profissionais-da-musica-2017-parceria-se-renova\/","url":"https:\/\/za.mus.br\/premio-profissionais-da-musica-2017-parceria-se-renova\/","name":"Pr\u00eamio Profissionais da M\u00fasica 2017, a parceria se renova - Zamus","isPartOf":{"@id":"https:\/\/za.mus.br\/#website"},"primaryImageOfPage":{"@id":"https:\/\/za.mus.br\/premio-profissionais-da-musica-2017-parceria-se-renova\/#primaryimage"},"image":{"@id":"https:\/\/za.mus.br\/premio-profissionais-da-musica-2017-parceria-se-renova\/#primaryimage"},"thumbnailUrl":"https:\/\/i0.wp.com\/za.mus.br\/wp-content\/uploads\/Pr%C3%AAmio-Profissionais-da-M%C3%BAsica-2017-a-parceria-se-renova.capa_.jpg?fit=1280%2C366&ssl=1","datePublished":"2016-11-21T18:46:28+00:00","author":{"@id":"https:\/\/za.mus.br\/#\/schema\/person\/747d337c5ee2aeb6ae28ebba8b79d04d"},"description":"O que posso adiantar \u00e9 que a categoria de Engajamento Digital se manter\u00e1 e ser\u00e1 ainda mais emocionante.","breadcrumb":{"@id":"https:\/\/za.mus.br\/premio-profissionais-da-musica-2017-parceria-se-renova\/#breadcrumb"},"inLanguage":"en-US","potentialAction":[{"@type":"ReadAction","target":["https:\/\/za.mus.br\/premio-profissionais-da-musica-2017-parceria-se-renova\/"]}]},{"@type":"ImageObject","inLanguage":"en-US","@id":"https:\/\/za.mus.br\/premio-profissionais-da-musica-2017-parceria-se-renova\/#primaryimage","url":"https:\/\/i0.wp.com\/za.mus.br\/wp-content\/uploads\/Pr%C3%AAmio-Profissionais-da-M%C3%BAsica-2017-a-parceria-se-renova.capa_.jpg?fit=1280%2C366&ssl=1","contentUrl":"https:\/\/i0.wp.com\/za.mus.br\/wp-content\/uploads\/Pr%C3%AAmio-Profissionais-da-M%C3%BAsica-2017-a-parceria-se-renova.capa_.jpg?fit=1280%2C366&ssl=1","width":1280,"height":366,"caption":"Pr\u00eamio Profissionais da M\u00fasica 2017 e Zamus, a parceria se renova"},{"@type":"BreadcrumbList","@id":"https:\/\/za.mus.br\/premio-profissionais-da-musica-2017-parceria-se-renova\/#breadcrumb","itemListElement":[{"@type":"ListItem","position":1,"name":"In\u00edcio","item":"https:\/\/za.mus.br\/en\/"},{"@type":"ListItem","position":2,"name":"Pr\u00eamio Profissionais da M\u00fasica 2017, a parceria se renova"}]},{"@type":"WebSite","@id":"https:\/\/za.mus.br\/#website","url":"https:\/\/za.mus.br\/","name":"Zamus","description":"The New Music Market","potentialAction":[{"@type":"SearchAction","target":{"@type":"EntryPoint","urlTemplate":"https:\/\/za.mus.br\/?s={search_term_string}"},"query-input":{"@type":"PropertyValueSpecification","valueRequired":true,"valueName":"search_term_string"}}],"inLanguage":"en-US"},{"@type":"Person","@id":"https:\/\/za.mus.br\/#\/schema\/person\/747d337c5ee2aeb6ae28ebba8b79d04d","name":"Guilherme Sampaio","image":{"@type":"ImageObject","inLanguage":"en-US","@id":"https:\/\/za.mus.br\/wp-content\/uploads\/avatars\/4\/128d56bc5dc81cf406b4afb0f4d93568-bpfull.jpg","url":"https:\/\/za.mus.br\/wp-content\/uploads\/avatars\/4\/128d56bc5dc81cf406b4afb0f4d93568-bpfull.jpg","contentUrl":"https:\/\/za.mus.br\/wp-content\/uploads\/avatars\/4\/128d56bc5dc81cf406b4afb0f4d93568-bpfull.jpg","caption":"Guilherme Sampaio"},"description":"O mais responsa de todos!","sameAs":["http:\/\/www.facebook.com\/100001911458925","https:\/\/x.com\/melhergui8"],"url":"https:\/\/za.mus.br\/en\/author\/melhergui\/"}]}},"jetpack_featured_media_url":"https:\/\/i0.wp.com\/za.mus.br\/wp-content\/uploads\/Pr%C3%AAmio-Profissionais-da-M%C3%BAsica-2017-a-parceria-se-renova.capa_.jpg?fit=1280%2C366&ssl=1","featured_image_src":"https:\/\/i0.wp.com\/za.mus.br\/wp-content\/uploads\/Pr%C3%AAmio-Profissionais-da-M%C3%BAsica-2017-a-parceria-se-renova.capa_.jpg?fit=1280%2C366&ssl=1","jetpack_sharing_enabled":true,"_links":{"self":[{"href":"https:\/\/za.mus.br\/en\/wp-json\/wp\/v2\/posts\/65631","targetHints":{"allow":["GET"]}}],"collection":[{"href":"https:\/\/za.mus.br\/en\/wp-json\/wp\/v2\/posts"}],"about":[{"href":"https:\/\/za.mus.br\/en\/wp-json\/wp\/v2\/types\/post"}],"author":[{"embeddable":true,"href":"https:\/\/za.mus.br\/en\/wp-json\/wp\/v2\/users\/4"}],"replies":[{"embeddable":true,"href":"https:\/\/za.mus.br\/en\/wp-json\/wp\/v2\/comments?post=65631"}],"version-history":[{"count":1,"href":"https:\/\/za.mus.br\/en\/wp-json\/wp\/v2\/posts\/65631\/revisions"}],"predecessor-version":[{"id":65645,"href":"https:\/\/za.mus.br\/en\/wp-json\/wp\/v2\/posts\/65631\/revisions\/65645"}],"wp:featuredmedia":[{"embeddable":true,"href":"https:\/\/za.mus.br\/en\/wp-json\/wp\/v2\/media\/65644"}],"wp:attachment":[{"href":"https:\/\/za.mus.br\/en\/wp-json\/wp\/v2\/media?parent=65631"}],"wp:term":[{"taxonomy":"category","embeddable":true,"href":"https:\/\/za.mus.br\/en\/wp-json\/wp\/v2\/categories?post=65631"},{"taxonomy":"post_tag","embeddable":true,"href":"https:\/\/za.mus.br\/en\/wp-json\/wp\/v2\/tags?post=65631"}],"curies":[{"name":"wp","href":"https:\/\/api.w.org\/{rel}","templated":true}]}}