{"id":65647,"date":"2010-01-20T10:50:41","date_gmt":"2010-01-20T12:50:41","guid":{"rendered":"https:\/\/za.mus.br\/?p=65647"},"modified":"2016-12-14T20:53:58","modified_gmt":"2016-12-14T22:53:58","slug":"festival-de-verao-de-sapucaia-maratoma","status":"publish","type":"post","link":"https:\/\/za.mus.br\/en\/festival-de-verao-de-sapucaia-maratoma\/","title":{"rendered":"Festival de Ver\u00e3o de Sapucaia &#8220;Maratoma&#8221;"},"content":{"rendered":"<h2>Festival de Ver\u00e3o de Sapucaia &#8220;Maratoma&#8221;, come\u00e7a no pr\u00f3ximo final de semana.<\/h2>\n<p>No pr\u00f3ximo final de semana, dias 24 e 25 de Janeiro , acontecer\u00e1 a 9\u00ba Edi\u00e7\u00e3o do \u201cFestival de Ver\u00e3o de Sapucaia \u2013 Maratoma\u201d. Agitam o evento a banda Tchakabum no trio el\u00e9trico e a noite os shows ficar\u00e3o por conta de Dudu Nobre e artistas locais.<br \/>\nA organiza\u00e7\u00e3o do evento \u00e9 de responsabilidade da Prefeitura Municipal de Sapucaia, que conta com o apoio de todos os \u00f3rg\u00e3os de seguran\u00e7a p\u00fablica, tais como PRF e PMERJ, que ir\u00e3o manter a ordem do evento, j\u00e1 que a expectativa \u00e9 que mais de 10.000 pessoas participem do evento, pessoas de diversas cidades da regi\u00e3o, bem como turistas de outros estados como de Minas Gerais pela sua proximidade.<br \/>\nA prefeitura para custear o festival conta com apoio da participa\u00e7\u00e3o do com\u00e9rcio e da Acciona, bem como a patrocinadores e comercializa\u00e7\u00e3o de espa\u00e7os.<\/p>\n<p>O evento tem entrada franca e aberto ao p\u00fablico, a partir das 16h com a sa\u00edda do Trio El\u00e9trico at\u00e9 chegar no parque de exposi\u00e7\u00e3o, onde haver\u00e1 os shows no palco principal.<\/p>\n<p>Programa\u00e7\u00e3o do evento:<\/p>\n<p><strong>24\/Janeiro<\/strong><br \/>\n16h &#8211; Esquenta do Trio El\u00e9trico &#8211; Banda Tchakabum<br \/>\n17h \u00e1s 20h &#8211; Sa\u00edda do trio e percurso.<br \/>\n21h &#8211; Artista local abrindo palco principal<br \/>\n22h &#8211; Dudu Nobre<\/p>\n<p><strong>25\/Janeiro<\/strong><br \/>\n16h &#8211; Esquenta do Trio El\u00e9trico &#8211; Banda Tchakabum<br \/>\n17h \u00e1s 20h &#8211; Sa\u00edda do trio e percurso.<br \/>\n21h &#8211; Artistas locais<\/p>\n","protected":false},"excerpt":{"rendered":"<p>Festival de Ver\u00e3o de Sapucaia &#8220;Maratoma&#8221;, come\u00e7a no pr\u00f3ximo final de semana. No pr\u00f3ximo final de semana, dias 24 e 25 de Janeiro , acontecer\u00e1 a 9\u00ba Edi\u00e7\u00e3o do \u201cFestival de Ver\u00e3o de Sapucaia \u2013 Maratoma\u201d. Agitam o evento a banda Tchakabum no trio el\u00e9trico e a noite os shows ficar\u00e3o por conta de Dudu Nobre e artistas locais. A [&hellip;]<\/p>\n","protected":false},"author":2,"featured_media":65648,"comment_status":"open","ping_status":"open","sticky":false,"template":"","format":"standard","meta":{"_jetpack_memberships_contains_paid_content":false,"footnotes":""},"categories":[1],"tags":[],"class_list":["post-65647","post","type-post","status-publish","format-standard","has-post-thumbnail","hentry","category-musica"],"yoast_head":"<!-- This site is optimized with the Yoast SEO plugin v27.5 - https:\/\/yoast.com\/product\/yoast-seo-wordpress\/ -->\n<title>Festival de Ver\u00e3o de Sapucaia &quot;Maratoma&quot; - Zamus<\/title>\n<meta name=\"robots\" content=\"index, follow, max-snippet:-1, max-image-preview:large, max-video-preview:-1\" \/>\n<link rel=\"canonical\" href=\"https:\/\/za.mus.br\/festival-de-verao-de-sapucaia-maratoma\/\" \/>\n<meta property=\"og:locale\" content=\"en_US\" \/>\n<meta property=\"og:type\" content=\"article\" \/>\n<meta property=\"og:title\" content=\"Festival de Ver\u00e3o de Sapucaia &quot;Maratoma&quot; - Zamus\" \/>\n<meta property=\"og:description\" content=\"Festival de Ver\u00e3o de Sapucaia &#8220;Maratoma&#8221;, come\u00e7a no pr\u00f3ximo final de semana. No pr\u00f3ximo final de semana, dias 24 e 25 de Janeiro , acontecer\u00e1 a 9\u00ba Edi\u00e7\u00e3o do \u201cFestival de Ver\u00e3o de Sapucaia \u2013 Maratoma\u201d. Agitam o evento a banda Tchakabum no trio el\u00e9trico e a noite os shows ficar\u00e3o por conta de Dudu Nobre e artistas locais. A [&hellip;]\" \/>\n<meta property=\"og:url\" content=\"https:\/\/za.mus.br\/festival-de-verao-de-sapucaia-maratoma\/\" \/>\n<meta property=\"og:site_name\" content=\"Zamus\" \/>\n<meta property=\"article:publisher\" content=\"http:\/\/facebook.com\/zamus\" \/>\n<meta property=\"article:author\" content=\"http:\/\/www.facebook.com\/100003649494215\" \/>\n<meta property=\"article:published_time\" content=\"2010-01-20T12:50:41+00:00\" \/>\n<meta property=\"article:modified_time\" content=\"2016-12-14T22:53:58+00:00\" \/>\n<meta property=\"og:image\" content=\"https:\/\/i1.wp.com\/za.mus.br\/wp-content\/uploads\/dudu-nobre1.jpg?fit=650%2C434&ssl=1\" \/>\n\t<meta property=\"og:image:width\" content=\"650\" \/>\n\t<meta property=\"og:image:height\" content=\"434\" \/>\n\t<meta property=\"og:image:type\" content=\"image\/jpeg\" \/>\n<meta name=\"author\" content=\"Zamus\" \/>\n<meta name=\"twitter:card\" content=\"summary_large_image\" \/>\n<meta name=\"twitter:creator\" content=\"@zamusbr\" \/>\n<meta name=\"twitter:site\" content=\"@zamusbr\" \/>\n<meta name=\"twitter:label1\" content=\"Written by\" \/>\n\t<meta name=\"twitter:data1\" content=\"Zamus\" \/>\n\t<meta name=\"twitter:label2\" content=\"Est. reading time\" \/>\n\t<meta name=\"twitter:data2\" content=\"1 minute\" \/>\n<script type=\"application\/ld+json\" class=\"yoast-schema-graph\">{\"@context\":\"https:\\\/\\\/schema.org\",\"@graph\":[{\"@type\":\"Article\",\"@id\":\"https:\\\/\\\/za.mus.br\\\/festival-de-verao-de-sapucaia-maratoma\\\/#article\",\"isPartOf\":{\"@id\":\"https:\\\/\\\/za.mus.br\\\/festival-de-verao-de-sapucaia-maratoma\\\/\"},\"author\":{\"name\":\"Zamus\",\"@id\":\"https:\\\/\\\/za.mus.br\\\/#\\\/schema\\\/person\\\/4f875b70f5af4571b625b6fdfc9455c5\"},\"headline\":\"Festival de Ver\u00e3o de Sapucaia &#8220;Maratoma&#8221;\",\"datePublished\":\"2010-01-20T12:50:41+00:00\",\"dateModified\":\"2016-12-14T22:53:58+00:00\",\"mainEntityOfPage\":{\"@id\":\"https:\\\/\\\/za.mus.br\\\/festival-de-verao-de-sapucaia-maratoma\\\/\"},\"wordCount\":265,\"commentCount\":0,\"image\":{\"@id\":\"https:\\\/\\\/za.mus.br\\\/festival-de-verao-de-sapucaia-maratoma\\\/#primaryimage\"},\"thumbnailUrl\":\"https:\\\/\\\/i0.wp.com\\\/za.mus.br\\\/wp-content\\\/uploads\\\/dudu-nobre1.jpg?fit=650%2C434&ssl=1\",\"articleSection\":[\"M\u00fasica\"],\"inLanguage\":\"en-US\",\"potentialAction\":[{\"@type\":\"CommentAction\",\"name\":\"Comment\",\"target\":[\"https:\\\/\\\/za.mus.br\\\/festival-de-verao-de-sapucaia-maratoma\\\/#respond\"]}]},{\"@type\":\"WebPage\",\"@id\":\"https:\\\/\\\/za.mus.br\\\/festival-de-verao-de-sapucaia-maratoma\\\/\",\"url\":\"https:\\\/\\\/za.mus.br\\\/festival-de-verao-de-sapucaia-maratoma\\\/\",\"name\":\"Festival de Ver\u00e3o de Sapucaia \\\"Maratoma\\\" - Zamus\",\"isPartOf\":{\"@id\":\"https:\\\/\\\/za.mus.br\\\/#website\"},\"primaryImageOfPage\":{\"@id\":\"https:\\\/\\\/za.mus.br\\\/festival-de-verao-de-sapucaia-maratoma\\\/#primaryimage\"},\"image\":{\"@id\":\"https:\\\/\\\/za.mus.br\\\/festival-de-verao-de-sapucaia-maratoma\\\/#primaryimage\"},\"thumbnailUrl\":\"https:\\\/\\\/i0.wp.com\\\/za.mus.br\\\/wp-content\\\/uploads\\\/dudu-nobre1.jpg?fit=650%2C434&ssl=1\",\"datePublished\":\"2010-01-20T12:50:41+00:00\",\"dateModified\":\"2016-12-14T22:53:58+00:00\",\"author\":{\"@id\":\"https:\\\/\\\/za.mus.br\\\/#\\\/schema\\\/person\\\/4f875b70f5af4571b625b6fdfc9455c5\"},\"breadcrumb\":{\"@id\":\"https:\\\/\\\/za.mus.br\\\/festival-de-verao-de-sapucaia-maratoma\\\/#breadcrumb\"},\"inLanguage\":\"en-US\",\"potentialAction\":[{\"@type\":\"ReadAction\",\"target\":[\"https:\\\/\\\/za.mus.br\\\/festival-de-verao-de-sapucaia-maratoma\\\/\"]}]},{\"@type\":\"ImageObject\",\"inLanguage\":\"en-US\",\"@id\":\"https:\\\/\\\/za.mus.br\\\/festival-de-verao-de-sapucaia-maratoma\\\/#primaryimage\",\"url\":\"https:\\\/\\\/i0.wp.com\\\/za.mus.br\\\/wp-content\\\/uploads\\\/dudu-nobre1.jpg?fit=650%2C434&ssl=1\",\"contentUrl\":\"https:\\\/\\\/i0.wp.com\\\/za.mus.br\\\/wp-content\\\/uploads\\\/dudu-nobre1.jpg?fit=650%2C434&ssl=1\",\"width\":650,\"height\":434},{\"@type\":\"BreadcrumbList\",\"@id\":\"https:\\\/\\\/za.mus.br\\\/festival-de-verao-de-sapucaia-maratoma\\\/#breadcrumb\",\"itemListElement\":[{\"@type\":\"ListItem\",\"position\":1,\"name\":\"In\u00edcio\",\"item\":\"https:\\\/\\\/za.mus.br\\\/en\\\/\"},{\"@type\":\"ListItem\",\"position\":2,\"name\":\"Festival de Ver\u00e3o de Sapucaia &#8220;Maratoma&#8221;\"}]},{\"@type\":\"WebSite\",\"@id\":\"https:\\\/\\\/za.mus.br\\\/#website\",\"url\":\"https:\\\/\\\/za.mus.br\\\/\",\"name\":\"Zamus\",\"description\":\"The New Music Market\",\"potentialAction\":[{\"@type\":\"SearchAction\",\"target\":{\"@type\":\"EntryPoint\",\"urlTemplate\":\"https:\\\/\\\/za.mus.br\\\/?s={search_term_string}\"},\"query-input\":{\"@type\":\"PropertyValueSpecification\",\"valueRequired\":true,\"valueName\":\"search_term_string\"}}],\"inLanguage\":\"en-US\"},{\"@type\":\"Person\",\"@id\":\"https:\\\/\\\/za.mus.br\\\/#\\\/schema\\\/person\\\/4f875b70f5af4571b625b6fdfc9455c5\",\"name\":\"Zamus\",\"image\":{\"@type\":\"ImageObject\",\"inLanguage\":\"en-US\",\"@id\":\"https:\\\/\\\/za.mus.br\\\/wp-content\\\/uploads\\\/avatars\\\/2\\\/bdaf423d199575f03f26e548d1c12cb9-bpfull.png\",\"url\":\"https:\\\/\\\/za.mus.br\\\/wp-content\\\/uploads\\\/avatars\\\/2\\\/bdaf423d199575f03f26e548d1c12cb9-bpfull.png\",\"contentUrl\":\"https:\\\/\\\/za.mus.br\\\/wp-content\\\/uploads\\\/avatars\\\/2\\\/bdaf423d199575f03f26e548d1c12cb9-bpfull.png\",\"caption\":\"Zamus\"},\"sameAs\":[\"https:\\\/\\\/za.mus.br\",\"http:\\\/\\\/www.facebook.com\\\/100003649494215\"],\"url\":\"https:\\\/\\\/za.mus.br\\\/en\\\/author\\\/zamus\\\/\"}]}<\/script>\n<!-- \/ Yoast SEO plugin. -->","yoast_head_json":{"title":"Festival de Ver\u00e3o de Sapucaia \"Maratoma\" - Zamus","robots":{"index":"index","follow":"follow","max-snippet":"max-snippet:-1","max-image-preview":"max-image-preview:large","max-video-preview":"max-video-preview:-1"},"canonical":"https:\/\/za.mus.br\/festival-de-verao-de-sapucaia-maratoma\/","og_locale":"en_US","og_type":"article","og_title":"Festival de Ver\u00e3o de Sapucaia \"Maratoma\" - Zamus","og_description":"Festival de Ver\u00e3o de Sapucaia &#8220;Maratoma&#8221;, come\u00e7a no pr\u00f3ximo final de semana. No pr\u00f3ximo final de semana, dias 24 e 25 de Janeiro , acontecer\u00e1 a 9\u00ba Edi\u00e7\u00e3o do \u201cFestival de Ver\u00e3o de Sapucaia \u2013 Maratoma\u201d. Agitam o evento a banda Tchakabum no trio el\u00e9trico e a noite os shows ficar\u00e3o por conta de Dudu Nobre e artistas locais. A [&hellip;]","og_url":"https:\/\/za.mus.br\/festival-de-verao-de-sapucaia-maratoma\/","og_site_name":"Zamus","article_publisher":"http:\/\/facebook.com\/zamus","article_author":"http:\/\/www.facebook.com\/100003649494215","article_published_time":"2010-01-20T12:50:41+00:00","article_modified_time":"2016-12-14T22:53:58+00:00","og_image":[{"width":650,"height":434,"url":"https:\/\/i1.wp.com\/za.mus.br\/wp-content\/uploads\/dudu-nobre1.jpg?fit=650%2C434&ssl=1","type":"image\/jpeg"}],"author":"Zamus","twitter_card":"summary_large_image","twitter_creator":"@zamusbr","twitter_site":"@zamusbr","twitter_misc":{"Written by":"Zamus","Est. reading time":"1 minute"},"schema":{"@context":"https:\/\/schema.org","@graph":[{"@type":"Article","@id":"https:\/\/za.mus.br\/festival-de-verao-de-sapucaia-maratoma\/#article","isPartOf":{"@id":"https:\/\/za.mus.br\/festival-de-verao-de-sapucaia-maratoma\/"},"author":{"name":"Zamus","@id":"https:\/\/za.mus.br\/#\/schema\/person\/4f875b70f5af4571b625b6fdfc9455c5"},"headline":"Festival de Ver\u00e3o de Sapucaia &#8220;Maratoma&#8221;","datePublished":"2010-01-20T12:50:41+00:00","dateModified":"2016-12-14T22:53:58+00:00","mainEntityOfPage":{"@id":"https:\/\/za.mus.br\/festival-de-verao-de-sapucaia-maratoma\/"},"wordCount":265,"commentCount":0,"image":{"@id":"https:\/\/za.mus.br\/festival-de-verao-de-sapucaia-maratoma\/#primaryimage"},"thumbnailUrl":"https:\/\/i0.wp.com\/za.mus.br\/wp-content\/uploads\/dudu-nobre1.jpg?fit=650%2C434&ssl=1","articleSection":["M\u00fasica"],"inLanguage":"en-US","potentialAction":[{"@type":"CommentAction","name":"Comment","target":["https:\/\/za.mus.br\/festival-de-verao-de-sapucaia-maratoma\/#respond"]}]},{"@type":"WebPage","@id":"https:\/\/za.mus.br\/festival-de-verao-de-sapucaia-maratoma\/","url":"https:\/\/za.mus.br\/festival-de-verao-de-sapucaia-maratoma\/","name":"Festival de Ver\u00e3o de Sapucaia \"Maratoma\" - Zamus","isPartOf":{"@id":"https:\/\/za.mus.br\/#website"},"primaryImageOfPage":{"@id":"https:\/\/za.mus.br\/festival-de-verao-de-sapucaia-maratoma\/#primaryimage"},"image":{"@id":"https:\/\/za.mus.br\/festival-de-verao-de-sapucaia-maratoma\/#primaryimage"},"thumbnailUrl":"https:\/\/i0.wp.com\/za.mus.br\/wp-content\/uploads\/dudu-nobre1.jpg?fit=650%2C434&ssl=1","datePublished":"2010-01-20T12:50:41+00:00","dateModified":"2016-12-14T22:53:58+00:00","author":{"@id":"https:\/\/za.mus.br\/#\/schema\/person\/4f875b70f5af4571b625b6fdfc9455c5"},"breadcrumb":{"@id":"https:\/\/za.mus.br\/festival-de-verao-de-sapucaia-maratoma\/#breadcrumb"},"inLanguage":"en-US","potentialAction":[{"@type":"ReadAction","target":["https:\/\/za.mus.br\/festival-de-verao-de-sapucaia-maratoma\/"]}]},{"@type":"ImageObject","inLanguage":"en-US","@id":"https:\/\/za.mus.br\/festival-de-verao-de-sapucaia-maratoma\/#primaryimage","url":"https:\/\/i0.wp.com\/za.mus.br\/wp-content\/uploads\/dudu-nobre1.jpg?fit=650%2C434&ssl=1","contentUrl":"https:\/\/i0.wp.com\/za.mus.br\/wp-content\/uploads\/dudu-nobre1.jpg?fit=650%2C434&ssl=1","width":650,"height":434},{"@type":"BreadcrumbList","@id":"https:\/\/za.mus.br\/festival-de-verao-de-sapucaia-maratoma\/#breadcrumb","itemListElement":[{"@type":"ListItem","position":1,"name":"In\u00edcio","item":"https:\/\/za.mus.br\/en\/"},{"@type":"ListItem","position":2,"name":"Festival de Ver\u00e3o de Sapucaia &#8220;Maratoma&#8221;"}]},{"@type":"WebSite","@id":"https:\/\/za.mus.br\/#website","url":"https:\/\/za.mus.br\/","name":"Zamus","description":"The New Music Market","potentialAction":[{"@type":"SearchAction","target":{"@type":"EntryPoint","urlTemplate":"https:\/\/za.mus.br\/?s={search_term_string}"},"query-input":{"@type":"PropertyValueSpecification","valueRequired":true,"valueName":"search_term_string"}}],"inLanguage":"en-US"},{"@type":"Person","@id":"https:\/\/za.mus.br\/#\/schema\/person\/4f875b70f5af4571b625b6fdfc9455c5","name":"Zamus","image":{"@type":"ImageObject","inLanguage":"en-US","@id":"https:\/\/za.mus.br\/wp-content\/uploads\/avatars\/2\/bdaf423d199575f03f26e548d1c12cb9-bpfull.png","url":"https:\/\/za.mus.br\/wp-content\/uploads\/avatars\/2\/bdaf423d199575f03f26e548d1c12cb9-bpfull.png","contentUrl":"https:\/\/za.mus.br\/wp-content\/uploads\/avatars\/2\/bdaf423d199575f03f26e548d1c12cb9-bpfull.png","caption":"Zamus"},"sameAs":["https:\/\/za.mus.br","http:\/\/www.facebook.com\/100003649494215"],"url":"https:\/\/za.mus.br\/en\/author\/zamus\/"}]}},"jetpack_featured_media_url":"https:\/\/i0.wp.com\/za.mus.br\/wp-content\/uploads\/dudu-nobre1.jpg?fit=650%2C434&ssl=1","featured_image_src":"https:\/\/i0.wp.com\/za.mus.br\/wp-content\/uploads\/dudu-nobre1.jpg?fit=650%2C434&ssl=1","jetpack_sharing_enabled":true,"_links":{"self":[{"href":"https:\/\/za.mus.br\/en\/wp-json\/wp\/v2\/posts\/65647","targetHints":{"allow":["GET"]}}],"collection":[{"href":"https:\/\/za.mus.br\/en\/wp-json\/wp\/v2\/posts"}],"about":[{"href":"https:\/\/za.mus.br\/en\/wp-json\/wp\/v2\/types\/post"}],"author":[{"embeddable":true,"href":"https:\/\/za.mus.br\/en\/wp-json\/wp\/v2\/users\/2"}],"replies":[{"embeddable":true,"href":"https:\/\/za.mus.br\/en\/wp-json\/wp\/v2\/comments?post=65647"}],"version-history":[{"count":1,"href":"https:\/\/za.mus.br\/en\/wp-json\/wp\/v2\/posts\/65647\/revisions"}],"predecessor-version":[{"id":65649,"href":"https:\/\/za.mus.br\/en\/wp-json\/wp\/v2\/posts\/65647\/revisions\/65649"}],"wp:featuredmedia":[{"embeddable":true,"href":"https:\/\/za.mus.br\/en\/wp-json\/wp\/v2\/media\/65648"}],"wp:attachment":[{"href":"https:\/\/za.mus.br\/en\/wp-json\/wp\/v2\/media?parent=65647"}],"wp:term":[{"taxonomy":"category","embeddable":true,"href":"https:\/\/za.mus.br\/en\/wp-json\/wp\/v2\/categories?post=65647"},{"taxonomy":"post_tag","embeddable":true,"href":"https:\/\/za.mus.br\/en\/wp-json\/wp\/v2\/tags?post=65647"}],"curies":[{"name":"wp","href":"https:\/\/api.w.org\/{rel}","templated":true}]}}