{"id":65650,"date":"2010-01-28T12:22:33","date_gmt":"2010-01-28T14:22:33","guid":{"rendered":"https:\/\/za.mus.br\/?p=65650\/"},"modified":"2016-12-14T22:30:56","modified_gmt":"2016-12-15T00:30:56","slug":"como-foi-o-festival-de-verao-de-sapucaia-maratoma-2010","status":"publish","type":"post","link":"https:\/\/za.mus.br\/en\/como-foi-o-festival-de-verao-de-sapucaia-maratoma-2010\/","title":{"rendered":"Como foi o Festival de Ver\u00e3o de Sapucaia &#8220;Maratoma 2010&#8221;"},"content":{"rendered":"<p>Em sua nona edi\u00e7\u00e3o, o Festival de Ver\u00e3o de Sapucaia &#8220;Maratoma 2010&#8221;, superou todas as expectativas de sua organiza\u00e7\u00e3o, que neste ano ficou sob responsabilidade da prefeitura municipal. De acordo com os c\u00e1lculos da pol\u00edcia militar o evento, com entrada franca e aberto ao p\u00fablico, que ocorreu no \u00faltimo final de semana (24 e 25), reuniu cerca de 12.600 pessoas e foi absolutamente tranquilo e sem incidentes. O evento que no ano passado mudou de data, ap\u00f3s sofrer duras cr\u00edticas de alguns integrantes da comunidade cat\u00f3lica local, trouxe para o calend\u00e1rio de eventos do munic\u00edpio, divertimento ao p\u00fablico jovem, a exemplo dos grandes festivais, e se manteve firme garantindo sucesso total e p\u00fablico recorde sob o comando da banda <a href=\"http:\/\/www.tchakabum.com.br\/\" target=\"_blank\">Tchakabum<\/a> e seu trio el\u00e9trico, <a href=\"http:\/\/www.dudunobre.com.br\/\" target=\"_blank\">Dudu Nobre<\/a> no palco principal e outras atra\u00e7\u00f5es que garantiam a festa dos foli\u00f5es.<\/p>\n<p>\n\t\t<style type=\"text\/css\">\n\t\t\t#gallery-1 {\n\t\t\t\tmargin: auto;\n\t\t\t}\n\t\t\t#gallery-1 .gallery-item {\n\t\t\t\tfloat: left;\n\t\t\t\tmargin-top: 10px;\n\t\t\t\ttext-align: center;\n\t\t\t\twidth: 33%;\n\t\t\t}\n\t\t\t#gallery-1 img {\n\t\t\t\tborder: 2px solid #cfcfcf;\n\t\t\t}\n\t\t\t#gallery-1 .gallery-caption {\n\t\t\t\tmargin-left: 0;\n\t\t\t}\n\t\t\t\/* see gallery_shortcode() in wp-includes\/media.php *\/\n\t\t<\/style>\n\t\t<div id='gallery-1' class='gallery galleryid-65650 gallery-columns-3 gallery-size-thumbnail'><dl class='gallery-item'>\n\t\t\t<dt class='gallery-icon landscape'>\n\t\t\t\t<a href=\"https:\/\/i0.wp.com\/za.mus.br\/wp-content\/uploads\/Maratoma-2010.jpg?ssl=1\"><img loading=\"lazy\" decoding=\"async\" width=\"150\" height=\"150\" src=\"https:\/\/i0.wp.com\/za.mus.br\/wp-content\/uploads\/Maratoma-2010.jpg?resize=150%2C150&amp;ssl=1\" class=\"attachment-thumbnail size-thumbnail\" alt=\"\" srcset=\"https:\/\/i0.wp.com\/za.mus.br\/wp-content\/uploads\/Maratoma-2010.jpg?resize=150%2C150&amp;ssl=1 150w, https:\/\/i0.wp.com\/za.mus.br\/wp-content\/uploads\/Maratoma-2010.jpg?zoom=2&amp;resize=150%2C150&amp;ssl=1 300w, https:\/\/i0.wp.com\/za.mus.br\/wp-content\/uploads\/Maratoma-2010.jpg?zoom=3&amp;resize=150%2C150&amp;ssl=1 450w\" sizes=\"auto, (max-width: 150px) 100vw, 150px\" \/><\/a>\n\t\t\t<\/dt><\/dl><dl class='gallery-item'>\n\t\t\t<dt class='gallery-icon landscape'>\n\t\t\t\t<a href=\"https:\/\/i0.wp.com\/za.mus.br\/wp-content\/uploads\/Maratoma2010_DuduNobre5.jpg?ssl=1\"><img loading=\"lazy\" decoding=\"async\" width=\"150\" height=\"150\" src=\"https:\/\/i0.wp.com\/za.mus.br\/wp-content\/uploads\/Maratoma2010_DuduNobre5.jpg?resize=150%2C150&amp;ssl=1\" class=\"attachment-thumbnail size-thumbnail\" alt=\"\" \/><\/a>\n\t\t\t<\/dt><\/dl><dl class='gallery-item'>\n\t\t\t<dt class='gallery-icon landscape'>\n\t\t\t\t<a href=\"https:\/\/i0.wp.com\/za.mus.br\/wp-content\/uploads\/Maratoma2010_DuduNobre4.jpg?ssl=1\"><img loading=\"lazy\" decoding=\"async\" width=\"150\" height=\"150\" src=\"https:\/\/i0.wp.com\/za.mus.br\/wp-content\/uploads\/Maratoma2010_DuduNobre4.jpg?resize=150%2C150&amp;ssl=1\" class=\"attachment-thumbnail size-thumbnail\" alt=\"\" \/><\/a>\n\t\t\t<\/dt><\/dl><br style=\"clear: both\" \/><dl class='gallery-item'>\n\t\t\t<dt class='gallery-icon landscape'>\n\t\t\t\t<a href=\"https:\/\/i0.wp.com\/za.mus.br\/wp-content\/uploads\/bloco-de-rua2.jpg?ssl=1\"><img loading=\"lazy\" decoding=\"async\" width=\"150\" height=\"150\" src=\"https:\/\/i0.wp.com\/za.mus.br\/wp-content\/uploads\/bloco-de-rua2.jpg?resize=150%2C150&amp;ssl=1\" class=\"attachment-thumbnail size-thumbnail\" alt=\"\" srcset=\"https:\/\/i0.wp.com\/za.mus.br\/wp-content\/uploads\/bloco-de-rua2.jpg?resize=150%2C150&amp;ssl=1 150w, https:\/\/i0.wp.com\/za.mus.br\/wp-content\/uploads\/bloco-de-rua2.jpg?resize=44%2C44&amp;ssl=1 44w, https:\/\/i0.wp.com\/za.mus.br\/wp-content\/uploads\/bloco-de-rua2.jpg?zoom=2&amp;resize=150%2C150&amp;ssl=1 300w, https:\/\/i0.wp.com\/za.mus.br\/wp-content\/uploads\/bloco-de-rua2.jpg?zoom=3&amp;resize=150%2C150&amp;ssl=1 450w\" sizes=\"auto, (max-width: 150px) 100vw, 150px\" \/><\/a>\n\t\t\t<\/dt><\/dl><dl class='gallery-item'>\n\t\t\t<dt class='gallery-icon landscape'>\n\t\t\t\t<a href=\"https:\/\/i0.wp.com\/za.mus.br\/wp-content\/uploads\/Maratoma2010_Dan%C3%A7arinos.jpg?ssl=1\"><img loading=\"lazy\" decoding=\"async\" width=\"150\" height=\"150\" src=\"https:\/\/i0.wp.com\/za.mus.br\/wp-content\/uploads\/Maratoma2010_Dan%C3%A7arinos.jpg?resize=150%2C150&amp;ssl=1\" class=\"attachment-thumbnail size-thumbnail\" alt=\"\" \/><\/a>\n\t\t\t<\/dt><\/dl>\n\t\t\t<br style='clear: both' \/>\n\t\t<\/div>\n<br \/>\nA organiza\u00e7\u00e3o total da prefeitura, o apoio de diversas r\u00e1dios, a participa\u00e7\u00e3o do com\u00e9rcio como patrocinadores, da Acciona, PRF e PMERJ, garantiram o sucesso do evento que resiste ao tempo, as cr\u00edticas e as manifesta\u00e7\u00f5es contr\u00e1rias, sendo parte integrante das atividades de cunho tur\u00edstico e cultural de Sapucaia.<\/p>\n","protected":false},"excerpt":{"rendered":"<p>Em sua nona edi\u00e7\u00e3o, o Festival de Ver\u00e3o de Sapucaia &#8220;Maratoma 2010&#8221;, superou todas as expectativas de sua organiza\u00e7\u00e3o, que neste ano ficou sob responsabilidade da prefeitura municipal. De acordo com os c\u00e1lculos da pol\u00edcia militar o evento, com entrada franca e aberto ao p\u00fablico, que ocorreu no \u00faltimo final de semana (24 e 25), reuniu cerca de 12.600 pessoas [&hellip;]<\/p>\n","protected":false},"author":2,"featured_media":65651,"comment_status":"open","ping_status":"open","sticky":false,"template":"","format":"standard","meta":{"_jetpack_memberships_contains_paid_content":false,"footnotes":""},"categories":[1,7],"tags":[],"class_list":["post-65650","post","type-post","status-publish","format-standard","has-post-thumbnail","hentry","category-musica","category-noticias"],"yoast_head":"<!-- This site is optimized with the Yoast SEO plugin v27.5 - https:\/\/yoast.com\/product\/yoast-seo-wordpress\/ -->\n<title>Como foi o Festival de Ver\u00e3o de Sapucaia &quot;Maratoma 2010&quot; - Zamus<\/title>\n<meta name=\"robots\" content=\"index, follow, max-snippet:-1, max-image-preview:large, max-video-preview:-1\" \/>\n<link rel=\"canonical\" href=\"https:\/\/za.mus.br\/como-foi-o-festival-de-verao-de-sapucaia-maratoma-2010\/\" \/>\n<meta property=\"og:locale\" content=\"en_US\" \/>\n<meta property=\"og:type\" content=\"article\" \/>\n<meta property=\"og:title\" content=\"Como foi o Festival de Ver\u00e3o de Sapucaia &quot;Maratoma 2010&quot; - Zamus\" \/>\n<meta property=\"og:description\" content=\"Em sua nona edi\u00e7\u00e3o, o Festival de Ver\u00e3o de Sapucaia &#8220;Maratoma 2010&#8221;, superou todas as expectativas de sua organiza\u00e7\u00e3o, que neste ano ficou sob responsabilidade da prefeitura municipal. De acordo com os c\u00e1lculos da pol\u00edcia militar o evento, com entrada franca e aberto ao p\u00fablico, que ocorreu no \u00faltimo final de semana (24 e 25), reuniu cerca de 12.600 pessoas [&hellip;]\" \/>\n<meta property=\"og:url\" content=\"https:\/\/za.mus.br\/como-foi-o-festival-de-verao-de-sapucaia-maratoma-2010\/\" \/>\n<meta property=\"og:site_name\" content=\"Zamus\" \/>\n<meta property=\"article:publisher\" content=\"http:\/\/facebook.com\/zamus\" \/>\n<meta property=\"article:author\" content=\"http:\/\/www.facebook.com\/100003649494215\" \/>\n<meta property=\"article:published_time\" content=\"2010-01-28T14:22:33+00:00\" \/>\n<meta property=\"article:modified_time\" content=\"2016-12-15T00:30:56+00:00\" \/>\n<meta property=\"og:image\" content=\"https:\/\/i2.wp.com\/za.mus.br\/wp-content\/uploads\/bloco-de-rua2.jpg?fit=640%2C480&ssl=1\" \/>\n\t<meta property=\"og:image:width\" content=\"640\" \/>\n\t<meta property=\"og:image:height\" content=\"480\" \/>\n\t<meta property=\"og:image:type\" content=\"image\/jpeg\" \/>\n<meta name=\"author\" content=\"Zamus\" \/>\n<meta name=\"twitter:card\" content=\"summary_large_image\" \/>\n<meta name=\"twitter:creator\" content=\"@zamusbr\" \/>\n<meta name=\"twitter:site\" content=\"@zamusbr\" \/>\n<meta name=\"twitter:label1\" content=\"Written by\" \/>\n\t<meta name=\"twitter:data1\" content=\"Zamus\" \/>\n\t<meta name=\"twitter:label2\" content=\"Est. reading time\" \/>\n\t<meta name=\"twitter:data2\" content=\"1 minute\" \/>\n<script type=\"application\/ld+json\" class=\"yoast-schema-graph\">{\"@context\":\"https:\\\/\\\/schema.org\",\"@graph\":[{\"@type\":\"Article\",\"@id\":\"https:\\\/\\\/za.mus.br\\\/como-foi-o-festival-de-verao-de-sapucaia-maratoma-2010\\\/#article\",\"isPartOf\":{\"@id\":\"https:\\\/\\\/za.mus.br\\\/como-foi-o-festival-de-verao-de-sapucaia-maratoma-2010\\\/\"},\"author\":{\"name\":\"Zamus\",\"@id\":\"https:\\\/\\\/za.mus.br\\\/#\\\/schema\\\/person\\\/4f875b70f5af4571b625b6fdfc9455c5\"},\"headline\":\"Como foi o Festival de Ver\u00e3o de Sapucaia &#8220;Maratoma 2010&#8221;\",\"datePublished\":\"2010-01-28T14:22:33+00:00\",\"dateModified\":\"2016-12-15T00:30:56+00:00\",\"mainEntityOfPage\":{\"@id\":\"https:\\\/\\\/za.mus.br\\\/como-foi-o-festival-de-verao-de-sapucaia-maratoma-2010\\\/\"},\"wordCount\":222,\"commentCount\":0,\"image\":{\"@id\":\"https:\\\/\\\/za.mus.br\\\/como-foi-o-festival-de-verao-de-sapucaia-maratoma-2010\\\/#primaryimage\"},\"thumbnailUrl\":\"https:\\\/\\\/i0.wp.com\\\/za.mus.br\\\/wp-content\\\/uploads\\\/bloco-de-rua2.jpg?fit=640%2C480&ssl=1\",\"articleSection\":[\"M\u00fasica\",\"Not\u00edcias\"],\"inLanguage\":\"en-US\",\"potentialAction\":[{\"@type\":\"CommentAction\",\"name\":\"Comment\",\"target\":[\"https:\\\/\\\/za.mus.br\\\/como-foi-o-festival-de-verao-de-sapucaia-maratoma-2010\\\/#respond\"]}]},{\"@type\":\"WebPage\",\"@id\":\"https:\\\/\\\/za.mus.br\\\/como-foi-o-festival-de-verao-de-sapucaia-maratoma-2010\\\/\",\"url\":\"https:\\\/\\\/za.mus.br\\\/como-foi-o-festival-de-verao-de-sapucaia-maratoma-2010\\\/\",\"name\":\"Como foi o Festival de Ver\u00e3o de Sapucaia \\\"Maratoma 2010\\\" - Zamus\",\"isPartOf\":{\"@id\":\"https:\\\/\\\/za.mus.br\\\/#website\"},\"primaryImageOfPage\":{\"@id\":\"https:\\\/\\\/za.mus.br\\\/como-foi-o-festival-de-verao-de-sapucaia-maratoma-2010\\\/#primaryimage\"},\"image\":{\"@id\":\"https:\\\/\\\/za.mus.br\\\/como-foi-o-festival-de-verao-de-sapucaia-maratoma-2010\\\/#primaryimage\"},\"thumbnailUrl\":\"https:\\\/\\\/i0.wp.com\\\/za.mus.br\\\/wp-content\\\/uploads\\\/bloco-de-rua2.jpg?fit=640%2C480&ssl=1\",\"datePublished\":\"2010-01-28T14:22:33+00:00\",\"dateModified\":\"2016-12-15T00:30:56+00:00\",\"author\":{\"@id\":\"https:\\\/\\\/za.mus.br\\\/#\\\/schema\\\/person\\\/4f875b70f5af4571b625b6fdfc9455c5\"},\"breadcrumb\":{\"@id\":\"https:\\\/\\\/za.mus.br\\\/como-foi-o-festival-de-verao-de-sapucaia-maratoma-2010\\\/#breadcrumb\"},\"inLanguage\":\"en-US\",\"potentialAction\":[{\"@type\":\"ReadAction\",\"target\":[\"https:\\\/\\\/za.mus.br\\\/como-foi-o-festival-de-verao-de-sapucaia-maratoma-2010\\\/\"]}]},{\"@type\":\"ImageObject\",\"inLanguage\":\"en-US\",\"@id\":\"https:\\\/\\\/za.mus.br\\\/como-foi-o-festival-de-verao-de-sapucaia-maratoma-2010\\\/#primaryimage\",\"url\":\"https:\\\/\\\/i0.wp.com\\\/za.mus.br\\\/wp-content\\\/uploads\\\/bloco-de-rua2.jpg?fit=640%2C480&ssl=1\",\"contentUrl\":\"https:\\\/\\\/i0.wp.com\\\/za.mus.br\\\/wp-content\\\/uploads\\\/bloco-de-rua2.jpg?fit=640%2C480&ssl=1\",\"width\":640,\"height\":480},{\"@type\":\"BreadcrumbList\",\"@id\":\"https:\\\/\\\/za.mus.br\\\/como-foi-o-festival-de-verao-de-sapucaia-maratoma-2010\\\/#breadcrumb\",\"itemListElement\":[{\"@type\":\"ListItem\",\"position\":1,\"name\":\"In\u00edcio\",\"item\":\"https:\\\/\\\/za.mus.br\\\/en\\\/\"},{\"@type\":\"ListItem\",\"position\":2,\"name\":\"Como foi o Festival de Ver\u00e3o de Sapucaia &#8220;Maratoma 2010&#8221;\"}]},{\"@type\":\"WebSite\",\"@id\":\"https:\\\/\\\/za.mus.br\\\/#website\",\"url\":\"https:\\\/\\\/za.mus.br\\\/\",\"name\":\"Zamus\",\"description\":\"The New Music Market\",\"potentialAction\":[{\"@type\":\"SearchAction\",\"target\":{\"@type\":\"EntryPoint\",\"urlTemplate\":\"https:\\\/\\\/za.mus.br\\\/?s={search_term_string}\"},\"query-input\":{\"@type\":\"PropertyValueSpecification\",\"valueRequired\":true,\"valueName\":\"search_term_string\"}}],\"inLanguage\":\"en-US\"},{\"@type\":\"Person\",\"@id\":\"https:\\\/\\\/za.mus.br\\\/#\\\/schema\\\/person\\\/4f875b70f5af4571b625b6fdfc9455c5\",\"name\":\"Zamus\",\"image\":{\"@type\":\"ImageObject\",\"inLanguage\":\"en-US\",\"@id\":\"https:\\\/\\\/za.mus.br\\\/wp-content\\\/uploads\\\/avatars\\\/2\\\/bdaf423d199575f03f26e548d1c12cb9-bpfull.png\",\"url\":\"https:\\\/\\\/za.mus.br\\\/wp-content\\\/uploads\\\/avatars\\\/2\\\/bdaf423d199575f03f26e548d1c12cb9-bpfull.png\",\"contentUrl\":\"https:\\\/\\\/za.mus.br\\\/wp-content\\\/uploads\\\/avatars\\\/2\\\/bdaf423d199575f03f26e548d1c12cb9-bpfull.png\",\"caption\":\"Zamus\"},\"sameAs\":[\"https:\\\/\\\/za.mus.br\",\"http:\\\/\\\/www.facebook.com\\\/100003649494215\"],\"url\":\"https:\\\/\\\/za.mus.br\\\/en\\\/author\\\/zamus\\\/\"}]}<\/script>\n<!-- \/ Yoast SEO plugin. -->","yoast_head_json":{"title":"Como foi o Festival de Ver\u00e3o de Sapucaia \"Maratoma 2010\" - Zamus","robots":{"index":"index","follow":"follow","max-snippet":"max-snippet:-1","max-image-preview":"max-image-preview:large","max-video-preview":"max-video-preview:-1"},"canonical":"https:\/\/za.mus.br\/como-foi-o-festival-de-verao-de-sapucaia-maratoma-2010\/","og_locale":"en_US","og_type":"article","og_title":"Como foi o Festival de Ver\u00e3o de Sapucaia \"Maratoma 2010\" - Zamus","og_description":"Em sua nona edi\u00e7\u00e3o, o Festival de Ver\u00e3o de Sapucaia &#8220;Maratoma 2010&#8221;, superou todas as expectativas de sua organiza\u00e7\u00e3o, que neste ano ficou sob responsabilidade da prefeitura municipal. De acordo com os c\u00e1lculos da pol\u00edcia militar o evento, com entrada franca e aberto ao p\u00fablico, que ocorreu no \u00faltimo final de semana (24 e 25), reuniu cerca de 12.600 pessoas [&hellip;]","og_url":"https:\/\/za.mus.br\/como-foi-o-festival-de-verao-de-sapucaia-maratoma-2010\/","og_site_name":"Zamus","article_publisher":"http:\/\/facebook.com\/zamus","article_author":"http:\/\/www.facebook.com\/100003649494215","article_published_time":"2010-01-28T14:22:33+00:00","article_modified_time":"2016-12-15T00:30:56+00:00","og_image":[{"width":640,"height":480,"url":"https:\/\/i2.wp.com\/za.mus.br\/wp-content\/uploads\/bloco-de-rua2.jpg?fit=640%2C480&ssl=1","type":"image\/jpeg"}],"author":"Zamus","twitter_card":"summary_large_image","twitter_creator":"@zamusbr","twitter_site":"@zamusbr","twitter_misc":{"Written by":"Zamus","Est. reading time":"1 minute"},"schema":{"@context":"https:\/\/schema.org","@graph":[{"@type":"Article","@id":"https:\/\/za.mus.br\/como-foi-o-festival-de-verao-de-sapucaia-maratoma-2010\/#article","isPartOf":{"@id":"https:\/\/za.mus.br\/como-foi-o-festival-de-verao-de-sapucaia-maratoma-2010\/"},"author":{"name":"Zamus","@id":"https:\/\/za.mus.br\/#\/schema\/person\/4f875b70f5af4571b625b6fdfc9455c5"},"headline":"Como foi o Festival de Ver\u00e3o de Sapucaia &#8220;Maratoma 2010&#8221;","datePublished":"2010-01-28T14:22:33+00:00","dateModified":"2016-12-15T00:30:56+00:00","mainEntityOfPage":{"@id":"https:\/\/za.mus.br\/como-foi-o-festival-de-verao-de-sapucaia-maratoma-2010\/"},"wordCount":222,"commentCount":0,"image":{"@id":"https:\/\/za.mus.br\/como-foi-o-festival-de-verao-de-sapucaia-maratoma-2010\/#primaryimage"},"thumbnailUrl":"https:\/\/i0.wp.com\/za.mus.br\/wp-content\/uploads\/bloco-de-rua2.jpg?fit=640%2C480&ssl=1","articleSection":["M\u00fasica","Not\u00edcias"],"inLanguage":"en-US","potentialAction":[{"@type":"CommentAction","name":"Comment","target":["https:\/\/za.mus.br\/como-foi-o-festival-de-verao-de-sapucaia-maratoma-2010\/#respond"]}]},{"@type":"WebPage","@id":"https:\/\/za.mus.br\/como-foi-o-festival-de-verao-de-sapucaia-maratoma-2010\/","url":"https:\/\/za.mus.br\/como-foi-o-festival-de-verao-de-sapucaia-maratoma-2010\/","name":"Como foi o Festival de Ver\u00e3o de Sapucaia \"Maratoma 2010\" - Zamus","isPartOf":{"@id":"https:\/\/za.mus.br\/#website"},"primaryImageOfPage":{"@id":"https:\/\/za.mus.br\/como-foi-o-festival-de-verao-de-sapucaia-maratoma-2010\/#primaryimage"},"image":{"@id":"https:\/\/za.mus.br\/como-foi-o-festival-de-verao-de-sapucaia-maratoma-2010\/#primaryimage"},"thumbnailUrl":"https:\/\/i0.wp.com\/za.mus.br\/wp-content\/uploads\/bloco-de-rua2.jpg?fit=640%2C480&ssl=1","datePublished":"2010-01-28T14:22:33+00:00","dateModified":"2016-12-15T00:30:56+00:00","author":{"@id":"https:\/\/za.mus.br\/#\/schema\/person\/4f875b70f5af4571b625b6fdfc9455c5"},"breadcrumb":{"@id":"https:\/\/za.mus.br\/como-foi-o-festival-de-verao-de-sapucaia-maratoma-2010\/#breadcrumb"},"inLanguage":"en-US","potentialAction":[{"@type":"ReadAction","target":["https:\/\/za.mus.br\/como-foi-o-festival-de-verao-de-sapucaia-maratoma-2010\/"]}]},{"@type":"ImageObject","inLanguage":"en-US","@id":"https:\/\/za.mus.br\/como-foi-o-festival-de-verao-de-sapucaia-maratoma-2010\/#primaryimage","url":"https:\/\/i0.wp.com\/za.mus.br\/wp-content\/uploads\/bloco-de-rua2.jpg?fit=640%2C480&ssl=1","contentUrl":"https:\/\/i0.wp.com\/za.mus.br\/wp-content\/uploads\/bloco-de-rua2.jpg?fit=640%2C480&ssl=1","width":640,"height":480},{"@type":"BreadcrumbList","@id":"https:\/\/za.mus.br\/como-foi-o-festival-de-verao-de-sapucaia-maratoma-2010\/#breadcrumb","itemListElement":[{"@type":"ListItem","position":1,"name":"In\u00edcio","item":"https:\/\/za.mus.br\/en\/"},{"@type":"ListItem","position":2,"name":"Como foi o Festival de Ver\u00e3o de Sapucaia &#8220;Maratoma 2010&#8221;"}]},{"@type":"WebSite","@id":"https:\/\/za.mus.br\/#website","url":"https:\/\/za.mus.br\/","name":"Zamus","description":"The New Music Market","potentialAction":[{"@type":"SearchAction","target":{"@type":"EntryPoint","urlTemplate":"https:\/\/za.mus.br\/?s={search_term_string}"},"query-input":{"@type":"PropertyValueSpecification","valueRequired":true,"valueName":"search_term_string"}}],"inLanguage":"en-US"},{"@type":"Person","@id":"https:\/\/za.mus.br\/#\/schema\/person\/4f875b70f5af4571b625b6fdfc9455c5","name":"Zamus","image":{"@type":"ImageObject","inLanguage":"en-US","@id":"https:\/\/za.mus.br\/wp-content\/uploads\/avatars\/2\/bdaf423d199575f03f26e548d1c12cb9-bpfull.png","url":"https:\/\/za.mus.br\/wp-content\/uploads\/avatars\/2\/bdaf423d199575f03f26e548d1c12cb9-bpfull.png","contentUrl":"https:\/\/za.mus.br\/wp-content\/uploads\/avatars\/2\/bdaf423d199575f03f26e548d1c12cb9-bpfull.png","caption":"Zamus"},"sameAs":["https:\/\/za.mus.br","http:\/\/www.facebook.com\/100003649494215"],"url":"https:\/\/za.mus.br\/en\/author\/zamus\/"}]}},"jetpack_featured_media_url":"https:\/\/i0.wp.com\/za.mus.br\/wp-content\/uploads\/bloco-de-rua2.jpg?fit=640%2C480&ssl=1","featured_image_src":"https:\/\/i0.wp.com\/za.mus.br\/wp-content\/uploads\/bloco-de-rua2.jpg?fit=640%2C480&ssl=1","jetpack_sharing_enabled":true,"_links":{"self":[{"href":"https:\/\/za.mus.br\/en\/wp-json\/wp\/v2\/posts\/65650","targetHints":{"allow":["GET"]}}],"collection":[{"href":"https:\/\/za.mus.br\/en\/wp-json\/wp\/v2\/posts"}],"about":[{"href":"https:\/\/za.mus.br\/en\/wp-json\/wp\/v2\/types\/post"}],"author":[{"embeddable":true,"href":"https:\/\/za.mus.br\/en\/wp-json\/wp\/v2\/users\/2"}],"replies":[{"embeddable":true,"href":"https:\/\/za.mus.br\/en\/wp-json\/wp\/v2\/comments?post=65650"}],"version-history":[{"count":1,"href":"https:\/\/za.mus.br\/en\/wp-json\/wp\/v2\/posts\/65650\/revisions"}],"predecessor-version":[{"id":65656,"href":"https:\/\/za.mus.br\/en\/wp-json\/wp\/v2\/posts\/65650\/revisions\/65656"}],"wp:featuredmedia":[{"embeddable":true,"href":"https:\/\/za.mus.br\/en\/wp-json\/wp\/v2\/media\/65651"}],"wp:attachment":[{"href":"https:\/\/za.mus.br\/en\/wp-json\/wp\/v2\/media?parent=65650"}],"wp:term":[{"taxonomy":"category","embeddable":true,"href":"https:\/\/za.mus.br\/en\/wp-json\/wp\/v2\/categories?post=65650"},{"taxonomy":"post_tag","embeddable":true,"href":"https:\/\/za.mus.br\/en\/wp-json\/wp\/v2\/tags?post=65650"}],"curies":[{"name":"wp","href":"https:\/\/api.w.org\/{rel}","templated":true}]}}