{"id":65657,"date":"2011-01-15T10:37:25","date_gmt":"2011-01-15T12:37:25","guid":{"rendered":"https:\/\/za.mus.br\/?p=65657\/"},"modified":"2016-12-15T11:10:25","modified_gmt":"2016-12-15T13:10:25","slug":"festival-de-verao-de-sapucaia-2011-maratoma","status":"publish","type":"post","link":"https:\/\/za.mus.br\/en\/festival-de-verao-de-sapucaia-2011-maratoma\/","title":{"rendered":"Festival de Ver\u00e3o de Sapucaia 2011 &#8211; Maratoma"},"content":{"rendered":"<p>Em fun\u00e7\u00e3o das fortes chuvas que se abateram sobre o estado do Rio de Janeiro e mais fortemente, na Regi\u00e3o Serrana e tamb\u00e9m em parte da cidade de Sapucaia, a Prefeitura de Sapucaia, decidiu transferir a data de realiza\u00e7\u00e3o da 10\u00ba Edi\u00e7\u00e3o do \u201cFestival de Ver\u00e3o de Sapucaia \u2013 Maratoma\u201d que seria no pr\u00f3ximo final de semana, apenas dias 22 e 23 de Janeiro, para o pr\u00f3ximo dia 29 de Janeiro.<\/p>\n<p>As secretarias envolvidas no evento, resolveram por n\u00e3o cancelar o evento, mas sim transform\u00e1-lo em uma oportunidade de ajudar aos que est\u00e3o precisando, aproveitar todo o apoio e a como\u00e7\u00e3o popular para que todos os que venham ao evento, tragam a sua ajuda, a sua doa\u00e7\u00e3o e a sua solidariedade.<\/p>\n<p>A programa\u00e7\u00e3o do evento n\u00e3o ter\u00e1 presen\u00e7a de artistas renomados para que o custo do evento n\u00e3o fique elevado e que neste momento a prioridade \u00e9 arrecadar e ajudar aos que est\u00e3o precisando.<\/p>\n<p>A Prefeitura Municipal de Sapucaia, respons\u00e1vel pela organiza\u00e7\u00e3o do evento, espera recolher durante todo o dia do evento, mais de 2 toneladas de alimentos n\u00e3o perec\u00edveis para ajudar as v\u00edtimas da chuva da cidade, poder\u00e3o ainda ser doados roupas, materiais de limpeza e higiene pessoal.<\/p>\n<p>Seja solid\u00e1rio, venha para sapucaia se divertir e principalmente abra\u00e7ar esta corrente de solidariedade com a nossa popula\u00e7\u00e3o e tamb\u00e9m de outras regi\u00f5es muito mais afetadas do que a nossa.<\/p>\n<p>Durante todo o dia a Secretaria de Esporte e de Cultura, estar\u00e3o juntas fazendo v\u00e1rias atividades de recrea\u00e7\u00e3o infantil, e recebendo as doa\u00e7\u00f5es no gin\u00e1sio poliesportivo em frente ao palco fixo da beira Rio. O evento tem entrada gratuita, n\u00e3o esque\u00e7a de levar suas doa\u00e7\u00f5es, FOLIA SOLID\u00c1RIA<\/p>\n<p><strong>Programa\u00e7\u00e3o do evento:<\/strong><\/p>\n<p>05\/Fevereiro<br \/>\n14h &#8211; Concentra\u00e7\u00e3o com o Ax\u00e9 de BETO VALLY &#8211; Trio El\u00e9trico<br \/>\n19h &#8211; Chegada do Trio El\u00e9trico junto ao palco &#8211; Beira Rio.<br \/>\n21h &#8211; Artista local abrindo palco principal<br \/>\n22h &#8211; Max Badau\u00ea (com seu forr\u00f3\/folia)<\/p>\n<p><strong><img data-recalc-dims=\"1\" loading=\"lazy\" decoding=\"async\" class=\"alignleft size-medium wp-image-65659\" src=\"https:\/\/i0.wp.com\/za.mus.br\/wp-content\/uploads\/MG_0582.jpg?resize=300%2C211&#038;ssl=1\" alt=\"\" width=\"300\" height=\"211\" srcset=\"https:\/\/i0.wp.com\/za.mus.br\/wp-content\/uploads\/MG_0582.jpg?resize=300%2C211&amp;ssl=1 300w, https:\/\/i0.wp.com\/za.mus.br\/wp-content\/uploads\/MG_0582.jpg?resize=768%2C540&amp;ssl=1 768w, https:\/\/i0.wp.com\/za.mus.br\/wp-content\/uploads\/MG_0582.jpg?resize=1024%2C719&amp;ssl=1 1024w, https:\/\/i0.wp.com\/za.mus.br\/wp-content\/uploads\/MG_0582.jpg?resize=60%2C42&amp;ssl=1 60w, https:\/\/i0.wp.com\/za.mus.br\/wp-content\/uploads\/MG_0582.jpg?resize=672%2C472&amp;ssl=1 672w, https:\/\/i0.wp.com\/za.mus.br\/wp-content\/uploads\/MG_0582.jpg?resize=1038%2C729&amp;ssl=1 1038w, https:\/\/i0.wp.com\/za.mus.br\/wp-content\/uploads\/MG_0582.jpg?w=1200&amp;ssl=1 1200w\" sizes=\"auto, (max-width: 300px) 100vw, 300px\" \/>BETO VALLY<\/strong><br \/>\n<strong>Estilo:<\/strong> AX\u00c9 MUSIC<br \/>\n<strong>Ano de in\u00edcio:<\/strong> 1990<br \/>\n<strong>Natural:<\/strong> Salvador\/BA<\/p>\n<p><strong>Apresenta\u00e7\u00e3o:<\/strong><br \/>\nLevar alegria sem fim, para que todos curtam a magia do que \u00e9 ser um bom baiano. Esse \u00e9 o esp\u00edrito com que o soteropolitano Beto Vally tem se apresentado a 24 anos pelos palcos do Brasil. Dono de uma energia impar, o artista, que al\u00e9m de cantar comp\u00f5e, tem muitas de suas cria\u00e7\u00f5es gravadas por v\u00e1rios artistas de renome nacional como Chiclete com Banana, Terra Samba, \u00c9 o Tchan, Timbalada, Cheiro de Amor e outros.<\/p>\n<p><strong>Sua trajet\u00f3ria:<\/strong><\/p>\n<ul>\n<li>1990 \u2013 Iniciou tocando em barzinhos em Salvador. Ficou conhecido e foi convidado a compor uma banda que se chamava SABOR DE MEL, produzida pela Produtora Bicho da Cara Preta, a mesma que lan\u00e7ou Cl\u00e1udia Leite, \u00c9 o Tchan, Araketo e outros.<\/li>\n<li>Beto Vally permaneceu na banda por cinco anos e descobriu seu talento como compositor. Comp\u00f4s para v\u00e1rios artistas de renome nacional como Chiclete com Banana, Terra Samba, \u00c9 o Tchan, Timbalada, Cheiro de Amor e outros.<\/li>\n<li>1996 \u2013 Beto Vally inicia nova empreitada numa banda chamada AU\u00ca, que apesar de baiana, estourou no ver\u00e3o capixaba com a m\u00fasica AMOR DE VER\u00c3O.<\/li>\n<li>1999 \u2013 Participou do primeiro Cabo Folia com a sua banda.<\/li>\n<li>Permaneceu no grupo at\u00e9 o ano de 2001 onde deu in\u00edcio \u00e0 sua carreira solo.<\/li>\n<li>2001 \u2013 Lan\u00e7ou seu primeiro CD solo intitulado \u201cEMPURRA A MASSA\u201d com 12 m\u00fasicas de autoria pr\u00f3pria.<\/li>\n<li>Com a proje\u00e7\u00e3o desse trabalho Beto Vally foi contratado para se apresentar nas micaretas de todo o Brasil, tendo se apresentado em Bras\u00edlia, Goi\u00e2nia, Fortaleza, Macei\u00f3, Natal, etc.<\/li>\n<li>2011 \u2013 Beto Vally veio para o Rio de Janeiro, convidado a fazer uma participa\u00e7\u00e3o no show do Grupo Parangol\u00e9 e aproveita para fazer shows em diversas cidades do estado do Rio de Janeiro<\/li>\n<\/ul>\n<p><strong><img data-recalc-dims=\"1\" loading=\"lazy\" decoding=\"async\" class=\"alignleft size-medium wp-image-65658\" src=\"https:\/\/i0.wp.com\/za.mus.br\/wp-content\/uploads\/MAX-BADAU%C3%8A-1.jpg?resize=150%2C300&#038;ssl=1\" alt=\"\" width=\"150\" height=\"300\" srcset=\"https:\/\/i0.wp.com\/za.mus.br\/wp-content\/uploads\/MAX-BADAU%C3%8A-1.jpg?resize=150%2C300&amp;ssl=1 150w, https:\/\/i0.wp.com\/za.mus.br\/wp-content\/uploads\/MAX-BADAU%C3%8A-1.jpg?resize=512%2C1024&amp;ssl=1 512w, https:\/\/i0.wp.com\/za.mus.br\/wp-content\/uploads\/MAX-BADAU%C3%8A-1.jpg?resize=60%2C120&amp;ssl=1 60w, https:\/\/i0.wp.com\/za.mus.br\/wp-content\/uploads\/MAX-BADAU%C3%8A-1.jpg?w=600&amp;ssl=1 600w\" sizes=\"auto, (max-width: 150px) 100vw, 150px\" \/>MAX BADAU\u00ca<\/strong><br \/>\n<strong>Natural de:<\/strong> S\u00c3O JO\u00c3O DA BARRA\/RJ<br \/>\n<strong>Estilo:<\/strong> FORR\u00d3 P\u00c9 DE SERRA \/ FOR\u2019REGAE \/ FORR\u00d3 FOLIA<br \/>\n<strong>Ano de in\u00edcio:<\/strong> 1995<br \/>\n<strong>Local:<\/strong> Campos\/RJ<\/p>\n<p><strong>Proposta:<\/strong><br \/>\nMax Badau\u00ea tem como miss\u00e3o difundir o forr\u00f3 p\u00e9 de serra e suas varia\u00e7\u00f5es levando em considera\u00e7\u00e3o que \u00e9 um dos poucos ritmos genuinamente brasileiros. Para Max, esse \u00e9 mais do que um g\u00eanero musical; \u00e9 tamb\u00e9m uma filosofia de vida que transmite paz, tranquilidade e a verdade mais profunda da alma do brasileiro. \u201cQuem nunca se apaixonou ao resfolego da sanfona ou nunca sentiu o cora\u00e7\u00e3o bater na batida da zabumba?\u201d&#8230;diz o artista.<\/p>\n<p>Munido desse esp\u00edrito, ele que hoje mora em Maca\u00e9 (RJ), tem se apresentado h\u00e1 anos em diversos eventos desta cidade e regi\u00e3o. J\u00e1 participou do festival de Ita\u00fanas (ES), considerado o maior festival de forr\u00f3 do Brasil, onde dividiu o palco com o Trio Forroz\u00e3o. J\u00e1 abriu shows de grandes nomes no cen\u00e1rio nacional como Frank Aguiar, Dominguinhos, Rasta P\u00e9, Fala Mansa e Zez\u00e9 de Camargo e Luciano.<\/p>\n<p><strong>Sua trajet\u00f3ria:<\/strong><\/p>\n<ul>\n<li>1995 \u2013 Montou sua primeira banda profissional de forr\u00f3, em Campos, chamada \u201cDISC\u00cdPULOS DO FORR\u00d3\u201d e se apresentou em diversos eventos da cidade e regi\u00e3o; participou inclusive do festival de Itaunas\/ES, considerado o maior festival de forr\u00f3 do Brasil, onde dividiu o palco com o Trio Forroz\u00e3o.<\/li>\n<li>1996 \u2013 Mudou-se para Maca\u00e9 e formou uma nova banda chama \u201cTRIO CALANGO DOIDO\u201d e se apresentou em diversos eventos da cidade e regi\u00e3o, sendo convidado por v\u00e1rias vezes a abrir shows de grandes nomes no cen\u00e1rio nacional como Frank Aguiar, Dominguinhos, Rasta P\u00e9, Fala Mansa, Zez\u00e9 de Camargo e Luciano entre outros.<\/li>\n<li>2010 \u2013 Iniciou sua carreira solo sob o nome art\u00edstico Max Badau\u00ea. Como primeiro trabalho regravou a m\u00fasica EU S\u00d3 QUERO UM XOD\u00d3, com a participa\u00e7\u00e3o especial do mestre Dominguinhos. Deu sequ\u00eancia ao seu trabalho fazendo apresenta\u00e7\u00f5es regionais, compondo e fazendo publica\u00e7\u00f5es em redes sociais.<\/li>\n<\/ul>\n","protected":false},"excerpt":{"rendered":"<p>Em fun\u00e7\u00e3o das fortes chuvas que se abateram sobre o estado do Rio de Janeiro e mais fortemente, na Regi\u00e3o Serrana e tamb\u00e9m em parte da cidade de Sapucaia, a Prefeitura de Sapucaia, decidiu transferir a data de realiza\u00e7\u00e3o da 10\u00ba Edi\u00e7\u00e3o do \u201cFestival de Ver\u00e3o de Sapucaia \u2013 Maratoma\u201d que seria no pr\u00f3ximo final de semana, apenas dias 22 [&hellip;]<\/p>\n","protected":false},"author":2,"featured_media":65659,"comment_status":"open","ping_status":"open","sticky":false,"template":"","format":"standard","meta":{"_jetpack_memberships_contains_paid_content":false,"footnotes":""},"categories":[1],"tags":[],"class_list":["post-65657","post","type-post","status-publish","format-standard","has-post-thumbnail","hentry","category-musica"],"yoast_head":"<!-- This site is optimized with the Yoast SEO plugin v27.5 - https:\/\/yoast.com\/product\/yoast-seo-wordpress\/ -->\n<title>Festival de Ver\u00e3o de Sapucaia 2011 - Maratoma - Zamus<\/title>\n<meta name=\"robots\" content=\"index, follow, max-snippet:-1, max-image-preview:large, max-video-preview:-1\" \/>\n<link rel=\"canonical\" href=\"https:\/\/za.mus.br\/festival-de-verao-de-sapucaia-2011-maratoma\/\" \/>\n<meta property=\"og:locale\" content=\"en_US\" \/>\n<meta property=\"og:type\" content=\"article\" \/>\n<meta property=\"og:title\" content=\"Festival de Ver\u00e3o de Sapucaia 2011 - Maratoma - Zamus\" \/>\n<meta property=\"og:description\" content=\"Em fun\u00e7\u00e3o das fortes chuvas que se abateram sobre o estado do Rio de Janeiro e mais fortemente, na Regi\u00e3o Serrana e tamb\u00e9m em parte da cidade de Sapucaia, a Prefeitura de Sapucaia, decidiu transferir a data de realiza\u00e7\u00e3o da 10\u00ba Edi\u00e7\u00e3o do \u201cFestival de Ver\u00e3o de Sapucaia \u2013 Maratoma\u201d que seria no pr\u00f3ximo final de semana, apenas dias 22 [&hellip;]\" \/>\n<meta property=\"og:url\" content=\"https:\/\/za.mus.br\/festival-de-verao-de-sapucaia-2011-maratoma\/\" \/>\n<meta property=\"og:site_name\" content=\"Zamus\" \/>\n<meta property=\"article:publisher\" content=\"http:\/\/facebook.com\/zamus\" \/>\n<meta property=\"article:author\" content=\"http:\/\/www.facebook.com\/100003649494215\" \/>\n<meta property=\"article:published_time\" content=\"2011-01-15T12:37:25+00:00\" \/>\n<meta property=\"article:modified_time\" content=\"2016-12-15T13:10:25+00:00\" \/>\n<meta property=\"og:image\" content=\"https:\/\/i1.wp.com\/za.mus.br\/wp-content\/uploads\/MG_0582.jpg?fit=1200%2C843&ssl=1\" \/>\n\t<meta property=\"og:image:width\" content=\"1200\" \/>\n\t<meta property=\"og:image:height\" content=\"843\" \/>\n\t<meta property=\"og:image:type\" content=\"image\/jpeg\" \/>\n<meta name=\"author\" content=\"Zamus\" \/>\n<meta name=\"twitter:card\" content=\"summary_large_image\" \/>\n<meta name=\"twitter:creator\" content=\"@zamusbr\" \/>\n<meta name=\"twitter:site\" content=\"@zamusbr\" \/>\n<meta name=\"twitter:label1\" content=\"Written by\" \/>\n\t<meta name=\"twitter:data1\" content=\"Zamus\" \/>\n\t<meta name=\"twitter:label2\" content=\"Est. reading time\" \/>\n\t<meta name=\"twitter:data2\" content=\"5 minutes\" \/>\n<script type=\"application\/ld+json\" class=\"yoast-schema-graph\">{\"@context\":\"https:\\\/\\\/schema.org\",\"@graph\":[{\"@type\":\"Article\",\"@id\":\"https:\\\/\\\/za.mus.br\\\/festival-de-verao-de-sapucaia-2011-maratoma\\\/#article\",\"isPartOf\":{\"@id\":\"https:\\\/\\\/za.mus.br\\\/festival-de-verao-de-sapucaia-2011-maratoma\\\/\"},\"author\":{\"name\":\"Zamus\",\"@id\":\"https:\\\/\\\/za.mus.br\\\/#\\\/schema\\\/person\\\/4f875b70f5af4571b625b6fdfc9455c5\"},\"headline\":\"Festival de Ver\u00e3o de Sapucaia 2011 &#8211; Maratoma\",\"datePublished\":\"2011-01-15T12:37:25+00:00\",\"dateModified\":\"2016-12-15T13:10:25+00:00\",\"mainEntityOfPage\":{\"@id\":\"https:\\\/\\\/za.mus.br\\\/festival-de-verao-de-sapucaia-2011-maratoma\\\/\"},\"wordCount\":998,\"commentCount\":0,\"image\":{\"@id\":\"https:\\\/\\\/za.mus.br\\\/festival-de-verao-de-sapucaia-2011-maratoma\\\/#primaryimage\"},\"thumbnailUrl\":\"https:\\\/\\\/i0.wp.com\\\/za.mus.br\\\/wp-content\\\/uploads\\\/MG_0582.jpg?fit=1200%2C843&ssl=1\",\"articleSection\":[\"M\u00fasica\"],\"inLanguage\":\"en-US\",\"potentialAction\":[{\"@type\":\"CommentAction\",\"name\":\"Comment\",\"target\":[\"https:\\\/\\\/za.mus.br\\\/festival-de-verao-de-sapucaia-2011-maratoma\\\/#respond\"]}]},{\"@type\":\"WebPage\",\"@id\":\"https:\\\/\\\/za.mus.br\\\/festival-de-verao-de-sapucaia-2011-maratoma\\\/\",\"url\":\"https:\\\/\\\/za.mus.br\\\/festival-de-verao-de-sapucaia-2011-maratoma\\\/\",\"name\":\"Festival de Ver\u00e3o de Sapucaia 2011 - Maratoma - Zamus\",\"isPartOf\":{\"@id\":\"https:\\\/\\\/za.mus.br\\\/#website\"},\"primaryImageOfPage\":{\"@id\":\"https:\\\/\\\/za.mus.br\\\/festival-de-verao-de-sapucaia-2011-maratoma\\\/#primaryimage\"},\"image\":{\"@id\":\"https:\\\/\\\/za.mus.br\\\/festival-de-verao-de-sapucaia-2011-maratoma\\\/#primaryimage\"},\"thumbnailUrl\":\"https:\\\/\\\/i0.wp.com\\\/za.mus.br\\\/wp-content\\\/uploads\\\/MG_0582.jpg?fit=1200%2C843&ssl=1\",\"datePublished\":\"2011-01-15T12:37:25+00:00\",\"dateModified\":\"2016-12-15T13:10:25+00:00\",\"author\":{\"@id\":\"https:\\\/\\\/za.mus.br\\\/#\\\/schema\\\/person\\\/4f875b70f5af4571b625b6fdfc9455c5\"},\"breadcrumb\":{\"@id\":\"https:\\\/\\\/za.mus.br\\\/festival-de-verao-de-sapucaia-2011-maratoma\\\/#breadcrumb\"},\"inLanguage\":\"en-US\",\"potentialAction\":[{\"@type\":\"ReadAction\",\"target\":[\"https:\\\/\\\/za.mus.br\\\/festival-de-verao-de-sapucaia-2011-maratoma\\\/\"]}]},{\"@type\":\"ImageObject\",\"inLanguage\":\"en-US\",\"@id\":\"https:\\\/\\\/za.mus.br\\\/festival-de-verao-de-sapucaia-2011-maratoma\\\/#primaryimage\",\"url\":\"https:\\\/\\\/i0.wp.com\\\/za.mus.br\\\/wp-content\\\/uploads\\\/MG_0582.jpg?fit=1200%2C843&ssl=1\",\"contentUrl\":\"https:\\\/\\\/i0.wp.com\\\/za.mus.br\\\/wp-content\\\/uploads\\\/MG_0582.jpg?fit=1200%2C843&ssl=1\",\"width\":1200,\"height\":843},{\"@type\":\"BreadcrumbList\",\"@id\":\"https:\\\/\\\/za.mus.br\\\/festival-de-verao-de-sapucaia-2011-maratoma\\\/#breadcrumb\",\"itemListElement\":[{\"@type\":\"ListItem\",\"position\":1,\"name\":\"In\u00edcio\",\"item\":\"https:\\\/\\\/za.mus.br\\\/en\\\/\"},{\"@type\":\"ListItem\",\"position\":2,\"name\":\"Festival de Ver\u00e3o de Sapucaia 2011 &#8211; Maratoma\"}]},{\"@type\":\"WebSite\",\"@id\":\"https:\\\/\\\/za.mus.br\\\/#website\",\"url\":\"https:\\\/\\\/za.mus.br\\\/\",\"name\":\"Zamus\",\"description\":\"The New Music Market\",\"potentialAction\":[{\"@type\":\"SearchAction\",\"target\":{\"@type\":\"EntryPoint\",\"urlTemplate\":\"https:\\\/\\\/za.mus.br\\\/?s={search_term_string}\"},\"query-input\":{\"@type\":\"PropertyValueSpecification\",\"valueRequired\":true,\"valueName\":\"search_term_string\"}}],\"inLanguage\":\"en-US\"},{\"@type\":\"Person\",\"@id\":\"https:\\\/\\\/za.mus.br\\\/#\\\/schema\\\/person\\\/4f875b70f5af4571b625b6fdfc9455c5\",\"name\":\"Zamus\",\"image\":{\"@type\":\"ImageObject\",\"inLanguage\":\"en-US\",\"@id\":\"https:\\\/\\\/za.mus.br\\\/wp-content\\\/uploads\\\/avatars\\\/2\\\/bdaf423d199575f03f26e548d1c12cb9-bpfull.png\",\"url\":\"https:\\\/\\\/za.mus.br\\\/wp-content\\\/uploads\\\/avatars\\\/2\\\/bdaf423d199575f03f26e548d1c12cb9-bpfull.png\",\"contentUrl\":\"https:\\\/\\\/za.mus.br\\\/wp-content\\\/uploads\\\/avatars\\\/2\\\/bdaf423d199575f03f26e548d1c12cb9-bpfull.png\",\"caption\":\"Zamus\"},\"sameAs\":[\"https:\\\/\\\/za.mus.br\",\"http:\\\/\\\/www.facebook.com\\\/100003649494215\"],\"url\":\"https:\\\/\\\/za.mus.br\\\/en\\\/author\\\/zamus\\\/\"}]}<\/script>\n<!-- \/ Yoast SEO plugin. -->","yoast_head_json":{"title":"Festival de Ver\u00e3o de Sapucaia 2011 - Maratoma - Zamus","robots":{"index":"index","follow":"follow","max-snippet":"max-snippet:-1","max-image-preview":"max-image-preview:large","max-video-preview":"max-video-preview:-1"},"canonical":"https:\/\/za.mus.br\/festival-de-verao-de-sapucaia-2011-maratoma\/","og_locale":"en_US","og_type":"article","og_title":"Festival de Ver\u00e3o de Sapucaia 2011 - Maratoma - Zamus","og_description":"Em fun\u00e7\u00e3o das fortes chuvas que se abateram sobre o estado do Rio de Janeiro e mais fortemente, na Regi\u00e3o Serrana e tamb\u00e9m em parte da cidade de Sapucaia, a Prefeitura de Sapucaia, decidiu transferir a data de realiza\u00e7\u00e3o da 10\u00ba Edi\u00e7\u00e3o do \u201cFestival de Ver\u00e3o de Sapucaia \u2013 Maratoma\u201d que seria no pr\u00f3ximo final de semana, apenas dias 22 [&hellip;]","og_url":"https:\/\/za.mus.br\/festival-de-verao-de-sapucaia-2011-maratoma\/","og_site_name":"Zamus","article_publisher":"http:\/\/facebook.com\/zamus","article_author":"http:\/\/www.facebook.com\/100003649494215","article_published_time":"2011-01-15T12:37:25+00:00","article_modified_time":"2016-12-15T13:10:25+00:00","og_image":[{"width":1200,"height":843,"url":"https:\/\/i1.wp.com\/za.mus.br\/wp-content\/uploads\/MG_0582.jpg?fit=1200%2C843&ssl=1","type":"image\/jpeg"}],"author":"Zamus","twitter_card":"summary_large_image","twitter_creator":"@zamusbr","twitter_site":"@zamusbr","twitter_misc":{"Written by":"Zamus","Est. reading time":"5 minutes"},"schema":{"@context":"https:\/\/schema.org","@graph":[{"@type":"Article","@id":"https:\/\/za.mus.br\/festival-de-verao-de-sapucaia-2011-maratoma\/#article","isPartOf":{"@id":"https:\/\/za.mus.br\/festival-de-verao-de-sapucaia-2011-maratoma\/"},"author":{"name":"Zamus","@id":"https:\/\/za.mus.br\/#\/schema\/person\/4f875b70f5af4571b625b6fdfc9455c5"},"headline":"Festival de Ver\u00e3o de Sapucaia 2011 &#8211; Maratoma","datePublished":"2011-01-15T12:37:25+00:00","dateModified":"2016-12-15T13:10:25+00:00","mainEntityOfPage":{"@id":"https:\/\/za.mus.br\/festival-de-verao-de-sapucaia-2011-maratoma\/"},"wordCount":998,"commentCount":0,"image":{"@id":"https:\/\/za.mus.br\/festival-de-verao-de-sapucaia-2011-maratoma\/#primaryimage"},"thumbnailUrl":"https:\/\/i0.wp.com\/za.mus.br\/wp-content\/uploads\/MG_0582.jpg?fit=1200%2C843&ssl=1","articleSection":["M\u00fasica"],"inLanguage":"en-US","potentialAction":[{"@type":"CommentAction","name":"Comment","target":["https:\/\/za.mus.br\/festival-de-verao-de-sapucaia-2011-maratoma\/#respond"]}]},{"@type":"WebPage","@id":"https:\/\/za.mus.br\/festival-de-verao-de-sapucaia-2011-maratoma\/","url":"https:\/\/za.mus.br\/festival-de-verao-de-sapucaia-2011-maratoma\/","name":"Festival de Ver\u00e3o de Sapucaia 2011 - Maratoma - Zamus","isPartOf":{"@id":"https:\/\/za.mus.br\/#website"},"primaryImageOfPage":{"@id":"https:\/\/za.mus.br\/festival-de-verao-de-sapucaia-2011-maratoma\/#primaryimage"},"image":{"@id":"https:\/\/za.mus.br\/festival-de-verao-de-sapucaia-2011-maratoma\/#primaryimage"},"thumbnailUrl":"https:\/\/i0.wp.com\/za.mus.br\/wp-content\/uploads\/MG_0582.jpg?fit=1200%2C843&ssl=1","datePublished":"2011-01-15T12:37:25+00:00","dateModified":"2016-12-15T13:10:25+00:00","author":{"@id":"https:\/\/za.mus.br\/#\/schema\/person\/4f875b70f5af4571b625b6fdfc9455c5"},"breadcrumb":{"@id":"https:\/\/za.mus.br\/festival-de-verao-de-sapucaia-2011-maratoma\/#breadcrumb"},"inLanguage":"en-US","potentialAction":[{"@type":"ReadAction","target":["https:\/\/za.mus.br\/festival-de-verao-de-sapucaia-2011-maratoma\/"]}]},{"@type":"ImageObject","inLanguage":"en-US","@id":"https:\/\/za.mus.br\/festival-de-verao-de-sapucaia-2011-maratoma\/#primaryimage","url":"https:\/\/i0.wp.com\/za.mus.br\/wp-content\/uploads\/MG_0582.jpg?fit=1200%2C843&ssl=1","contentUrl":"https:\/\/i0.wp.com\/za.mus.br\/wp-content\/uploads\/MG_0582.jpg?fit=1200%2C843&ssl=1","width":1200,"height":843},{"@type":"BreadcrumbList","@id":"https:\/\/za.mus.br\/festival-de-verao-de-sapucaia-2011-maratoma\/#breadcrumb","itemListElement":[{"@type":"ListItem","position":1,"name":"In\u00edcio","item":"https:\/\/za.mus.br\/en\/"},{"@type":"ListItem","position":2,"name":"Festival de Ver\u00e3o de Sapucaia 2011 &#8211; Maratoma"}]},{"@type":"WebSite","@id":"https:\/\/za.mus.br\/#website","url":"https:\/\/za.mus.br\/","name":"Zamus","description":"The New Music Market","potentialAction":[{"@type":"SearchAction","target":{"@type":"EntryPoint","urlTemplate":"https:\/\/za.mus.br\/?s={search_term_string}"},"query-input":{"@type":"PropertyValueSpecification","valueRequired":true,"valueName":"search_term_string"}}],"inLanguage":"en-US"},{"@type":"Person","@id":"https:\/\/za.mus.br\/#\/schema\/person\/4f875b70f5af4571b625b6fdfc9455c5","name":"Zamus","image":{"@type":"ImageObject","inLanguage":"en-US","@id":"https:\/\/za.mus.br\/wp-content\/uploads\/avatars\/2\/bdaf423d199575f03f26e548d1c12cb9-bpfull.png","url":"https:\/\/za.mus.br\/wp-content\/uploads\/avatars\/2\/bdaf423d199575f03f26e548d1c12cb9-bpfull.png","contentUrl":"https:\/\/za.mus.br\/wp-content\/uploads\/avatars\/2\/bdaf423d199575f03f26e548d1c12cb9-bpfull.png","caption":"Zamus"},"sameAs":["https:\/\/za.mus.br","http:\/\/www.facebook.com\/100003649494215"],"url":"https:\/\/za.mus.br\/en\/author\/zamus\/"}]}},"jetpack_featured_media_url":"https:\/\/i0.wp.com\/za.mus.br\/wp-content\/uploads\/MG_0582.jpg?fit=1200%2C843&ssl=1","featured_image_src":"https:\/\/i0.wp.com\/za.mus.br\/wp-content\/uploads\/MG_0582.jpg?fit=1200%2C843&ssl=1","jetpack_sharing_enabled":true,"_links":{"self":[{"href":"https:\/\/za.mus.br\/en\/wp-json\/wp\/v2\/posts\/65657","targetHints":{"allow":["GET"]}}],"collection":[{"href":"https:\/\/za.mus.br\/en\/wp-json\/wp\/v2\/posts"}],"about":[{"href":"https:\/\/za.mus.br\/en\/wp-json\/wp\/v2\/types\/post"}],"author":[{"embeddable":true,"href":"https:\/\/za.mus.br\/en\/wp-json\/wp\/v2\/users\/2"}],"replies":[{"embeddable":true,"href":"https:\/\/za.mus.br\/en\/wp-json\/wp\/v2\/comments?post=65657"}],"version-history":[{"count":1,"href":"https:\/\/za.mus.br\/en\/wp-json\/wp\/v2\/posts\/65657\/revisions"}],"predecessor-version":[{"id":65660,"href":"https:\/\/za.mus.br\/en\/wp-json\/wp\/v2\/posts\/65657\/revisions\/65660"}],"wp:featuredmedia":[{"embeddable":true,"href":"https:\/\/za.mus.br\/en\/wp-json\/wp\/v2\/media\/65659"}],"wp:attachment":[{"href":"https:\/\/za.mus.br\/en\/wp-json\/wp\/v2\/media?parent=65657"}],"wp:term":[{"taxonomy":"category","embeddable":true,"href":"https:\/\/za.mus.br\/en\/wp-json\/wp\/v2\/categories?post=65657"},{"taxonomy":"post_tag","embeddable":true,"href":"https:\/\/za.mus.br\/en\/wp-json\/wp\/v2\/tags?post=65657"}],"curies":[{"name":"wp","href":"https:\/\/api.w.org\/{rel}","templated":true}]}}