{"id":65661,"date":"2012-01-27T12:16:18","date_gmt":"2012-01-27T14:16:18","guid":{"rendered":"https:\/\/za.mus.br\/?p=65661\/"},"modified":"2016-12-16T12:21:13","modified_gmt":"2016-12-16T14:21:13","slug":"o-tradicional-festival-de-verao-de-sapucaia-chega-em-sua-11o-edicao-com-o-fim-do-trio-eletrico","status":"publish","type":"post","link":"https:\/\/za.mus.br\/en\/o-tradicional-festival-de-verao-de-sapucaia-chega-em-sua-11o-edicao-com-o-fim-do-trio-eletrico\/","title":{"rendered":"O tradicional Festival de Ver\u00e3o de Sapucaia chega em sua 11\u00ba edi\u00e7\u00e3o com o fim do trio el\u00e9trico"},"content":{"rendered":"<p>Shows, esportes, dan\u00e7a e recrea\u00e7\u00e3o infantil fazem parte da programa\u00e7\u00e3o da 11\u00ba edi\u00e7\u00e3o do Festival de Ver\u00e3o de Sapucaia, o Maratoma 2012, que vai at\u00e9 domingo no parque de exposi\u00e7\u00e3o da Beira Rio, com entrada franca. Na noite de s\u00e1bado (28), haver\u00e1 show com o <a href=\"http:\/\/www.gruporevelacao.com.br\/\" target=\"_blank\">grupo Revela\u00e7\u00e3o<\/a> e, neste domingo (29), o show \u00e9 com a banda baiana <a href=\"http:\/\/www.jammileumanoites.com.br\/\" target=\"_blank\">Jammil e Uma Noites<\/a>. Promovido pela Prefeitura de Sapucaia, atrav\u00e9s das secretarias de turismo, cultura e esporte, a programa\u00e7\u00e3o do evento, tamb\u00e9m ter\u00e1 aulas de gin\u00e1stica e alongamento para terceira idade, teatro e dan\u00e7a para as crian\u00e7as.<\/p>\n<p><img data-recalc-dims=\"1\" loading=\"lazy\" decoding=\"async\" class=\"alignleft size-medium wp-image-65662\" src=\"https:\/\/i0.wp.com\/za.mus.br\/wp-content\/uploads\/JAMMIL-E-UMA-NOITES.jpg?resize=290%2C300&#038;ssl=1\" alt=\"\" width=\"290\" height=\"300\" srcset=\"https:\/\/i0.wp.com\/za.mus.br\/wp-content\/uploads\/JAMMIL-E-UMA-NOITES.jpg?resize=290%2C300&amp;ssl=1 290w, https:\/\/i0.wp.com\/za.mus.br\/wp-content\/uploads\/JAMMIL-E-UMA-NOITES.jpg?resize=768%2C794&amp;ssl=1 768w, https:\/\/i0.wp.com\/za.mus.br\/wp-content\/uploads\/JAMMIL-E-UMA-NOITES.jpg?resize=60%2C62&amp;ssl=1 60w, https:\/\/i0.wp.com\/za.mus.br\/wp-content\/uploads\/JAMMIL-E-UMA-NOITES.jpg?resize=672%2C695&amp;ssl=1 672w, https:\/\/i0.wp.com\/za.mus.br\/wp-content\/uploads\/JAMMIL-E-UMA-NOITES.jpg?w=928&amp;ssl=1 928w\" sizes=\"auto, (max-width: 290px) 100vw, 290px\" \/>O Festival este ano contar\u00e1 com algumas mudan\u00e7as em seu formato, a primeira delas \u00e9 o fim do tradicional trio el\u00e9trico que percorria as ruas da cidade e chegada at\u00e9 o parque de exposi\u00e7\u00e3o. A organiza\u00e7\u00e3o do evento, decidiu concentrar o evento todo em um \u00fanico lugar para dar mais conforto aos turistas e a popula\u00e7\u00e3o local, optando por uma melhor infra-estrutura de palco, som, luz, pra\u00e7a de alimenta\u00e7\u00e3o, camarote e muito mais seguran\u00e7a.<\/p>\n<p>A programa\u00e7\u00e3o do festival come\u00e7a a partir das 16h com atividades paralelas, a partir das 20h shows com bandas locais e em seguida os shows nacionais por volta das 22h.<\/p>\n<p>&nbsp;<\/p>\n","protected":false},"excerpt":{"rendered":"<p>Shows, esportes, dan\u00e7a e recrea\u00e7\u00e3o infantil fazem parte da programa\u00e7\u00e3o da 11\u00ba edi\u00e7\u00e3o do Festival de Ver\u00e3o de Sapucaia, o Maratoma 2012, que vai at\u00e9 domingo no parque de exposi\u00e7\u00e3o da Beira Rio, com entrada franca. Na noite de s\u00e1bado (28), haver\u00e1 show com o grupo Revela\u00e7\u00e3o e, neste domingo (29), o show \u00e9 com a banda baiana Jammil e [&hellip;]<\/p>\n","protected":false},"author":2,"featured_media":65663,"comment_status":"open","ping_status":"open","sticky":false,"template":"","format":"standard","meta":{"_jetpack_memberships_contains_paid_content":false,"footnotes":""},"categories":[1],"tags":[],"class_list":["post-65661","post","type-post","status-publish","format-standard","has-post-thumbnail","hentry","category-musica"],"yoast_head":"<!-- This site is optimized with the Yoast SEO plugin v27.5 - https:\/\/yoast.com\/product\/yoast-seo-wordpress\/ -->\n<title>O tradicional Festival de Ver\u00e3o de Sapucaia chega em sua 11\u00ba edi\u00e7\u00e3o com o fim do trio el\u00e9trico - Zamus<\/title>\n<meta name=\"robots\" content=\"index, follow, max-snippet:-1, max-image-preview:large, max-video-preview:-1\" \/>\n<link rel=\"canonical\" href=\"https:\/\/za.mus.br\/o-tradicional-festival-de-verao-de-sapucaia-chega-em-sua-11o-edicao-com-o-fim-do-trio-eletrico\/\" \/>\n<meta property=\"og:locale\" content=\"en_US\" \/>\n<meta property=\"og:type\" content=\"article\" \/>\n<meta property=\"og:title\" content=\"O tradicional Festival de Ver\u00e3o de Sapucaia chega em sua 11\u00ba edi\u00e7\u00e3o com o fim do trio el\u00e9trico - Zamus\" \/>\n<meta property=\"og:description\" content=\"Shows, esportes, dan\u00e7a e recrea\u00e7\u00e3o infantil fazem parte da programa\u00e7\u00e3o da 11\u00ba edi\u00e7\u00e3o do Festival de Ver\u00e3o de Sapucaia, o Maratoma 2012, que vai at\u00e9 domingo no parque de exposi\u00e7\u00e3o da Beira Rio, com entrada franca. Na noite de s\u00e1bado (28), haver\u00e1 show com o grupo Revela\u00e7\u00e3o e, neste domingo (29), o show \u00e9 com a banda baiana Jammil e [&hellip;]\" \/>\n<meta property=\"og:url\" content=\"https:\/\/za.mus.br\/o-tradicional-festival-de-verao-de-sapucaia-chega-em-sua-11o-edicao-com-o-fim-do-trio-eletrico\/\" \/>\n<meta property=\"og:site_name\" content=\"Zamus\" \/>\n<meta property=\"article:publisher\" content=\"http:\/\/facebook.com\/zamus\" \/>\n<meta property=\"article:author\" content=\"http:\/\/www.facebook.com\/100003649494215\" \/>\n<meta property=\"article:published_time\" content=\"2012-01-27T14:16:18+00:00\" \/>\n<meta property=\"article:modified_time\" content=\"2016-12-16T14:21:13+00:00\" \/>\n<meta property=\"og:image\" content=\"https:\/\/i0.wp.com\/za.mus.br\/wp-content\/uploads\/revelacao__divulga\u00e7\u00e3o.jpg?fit=415%2C200&ssl=1\" \/>\n\t<meta property=\"og:image:width\" content=\"415\" \/>\n\t<meta property=\"og:image:height\" content=\"200\" \/>\n\t<meta property=\"og:image:type\" content=\"image\/jpeg\" \/>\n<meta name=\"author\" content=\"Zamus\" \/>\n<meta name=\"twitter:card\" content=\"summary_large_image\" \/>\n<meta name=\"twitter:creator\" content=\"@zamusbr\" \/>\n<meta name=\"twitter:site\" content=\"@zamusbr\" \/>\n<meta name=\"twitter:label1\" content=\"Written by\" \/>\n\t<meta name=\"twitter:data1\" content=\"Zamus\" \/>\n\t<meta name=\"twitter:label2\" content=\"Est. reading time\" \/>\n\t<meta name=\"twitter:data2\" content=\"1 minute\" \/>\n<script type=\"application\/ld+json\" class=\"yoast-schema-graph\">{\"@context\":\"https:\\\/\\\/schema.org\",\"@graph\":[{\"@type\":\"Article\",\"@id\":\"https:\\\/\\\/za.mus.br\\\/o-tradicional-festival-de-verao-de-sapucaia-chega-em-sua-11o-edicao-com-o-fim-do-trio-eletrico\\\/#article\",\"isPartOf\":{\"@id\":\"https:\\\/\\\/za.mus.br\\\/o-tradicional-festival-de-verao-de-sapucaia-chega-em-sua-11o-edicao-com-o-fim-do-trio-eletrico\\\/\"},\"author\":{\"name\":\"Zamus\",\"@id\":\"https:\\\/\\\/za.mus.br\\\/#\\\/schema\\\/person\\\/4f875b70f5af4571b625b6fdfc9455c5\"},\"headline\":\"O tradicional Festival de Ver\u00e3o de Sapucaia chega em sua 11\u00ba edi\u00e7\u00e3o com o fim do trio el\u00e9trico\",\"datePublished\":\"2012-01-27T14:16:18+00:00\",\"dateModified\":\"2016-12-16T14:21:13+00:00\",\"mainEntityOfPage\":{\"@id\":\"https:\\\/\\\/za.mus.br\\\/o-tradicional-festival-de-verao-de-sapucaia-chega-em-sua-11o-edicao-com-o-fim-do-trio-eletrico\\\/\"},\"wordCount\":238,\"commentCount\":0,\"image\":{\"@id\":\"https:\\\/\\\/za.mus.br\\\/o-tradicional-festival-de-verao-de-sapucaia-chega-em-sua-11o-edicao-com-o-fim-do-trio-eletrico\\\/#primaryimage\"},\"thumbnailUrl\":\"https:\\\/\\\/i0.wp.com\\\/za.mus.br\\\/wp-content\\\/uploads\\\/revelacao__divulga%C3%A7%C3%A3o.jpg?fit=415%2C200&ssl=1\",\"articleSection\":[\"M\u00fasica\"],\"inLanguage\":\"en-US\",\"potentialAction\":[{\"@type\":\"CommentAction\",\"name\":\"Comment\",\"target\":[\"https:\\\/\\\/za.mus.br\\\/o-tradicional-festival-de-verao-de-sapucaia-chega-em-sua-11o-edicao-com-o-fim-do-trio-eletrico\\\/#respond\"]}]},{\"@type\":\"WebPage\",\"@id\":\"https:\\\/\\\/za.mus.br\\\/o-tradicional-festival-de-verao-de-sapucaia-chega-em-sua-11o-edicao-com-o-fim-do-trio-eletrico\\\/\",\"url\":\"https:\\\/\\\/za.mus.br\\\/o-tradicional-festival-de-verao-de-sapucaia-chega-em-sua-11o-edicao-com-o-fim-do-trio-eletrico\\\/\",\"name\":\"O tradicional Festival de Ver\u00e3o de Sapucaia chega em sua 11\u00ba edi\u00e7\u00e3o com o fim do trio el\u00e9trico - Zamus\",\"isPartOf\":{\"@id\":\"https:\\\/\\\/za.mus.br\\\/#website\"},\"primaryImageOfPage\":{\"@id\":\"https:\\\/\\\/za.mus.br\\\/o-tradicional-festival-de-verao-de-sapucaia-chega-em-sua-11o-edicao-com-o-fim-do-trio-eletrico\\\/#primaryimage\"},\"image\":{\"@id\":\"https:\\\/\\\/za.mus.br\\\/o-tradicional-festival-de-verao-de-sapucaia-chega-em-sua-11o-edicao-com-o-fim-do-trio-eletrico\\\/#primaryimage\"},\"thumbnailUrl\":\"https:\\\/\\\/i0.wp.com\\\/za.mus.br\\\/wp-content\\\/uploads\\\/revelacao__divulga%C3%A7%C3%A3o.jpg?fit=415%2C200&ssl=1\",\"datePublished\":\"2012-01-27T14:16:18+00:00\",\"dateModified\":\"2016-12-16T14:21:13+00:00\",\"author\":{\"@id\":\"https:\\\/\\\/za.mus.br\\\/#\\\/schema\\\/person\\\/4f875b70f5af4571b625b6fdfc9455c5\"},\"breadcrumb\":{\"@id\":\"https:\\\/\\\/za.mus.br\\\/o-tradicional-festival-de-verao-de-sapucaia-chega-em-sua-11o-edicao-com-o-fim-do-trio-eletrico\\\/#breadcrumb\"},\"inLanguage\":\"en-US\",\"potentialAction\":[{\"@type\":\"ReadAction\",\"target\":[\"https:\\\/\\\/za.mus.br\\\/o-tradicional-festival-de-verao-de-sapucaia-chega-em-sua-11o-edicao-com-o-fim-do-trio-eletrico\\\/\"]}]},{\"@type\":\"ImageObject\",\"inLanguage\":\"en-US\",\"@id\":\"https:\\\/\\\/za.mus.br\\\/o-tradicional-festival-de-verao-de-sapucaia-chega-em-sua-11o-edicao-com-o-fim-do-trio-eletrico\\\/#primaryimage\",\"url\":\"https:\\\/\\\/i0.wp.com\\\/za.mus.br\\\/wp-content\\\/uploads\\\/revelacao__divulga%C3%A7%C3%A3o.jpg?fit=415%2C200&ssl=1\",\"contentUrl\":\"https:\\\/\\\/i0.wp.com\\\/za.mus.br\\\/wp-content\\\/uploads\\\/revelacao__divulga%C3%A7%C3%A3o.jpg?fit=415%2C200&ssl=1\",\"width\":415,\"height\":200},{\"@type\":\"BreadcrumbList\",\"@id\":\"https:\\\/\\\/za.mus.br\\\/o-tradicional-festival-de-verao-de-sapucaia-chega-em-sua-11o-edicao-com-o-fim-do-trio-eletrico\\\/#breadcrumb\",\"itemListElement\":[{\"@type\":\"ListItem\",\"position\":1,\"name\":\"In\u00edcio\",\"item\":\"https:\\\/\\\/za.mus.br\\\/en\\\/\"},{\"@type\":\"ListItem\",\"position\":2,\"name\":\"O tradicional Festival de Ver\u00e3o de Sapucaia chega em sua 11\u00ba edi\u00e7\u00e3o com o fim do trio el\u00e9trico\"}]},{\"@type\":\"WebSite\",\"@id\":\"https:\\\/\\\/za.mus.br\\\/#website\",\"url\":\"https:\\\/\\\/za.mus.br\\\/\",\"name\":\"Zamus\",\"description\":\"The New Music Market\",\"potentialAction\":[{\"@type\":\"SearchAction\",\"target\":{\"@type\":\"EntryPoint\",\"urlTemplate\":\"https:\\\/\\\/za.mus.br\\\/?s={search_term_string}\"},\"query-input\":{\"@type\":\"PropertyValueSpecification\",\"valueRequired\":true,\"valueName\":\"search_term_string\"}}],\"inLanguage\":\"en-US\"},{\"@type\":\"Person\",\"@id\":\"https:\\\/\\\/za.mus.br\\\/#\\\/schema\\\/person\\\/4f875b70f5af4571b625b6fdfc9455c5\",\"name\":\"Zamus\",\"image\":{\"@type\":\"ImageObject\",\"inLanguage\":\"en-US\",\"@id\":\"https:\\\/\\\/za.mus.br\\\/wp-content\\\/uploads\\\/avatars\\\/2\\\/bdaf423d199575f03f26e548d1c12cb9-bpfull.png\",\"url\":\"https:\\\/\\\/za.mus.br\\\/wp-content\\\/uploads\\\/avatars\\\/2\\\/bdaf423d199575f03f26e548d1c12cb9-bpfull.png\",\"contentUrl\":\"https:\\\/\\\/za.mus.br\\\/wp-content\\\/uploads\\\/avatars\\\/2\\\/bdaf423d199575f03f26e548d1c12cb9-bpfull.png\",\"caption\":\"Zamus\"},\"sameAs\":[\"https:\\\/\\\/za.mus.br\",\"http:\\\/\\\/www.facebook.com\\\/100003649494215\"],\"url\":\"https:\\\/\\\/za.mus.br\\\/en\\\/author\\\/zamus\\\/\"}]}<\/script>\n<!-- \/ Yoast SEO plugin. -->","yoast_head_json":{"title":"O tradicional Festival de Ver\u00e3o de Sapucaia chega em sua 11\u00ba edi\u00e7\u00e3o com o fim do trio el\u00e9trico - Zamus","robots":{"index":"index","follow":"follow","max-snippet":"max-snippet:-1","max-image-preview":"max-image-preview:large","max-video-preview":"max-video-preview:-1"},"canonical":"https:\/\/za.mus.br\/o-tradicional-festival-de-verao-de-sapucaia-chega-em-sua-11o-edicao-com-o-fim-do-trio-eletrico\/","og_locale":"en_US","og_type":"article","og_title":"O tradicional Festival de Ver\u00e3o de Sapucaia chega em sua 11\u00ba edi\u00e7\u00e3o com o fim do trio el\u00e9trico - Zamus","og_description":"Shows, esportes, dan\u00e7a e recrea\u00e7\u00e3o infantil fazem parte da programa\u00e7\u00e3o da 11\u00ba edi\u00e7\u00e3o do Festival de Ver\u00e3o de Sapucaia, o Maratoma 2012, que vai at\u00e9 domingo no parque de exposi\u00e7\u00e3o da Beira Rio, com entrada franca. Na noite de s\u00e1bado (28), haver\u00e1 show com o grupo Revela\u00e7\u00e3o e, neste domingo (29), o show \u00e9 com a banda baiana Jammil e [&hellip;]","og_url":"https:\/\/za.mus.br\/o-tradicional-festival-de-verao-de-sapucaia-chega-em-sua-11o-edicao-com-o-fim-do-trio-eletrico\/","og_site_name":"Zamus","article_publisher":"http:\/\/facebook.com\/zamus","article_author":"http:\/\/www.facebook.com\/100003649494215","article_published_time":"2012-01-27T14:16:18+00:00","article_modified_time":"2016-12-16T14:21:13+00:00","og_image":[{"width":415,"height":200,"url":"https:\/\/i0.wp.com\/za.mus.br\/wp-content\/uploads\/revelacao__divulga\u00e7\u00e3o.jpg?fit=415%2C200&ssl=1","type":"image\/jpeg"}],"author":"Zamus","twitter_card":"summary_large_image","twitter_creator":"@zamusbr","twitter_site":"@zamusbr","twitter_misc":{"Written by":"Zamus","Est. reading time":"1 minute"},"schema":{"@context":"https:\/\/schema.org","@graph":[{"@type":"Article","@id":"https:\/\/za.mus.br\/o-tradicional-festival-de-verao-de-sapucaia-chega-em-sua-11o-edicao-com-o-fim-do-trio-eletrico\/#article","isPartOf":{"@id":"https:\/\/za.mus.br\/o-tradicional-festival-de-verao-de-sapucaia-chega-em-sua-11o-edicao-com-o-fim-do-trio-eletrico\/"},"author":{"name":"Zamus","@id":"https:\/\/za.mus.br\/#\/schema\/person\/4f875b70f5af4571b625b6fdfc9455c5"},"headline":"O tradicional Festival de Ver\u00e3o de Sapucaia chega em sua 11\u00ba edi\u00e7\u00e3o com o fim do trio el\u00e9trico","datePublished":"2012-01-27T14:16:18+00:00","dateModified":"2016-12-16T14:21:13+00:00","mainEntityOfPage":{"@id":"https:\/\/za.mus.br\/o-tradicional-festival-de-verao-de-sapucaia-chega-em-sua-11o-edicao-com-o-fim-do-trio-eletrico\/"},"wordCount":238,"commentCount":0,"image":{"@id":"https:\/\/za.mus.br\/o-tradicional-festival-de-verao-de-sapucaia-chega-em-sua-11o-edicao-com-o-fim-do-trio-eletrico\/#primaryimage"},"thumbnailUrl":"https:\/\/i0.wp.com\/za.mus.br\/wp-content\/uploads\/revelacao__divulga%C3%A7%C3%A3o.jpg?fit=415%2C200&ssl=1","articleSection":["M\u00fasica"],"inLanguage":"en-US","potentialAction":[{"@type":"CommentAction","name":"Comment","target":["https:\/\/za.mus.br\/o-tradicional-festival-de-verao-de-sapucaia-chega-em-sua-11o-edicao-com-o-fim-do-trio-eletrico\/#respond"]}]},{"@type":"WebPage","@id":"https:\/\/za.mus.br\/o-tradicional-festival-de-verao-de-sapucaia-chega-em-sua-11o-edicao-com-o-fim-do-trio-eletrico\/","url":"https:\/\/za.mus.br\/o-tradicional-festival-de-verao-de-sapucaia-chega-em-sua-11o-edicao-com-o-fim-do-trio-eletrico\/","name":"O tradicional Festival de Ver\u00e3o de Sapucaia chega em sua 11\u00ba edi\u00e7\u00e3o com o fim do trio el\u00e9trico - Zamus","isPartOf":{"@id":"https:\/\/za.mus.br\/#website"},"primaryImageOfPage":{"@id":"https:\/\/za.mus.br\/o-tradicional-festival-de-verao-de-sapucaia-chega-em-sua-11o-edicao-com-o-fim-do-trio-eletrico\/#primaryimage"},"image":{"@id":"https:\/\/za.mus.br\/o-tradicional-festival-de-verao-de-sapucaia-chega-em-sua-11o-edicao-com-o-fim-do-trio-eletrico\/#primaryimage"},"thumbnailUrl":"https:\/\/i0.wp.com\/za.mus.br\/wp-content\/uploads\/revelacao__divulga%C3%A7%C3%A3o.jpg?fit=415%2C200&ssl=1","datePublished":"2012-01-27T14:16:18+00:00","dateModified":"2016-12-16T14:21:13+00:00","author":{"@id":"https:\/\/za.mus.br\/#\/schema\/person\/4f875b70f5af4571b625b6fdfc9455c5"},"breadcrumb":{"@id":"https:\/\/za.mus.br\/o-tradicional-festival-de-verao-de-sapucaia-chega-em-sua-11o-edicao-com-o-fim-do-trio-eletrico\/#breadcrumb"},"inLanguage":"en-US","potentialAction":[{"@type":"ReadAction","target":["https:\/\/za.mus.br\/o-tradicional-festival-de-verao-de-sapucaia-chega-em-sua-11o-edicao-com-o-fim-do-trio-eletrico\/"]}]},{"@type":"ImageObject","inLanguage":"en-US","@id":"https:\/\/za.mus.br\/o-tradicional-festival-de-verao-de-sapucaia-chega-em-sua-11o-edicao-com-o-fim-do-trio-eletrico\/#primaryimage","url":"https:\/\/i0.wp.com\/za.mus.br\/wp-content\/uploads\/revelacao__divulga%C3%A7%C3%A3o.jpg?fit=415%2C200&ssl=1","contentUrl":"https:\/\/i0.wp.com\/za.mus.br\/wp-content\/uploads\/revelacao__divulga%C3%A7%C3%A3o.jpg?fit=415%2C200&ssl=1","width":415,"height":200},{"@type":"BreadcrumbList","@id":"https:\/\/za.mus.br\/o-tradicional-festival-de-verao-de-sapucaia-chega-em-sua-11o-edicao-com-o-fim-do-trio-eletrico\/#breadcrumb","itemListElement":[{"@type":"ListItem","position":1,"name":"In\u00edcio","item":"https:\/\/za.mus.br\/en\/"},{"@type":"ListItem","position":2,"name":"O tradicional Festival de Ver\u00e3o de Sapucaia chega em sua 11\u00ba edi\u00e7\u00e3o com o fim do trio el\u00e9trico"}]},{"@type":"WebSite","@id":"https:\/\/za.mus.br\/#website","url":"https:\/\/za.mus.br\/","name":"Zamus","description":"The New Music Market","potentialAction":[{"@type":"SearchAction","target":{"@type":"EntryPoint","urlTemplate":"https:\/\/za.mus.br\/?s={search_term_string}"},"query-input":{"@type":"PropertyValueSpecification","valueRequired":true,"valueName":"search_term_string"}}],"inLanguage":"en-US"},{"@type":"Person","@id":"https:\/\/za.mus.br\/#\/schema\/person\/4f875b70f5af4571b625b6fdfc9455c5","name":"Zamus","image":{"@type":"ImageObject","inLanguage":"en-US","@id":"https:\/\/za.mus.br\/wp-content\/uploads\/avatars\/2\/bdaf423d199575f03f26e548d1c12cb9-bpfull.png","url":"https:\/\/za.mus.br\/wp-content\/uploads\/avatars\/2\/bdaf423d199575f03f26e548d1c12cb9-bpfull.png","contentUrl":"https:\/\/za.mus.br\/wp-content\/uploads\/avatars\/2\/bdaf423d199575f03f26e548d1c12cb9-bpfull.png","caption":"Zamus"},"sameAs":["https:\/\/za.mus.br","http:\/\/www.facebook.com\/100003649494215"],"url":"https:\/\/za.mus.br\/en\/author\/zamus\/"}]}},"jetpack_featured_media_url":"https:\/\/i0.wp.com\/za.mus.br\/wp-content\/uploads\/revelacao__divulga%C3%A7%C3%A3o.jpg?fit=415%2C200&ssl=1","featured_image_src":"https:\/\/i0.wp.com\/za.mus.br\/wp-content\/uploads\/revelacao__divulga%C3%A7%C3%A3o.jpg?fit=415%2C200&ssl=1","jetpack_sharing_enabled":true,"_links":{"self":[{"href":"https:\/\/za.mus.br\/en\/wp-json\/wp\/v2\/posts\/65661","targetHints":{"allow":["GET"]}}],"collection":[{"href":"https:\/\/za.mus.br\/en\/wp-json\/wp\/v2\/posts"}],"about":[{"href":"https:\/\/za.mus.br\/en\/wp-json\/wp\/v2\/types\/post"}],"author":[{"embeddable":true,"href":"https:\/\/za.mus.br\/en\/wp-json\/wp\/v2\/users\/2"}],"replies":[{"embeddable":true,"href":"https:\/\/za.mus.br\/en\/wp-json\/wp\/v2\/comments?post=65661"}],"version-history":[{"count":1,"href":"https:\/\/za.mus.br\/en\/wp-json\/wp\/v2\/posts\/65661\/revisions"}],"predecessor-version":[{"id":65664,"href":"https:\/\/za.mus.br\/en\/wp-json\/wp\/v2\/posts\/65661\/revisions\/65664"}],"wp:featuredmedia":[{"embeddable":true,"href":"https:\/\/za.mus.br\/en\/wp-json\/wp\/v2\/media\/65663"}],"wp:attachment":[{"href":"https:\/\/za.mus.br\/en\/wp-json\/wp\/v2\/media?parent=65661"}],"wp:term":[{"taxonomy":"category","embeddable":true,"href":"https:\/\/za.mus.br\/en\/wp-json\/wp\/v2\/categories?post=65661"},{"taxonomy":"post_tag","embeddable":true,"href":"https:\/\/za.mus.br\/en\/wp-json\/wp\/v2\/tags?post=65661"}],"curies":[{"name":"wp","href":"https:\/\/api.w.org\/{rel}","templated":true}]}}