{"id":809,"date":"2012-09-12T16:04:20","date_gmt":"2012-09-12T19:04:20","guid":{"rendered":"https:\/\/za.mus.br\/?p=809"},"modified":"2012-09-12T16:04:20","modified_gmt":"2012-09-12T19:04:20","slug":"review-pedras-e-sonhos-el-efecto","status":"publish","type":"post","link":"https:\/\/za.mus.br\/en\/review-pedras-e-sonhos-el-efecto\/","title":{"rendered":"Review: Pedras e Sonhos, El Efecto"},"content":{"rendered":"<p style=\"text-align: left;\"><em><strong>Por <a href=\"https:\/\/za.mus.br\/user\/view\/1529\" target=\"_blank\">Marcio CS<\/a>, guitarrista e vocalista da\u00a0<a href=\"https:\/\/za.mus.br\/artist\/view\/397\" target=\"_blank\">Banda Hipnoia<\/a><\/strong><\/em><\/p>\n<p>J\u00e1 tem um tempo que venho procurando por bandas nacionais recentes para que eu possa ser f\u00e3 de alguma. F\u00e3 de verdade. Sendo bem sincero, apesar de ultimamente eu ter escutado o som de muitas bandas que apareceram em v\u00e1rios cantos do Brasil, poucas me chamaram<a href=\"https:\/\/i0.wp.com\/za.mus.br\/wp-content\/uploads\/lesk.png?ssl=1\"><img data-recalc-dims=\"1\" loading=\"lazy\" decoding=\"async\" class=\"alignleft  wp-image-811\" title=\"lesk\" src=\"https:\/\/i0.wp.com\/za.mus.br\/wp-content\/uploads\/lesk.png?resize=142%2C244&#038;ssl=1\" alt=\"\" width=\"142\" height=\"244\" \/><\/a> a aten\u00e7\u00e3o. Poucas me fizeram ter vontade de me aprofundar no conhecimento sobre o trabalho, ou de ouvir um CD completo, por exemplo. N\u00e3o h\u00e1 muitos lugares por a\u00ed como, onde voc\u00ea possa conhecer o trabalho de um artista com som de alta qualidade, podendo ler as letras e apreciar toda a concep\u00e7\u00e3o visual da banda. Mas agora que existe um lugar assim, fica mais f\u00e1cil e prazeroso ir atr\u00e1s de bandas para tentar ser f\u00e3. H\u00e1 muitos artistas e bandas novas, muito trabalho novo para ser ouvido e apreciado, mas qualidade de verdade n\u00e3o se encontra em qualquer lugar, ou a qualquer momento. \u00c9 preciso dedicar alguns minutos do seu dia para procurar, ou ter a sorte de uma preciosidade cair no seu colo aleatoriamente.<\/p>\n<p>Parece que aconteceu algo assim comigo, quando eu vi h\u00e1 alguns dias no Facebook o post do Zamus falando do mais recente \u00e1lbum da banda <a href=\"https:\/\/za.mus.br\/artist\/view\/100\" target=\"_blank\">El Efecto<\/a>, \u201c<a href=\"https:\/\/za.mus.br\/album\/view\/234\" target=\"_blank\">Pedras e Sonhos<\/a>\u201d.\u00a0H\u00e1 muito tempo que eu n\u00e3o encontrava uma banda nacional que fizesse uma mistura de estilos com tanta compet\u00eancia, ou que tivesse arranjos t\u00e3o bem trabalhados. O El Efecto me trouxe de volta o prazer de escutar um \u00e1lbum, curioso para saber o que vou ouvir na pr\u00f3xima m\u00fasica, pois n\u00e3o \u00e9 poss\u00edvel imaginar o que vem em seguida. Pode ser rock, pop, funk, samba, gospel, metal, cantiga, bai\u00e3o, progressivo, m\u00fasica regional, e at\u00e9 m\u00fasica cl\u00e1ssica&#8230; o que voc\u00ea imaginar, vai encontrar no trabalho da banda. O El Efecto consegue fazer isso tanto na m\u00fasica quanto no que \u00e9 cantado. Algumas letras t\u00eam um teor cr\u00edtico, e outras s\u00e3o mais po\u00e9ticas. Algumas tem belos trabalhos vocais, outras s\u00e3o gritadas, outras\u00a0sussurradas (\u201cem surround\u201d). \u00c9 muito improv\u00e1vel que haja alguma outra banda no Brasil com um som sequer parecido com o que o El Efecto consegue produzir em est\u00fadio.<\/p>\n<p>Faz parte da concep\u00e7\u00e3o do \u00e1lbum \u201cPedras e Sonhos\u201d um conjunto de participa\u00e7\u00f5es que faz muita diferen\u00e7a no resultado final. S\u00e3o coros, violinos, trompetes, trombones e clarinetes \u2013 um conjunto de elementos dificilmente encontrados em outra banda de rock no Brasil atualmente &#8211; ok, vamos chamar de \u201crock\u201d o som que o El Efecto faz. Al\u00e9m disso, chama a aten\u00e7\u00e3o o conte\u00fado cr\u00edtico de certas letras, como \u201c<a href=\"https:\/\/za.mus.br\/phonogram\/view\/1232\" target=\"_blank\">O Encontro de Lampi\u00e3o com Eike Batista<\/a>\u201d (o pr\u00f3prio t\u00edtulo j\u00e1 diz tudo) e \u201c<a href=\"https:\/\/za.mus.br\/phonogram\/view\/1237\" target=\"_blank\">N\u2019Aghad\u00ea<\/a>\u201d (que fala do poder da TV sobre o povo, e que no fim diz que \u201ca revolu\u00e7\u00e3o n\u00e3o ser\u00e1 televisionada\u201d). Outro destaque s\u00e3o as guitarras distorcidas na \u201c<a href=\"https:\/\/za.mus.br\/phonogram\/view\/1235\" target=\"_blank\">Cantiga de Ninar<\/a>\u201d, e tamb\u00e9m a linda can\u00e7\u00e3o \u201c<a href=\"https:\/\/za.mus.br\/phonogram\/view\/1239\" target=\"_blank\">Consagra\u00e7\u00e3o da Primavera<\/a>\u201d, com tons de m\u00fasica cl\u00e1ssica e de bela performance em est\u00fadio, com clarinetes, fagotes, percuss\u00e3o sinf\u00f4nica, dentre outros elementos que enriquecem ainda mais essa obra-prima. A letra da can\u00e7\u00e3o que fecha o \u00e1lbum, \u201c<a href=\"https:\/\/za.mus.br\/phonogram\/view\/1240\" target=\"_blank\">Os Assaltimbancos<\/a>\u201d, diz que \u201cse a gente canta em coro, \u00e9 mais forte o som da nossa voz\u201d. Um outro destaque \u00e9 a onipresen\u00e7a de vocais divididos e de coros junto aos arranjos muito bem tocados pela banda, fundada em 2002 e composta por Tom\u00e1s Rosati, Bruno Danton, Eduardo Baker, Pablo Barroso e Gustavo Loureiro. \u201cPedras e Sonhos\u201d \u00e9 o 4\u00ba. trabalho do El Efecto (s\u00e3o 3 \u00e1lbuns e um EP no total).<\/p>\n<p>\u00c9 muito gratificante, depois de muita pesquisa, chegar de encontro a uma banda ao mesmo tempo divertida, original e competente, como o El Efecto. O resultado \u00e9 fruto de um quinteto talentoso, letras muito bem escritas, parcerias com m\u00fasicos de qualidade, uma cuidadosa concep\u00e7\u00e3o visual, e dedica\u00e7\u00e3o de todos os envolvidos a fazer um trabalho final que fa\u00e7a a diferen\u00e7a no atual mercado de m\u00fasica independente nacional. E o trabalho n\u00e3o para por a\u00ed: no palco os caras parecem ser simples e diretos ao ponto. Como diz o site deles, \u201cnada de figurino ou cen\u00e1rios elaborados. A mensagem \u00e9 o meio. Liberdade de composi\u00e7\u00e3o, um dos princ\u00edpios. O movimento \u00e9 o fim.\u201d \u2013 E assim que eu puder, pretendo\u00a0assistir isso tudo ao vivo.\u00a0 Quer mais um resultado? Ouvi o som da banda e virei f\u00e3. Causa e efeito. Ou melhor, \u201cefecto\u201d.<\/p>\n<p><strong>Por\u00a0<a href=\"https:\/\/za.mus.br\/user\/view\/1529\" target=\"_blank\">Marcio CS<\/a>, guitarrista e vocalista da\u00a0<a href=\"https:\/\/za.mus.br\/artist\/view\/397\" target=\"_blank\">Banda Hipnoia<\/a><\/strong><\/p>\n","protected":false},"excerpt":{"rendered":"<p>Marcio CS da Banda Hipnoia, fala sobre o disco &#8220;Pedras e Sonhos&#8217; , mais novo \u00e1lbum da banda El Efecto.<\/p>\n","protected":false},"author":1,"featured_media":812,"comment_status":"open","ping_status":"open","sticky":false,"template":"","format":"standard","meta":{"_jetpack_memberships_contains_paid_content":false,"footnotes":""},"categories":[1648],"tags":[],"class_list":["post-809","post","type-post","status-publish","format-standard","has-post-thumbnail","hentry","category-networking"],"yoast_head":"<!-- This site is optimized with the Yoast SEO plugin v27.5 - https:\/\/yoast.com\/product\/yoast-seo-wordpress\/ -->\n<title>Review: Pedras e Sonhos, El Efecto<\/title>\n<meta name=\"description\" content=\"Marcio CS da Banda Hipnoia, fala sobre o disco &quot;Pedras e Sonhos&#039; , mais novo \u00e1lbum da banda El Efecto.\" \/>\n<meta name=\"robots\" content=\"index, follow, max-snippet:-1, max-image-preview:large, max-video-preview:-1\" \/>\n<link rel=\"canonical\" href=\"https:\/\/za.mus.br\/en\/review-pedras-e-sonhos-el-efecto\/\" \/>\n<meta property=\"og:locale\" content=\"en_US\" \/>\n<meta property=\"og:type\" content=\"article\" \/>\n<meta property=\"og:title\" content=\"Review: Pedras e Sonhos, El Efecto\" \/>\n<meta property=\"og:description\" content=\"Marcio CS da Banda Hipnoia, fala sobre o disco &quot;Pedras e Sonhos&#039; , mais novo \u00e1lbum da banda El Efecto.\" \/>\n<meta property=\"og:url\" content=\"https:\/\/za.mus.br\/en\/review-pedras-e-sonhos-el-efecto\/\" \/>\n<meta property=\"og:site_name\" content=\"Zamus\" \/>\n<meta property=\"article:publisher\" content=\"http:\/\/facebook.com\/zamus\" \/>\n<meta property=\"article:published_time\" content=\"2012-09-12T19:04:20+00:00\" \/>\n<meta property=\"og:image\" content=\"https:\/\/i0.wp.com\/za.mus.br\/wp-content\/uploads\/z-btn-white.png?fit=820%2C820&ssl=1\" \/>\n\t<meta property=\"og:image:width\" content=\"820\" \/>\n\t<meta property=\"og:image:height\" content=\"820\" \/>\n\t<meta property=\"og:image:type\" content=\"image\/png\" \/>\n<meta name=\"author\" content=\"Guilherme Sampaio\" \/>\n<meta name=\"twitter:card\" content=\"summary_large_image\" \/>\n<meta name=\"twitter:creator\" content=\"@zamusbr\" \/>\n<meta name=\"twitter:site\" content=\"@zamusbr\" \/>\n<meta name=\"twitter:label1\" content=\"Written by\" \/>\n\t<meta name=\"twitter:data1\" content=\"Guilherme Sampaio\" \/>\n\t<meta name=\"twitter:label2\" content=\"Est. reading time\" \/>\n\t<meta name=\"twitter:data2\" content=\"4 minutes\" \/>\n<script type=\"application\/ld+json\" class=\"yoast-schema-graph\">{\"@context\":\"https:\\\/\\\/schema.org\",\"@graph\":[{\"@type\":\"Article\",\"@id\":\"https:\\\/\\\/za.mus.br\\\/en\\\/review-pedras-e-sonhos-el-efecto\\\/#article\",\"isPartOf\":{\"@id\":\"https:\\\/\\\/za.mus.br\\\/en\\\/review-pedras-e-sonhos-el-efecto\\\/\"},\"author\":{\"name\":\"Guilherme Sampaio\",\"@id\":\"https:\\\/\\\/za.mus.br\\\/#\\\/schema\\\/person\\\/612e3839d8a5e7580335410e173a7589\"},\"headline\":\"Review: Pedras e Sonhos, El Efecto\",\"datePublished\":\"2012-09-12T19:04:20+00:00\",\"mainEntityOfPage\":{\"@id\":\"https:\\\/\\\/za.mus.br\\\/en\\\/review-pedras-e-sonhos-el-efecto\\\/\"},\"wordCount\":789,\"commentCount\":0,\"image\":{\"@id\":\"https:\\\/\\\/za.mus.br\\\/en\\\/review-pedras-e-sonhos-el-efecto\\\/#primaryimage\"},\"thumbnailUrl\":\"\",\"articleSection\":[\"Networking\"],\"inLanguage\":\"en-US\",\"potentialAction\":[{\"@type\":\"CommentAction\",\"name\":\"Comment\",\"target\":[\"https:\\\/\\\/za.mus.br\\\/en\\\/review-pedras-e-sonhos-el-efecto\\\/#respond\"]}]},{\"@type\":\"WebPage\",\"@id\":\"https:\\\/\\\/za.mus.br\\\/en\\\/review-pedras-e-sonhos-el-efecto\\\/\",\"url\":\"https:\\\/\\\/za.mus.br\\\/en\\\/review-pedras-e-sonhos-el-efecto\\\/\",\"name\":\"Review: Pedras e Sonhos, El Efecto\",\"isPartOf\":{\"@id\":\"https:\\\/\\\/za.mus.br\\\/#website\"},\"primaryImageOfPage\":{\"@id\":\"https:\\\/\\\/za.mus.br\\\/en\\\/review-pedras-e-sonhos-el-efecto\\\/#primaryimage\"},\"image\":{\"@id\":\"https:\\\/\\\/za.mus.br\\\/en\\\/review-pedras-e-sonhos-el-efecto\\\/#primaryimage\"},\"thumbnailUrl\":\"\",\"datePublished\":\"2012-09-12T19:04:20+00:00\",\"author\":{\"@id\":\"https:\\\/\\\/za.mus.br\\\/#\\\/schema\\\/person\\\/612e3839d8a5e7580335410e173a7589\"},\"description\":\"Marcio CS da Banda Hipnoia, fala sobre o disco \\\"Pedras e Sonhos' , mais novo \u00e1lbum da banda El Efecto.\",\"breadcrumb\":{\"@id\":\"https:\\\/\\\/za.mus.br\\\/en\\\/review-pedras-e-sonhos-el-efecto\\\/#breadcrumb\"},\"inLanguage\":\"en-US\",\"potentialAction\":[{\"@type\":\"ReadAction\",\"target\":[\"https:\\\/\\\/za.mus.br\\\/en\\\/review-pedras-e-sonhos-el-efecto\\\/\"]}]},{\"@type\":\"ImageObject\",\"inLanguage\":\"en-US\",\"@id\":\"https:\\\/\\\/za.mus.br\\\/en\\\/review-pedras-e-sonhos-el-efecto\\\/#primaryimage\",\"url\":\"\",\"contentUrl\":\"\"},{\"@type\":\"BreadcrumbList\",\"@id\":\"https:\\\/\\\/za.mus.br\\\/en\\\/review-pedras-e-sonhos-el-efecto\\\/#breadcrumb\",\"itemListElement\":[{\"@type\":\"ListItem\",\"position\":1,\"name\":\"In\u00edcio\",\"item\":\"https:\\\/\\\/za.mus.br\\\/en\\\/\"},{\"@type\":\"ListItem\",\"position\":2,\"name\":\"Review: Pedras e Sonhos, El Efecto\"}]},{\"@type\":\"WebSite\",\"@id\":\"https:\\\/\\\/za.mus.br\\\/#website\",\"url\":\"https:\\\/\\\/za.mus.br\\\/\",\"name\":\"Zamus\",\"description\":\"The New Music Market\",\"potentialAction\":[{\"@type\":\"SearchAction\",\"target\":{\"@type\":\"EntryPoint\",\"urlTemplate\":\"https:\\\/\\\/za.mus.br\\\/?s={search_term_string}\"},\"query-input\":{\"@type\":\"PropertyValueSpecification\",\"valueRequired\":true,\"valueName\":\"search_term_string\"}}],\"inLanguage\":\"en-US\"},{\"@type\":\"Person\",\"@id\":\"https:\\\/\\\/za.mus.br\\\/#\\\/schema\\\/person\\\/612e3839d8a5e7580335410e173a7589\",\"name\":\"Guilherme Sampaio\",\"image\":{\"@type\":\"ImageObject\",\"inLanguage\":\"en-US\",\"@id\":\"\\\/\\\/www.gravatar.com\\\/avatar\\\/c7366d47da589ca73e5ab9870f4f8e75?s=96&#038;r=g&#038;d=https%3A%2F%2Fza.mus.br%2Fwp-content%2Fthemes%2Fkleo-child%2Fimg%2Fz.avatar.red.jpg\",\"url\":\"\\\/\\\/www.gravatar.com\\\/avatar\\\/c7366d47da589ca73e5ab9870f4f8e75?s=96&#038;r=g&#038;d=https%3A%2F%2Fza.mus.br%2Fwp-content%2Fthemes%2Fkleo-child%2Fimg%2Fz.avatar.red.jpg\",\"contentUrl\":\"\\\/\\\/www.gravatar.com\\\/avatar\\\/c7366d47da589ca73e5ab9870f4f8e75?s=96&#038;r=g&#038;d=https%3A%2F%2Fza.mus.br%2Fwp-content%2Fthemes%2Fkleo-child%2Fimg%2Fz.avatar.red.jpg\",\"caption\":\"Guilherme Sampaio\"},\"sameAs\":[\"http:\\\/\\\/arqabs.com\"],\"url\":\"https:\\\/\\\/za.mus.br\\\/en\\\/author\\\/arqabs\\\/\"}]}<\/script>\n<!-- \/ Yoast SEO plugin. -->","yoast_head_json":{"title":"Review: Pedras e Sonhos, El Efecto","description":"Marcio CS da Banda Hipnoia, fala sobre o disco \"Pedras e Sonhos' , mais novo \u00e1lbum da banda El Efecto.","robots":{"index":"index","follow":"follow","max-snippet":"max-snippet:-1","max-image-preview":"max-image-preview:large","max-video-preview":"max-video-preview:-1"},"canonical":"https:\/\/za.mus.br\/en\/review-pedras-e-sonhos-el-efecto\/","og_locale":"en_US","og_type":"article","og_title":"Review: Pedras e Sonhos, El Efecto","og_description":"Marcio CS da Banda Hipnoia, fala sobre o disco \"Pedras e Sonhos' , mais novo \u00e1lbum da banda El Efecto.","og_url":"https:\/\/za.mus.br\/en\/review-pedras-e-sonhos-el-efecto\/","og_site_name":"Zamus","article_publisher":"http:\/\/facebook.com\/zamus","article_published_time":"2012-09-12T19:04:20+00:00","og_image":[{"width":820,"height":820,"url":"https:\/\/i0.wp.com\/za.mus.br\/wp-content\/uploads\/z-btn-white.png?fit=820%2C820&ssl=1","type":"image\/png"}],"author":"Guilherme Sampaio","twitter_card":"summary_large_image","twitter_creator":"@zamusbr","twitter_site":"@zamusbr","twitter_misc":{"Written by":"Guilherme Sampaio","Est. reading time":"4 minutes"},"schema":{"@context":"https:\/\/schema.org","@graph":[{"@type":"Article","@id":"https:\/\/za.mus.br\/en\/review-pedras-e-sonhos-el-efecto\/#article","isPartOf":{"@id":"https:\/\/za.mus.br\/en\/review-pedras-e-sonhos-el-efecto\/"},"author":{"name":"Guilherme Sampaio","@id":"https:\/\/za.mus.br\/#\/schema\/person\/612e3839d8a5e7580335410e173a7589"},"headline":"Review: Pedras e Sonhos, El Efecto","datePublished":"2012-09-12T19:04:20+00:00","mainEntityOfPage":{"@id":"https:\/\/za.mus.br\/en\/review-pedras-e-sonhos-el-efecto\/"},"wordCount":789,"commentCount":0,"image":{"@id":"https:\/\/za.mus.br\/en\/review-pedras-e-sonhos-el-efecto\/#primaryimage"},"thumbnailUrl":"","articleSection":["Networking"],"inLanguage":"en-US","potentialAction":[{"@type":"CommentAction","name":"Comment","target":["https:\/\/za.mus.br\/en\/review-pedras-e-sonhos-el-efecto\/#respond"]}]},{"@type":"WebPage","@id":"https:\/\/za.mus.br\/en\/review-pedras-e-sonhos-el-efecto\/","url":"https:\/\/za.mus.br\/en\/review-pedras-e-sonhos-el-efecto\/","name":"Review: Pedras e Sonhos, El Efecto","isPartOf":{"@id":"https:\/\/za.mus.br\/#website"},"primaryImageOfPage":{"@id":"https:\/\/za.mus.br\/en\/review-pedras-e-sonhos-el-efecto\/#primaryimage"},"image":{"@id":"https:\/\/za.mus.br\/en\/review-pedras-e-sonhos-el-efecto\/#primaryimage"},"thumbnailUrl":"","datePublished":"2012-09-12T19:04:20+00:00","author":{"@id":"https:\/\/za.mus.br\/#\/schema\/person\/612e3839d8a5e7580335410e173a7589"},"description":"Marcio CS da Banda Hipnoia, fala sobre o disco \"Pedras e Sonhos' , mais novo \u00e1lbum da banda El Efecto.","breadcrumb":{"@id":"https:\/\/za.mus.br\/en\/review-pedras-e-sonhos-el-efecto\/#breadcrumb"},"inLanguage":"en-US","potentialAction":[{"@type":"ReadAction","target":["https:\/\/za.mus.br\/en\/review-pedras-e-sonhos-el-efecto\/"]}]},{"@type":"ImageObject","inLanguage":"en-US","@id":"https:\/\/za.mus.br\/en\/review-pedras-e-sonhos-el-efecto\/#primaryimage","url":"","contentUrl":""},{"@type":"BreadcrumbList","@id":"https:\/\/za.mus.br\/en\/review-pedras-e-sonhos-el-efecto\/#breadcrumb","itemListElement":[{"@type":"ListItem","position":1,"name":"In\u00edcio","item":"https:\/\/za.mus.br\/en\/"},{"@type":"ListItem","position":2,"name":"Review: Pedras e Sonhos, El Efecto"}]},{"@type":"WebSite","@id":"https:\/\/za.mus.br\/#website","url":"https:\/\/za.mus.br\/","name":"Zamus","description":"The New Music Market","potentialAction":[{"@type":"SearchAction","target":{"@type":"EntryPoint","urlTemplate":"https:\/\/za.mus.br\/?s={search_term_string}"},"query-input":{"@type":"PropertyValueSpecification","valueRequired":true,"valueName":"search_term_string"}}],"inLanguage":"en-US"},{"@type":"Person","@id":"https:\/\/za.mus.br\/#\/schema\/person\/612e3839d8a5e7580335410e173a7589","name":"Guilherme Sampaio","image":{"@type":"ImageObject","inLanguage":"en-US","@id":"\/\/www.gravatar.com\/avatar\/c7366d47da589ca73e5ab9870f4f8e75?s=96&#038;r=g&#038;d=https%3A%2F%2Fza.mus.br%2Fwp-content%2Fthemes%2Fkleo-child%2Fimg%2Fz.avatar.red.jpg","url":"\/\/www.gravatar.com\/avatar\/c7366d47da589ca73e5ab9870f4f8e75?s=96&#038;r=g&#038;d=https%3A%2F%2Fza.mus.br%2Fwp-content%2Fthemes%2Fkleo-child%2Fimg%2Fz.avatar.red.jpg","contentUrl":"\/\/www.gravatar.com\/avatar\/c7366d47da589ca73e5ab9870f4f8e75?s=96&#038;r=g&#038;d=https%3A%2F%2Fza.mus.br%2Fwp-content%2Fthemes%2Fkleo-child%2Fimg%2Fz.avatar.red.jpg","caption":"Guilherme Sampaio"},"sameAs":["http:\/\/arqabs.com"],"url":"https:\/\/za.mus.br\/en\/author\/arqabs\/"}]}},"jetpack_featured_media_url":"","featured_image_src":"https:\/\/za.mus.br\/wp-includes\/images\/media\/default.svg","jetpack_sharing_enabled":true,"_links":{"self":[{"href":"https:\/\/za.mus.br\/en\/wp-json\/wp\/v2\/posts\/809","targetHints":{"allow":["GET"]}}],"collection":[{"href":"https:\/\/za.mus.br\/en\/wp-json\/wp\/v2\/posts"}],"about":[{"href":"https:\/\/za.mus.br\/en\/wp-json\/wp\/v2\/types\/post"}],"author":[{"embeddable":true,"href":"https:\/\/za.mus.br\/en\/wp-json\/wp\/v2\/users\/1"}],"replies":[{"embeddable":true,"href":"https:\/\/za.mus.br\/en\/wp-json\/wp\/v2\/comments?post=809"}],"version-history":[{"count":0,"href":"https:\/\/za.mus.br\/en\/wp-json\/wp\/v2\/posts\/809\/revisions"}],"wp:featuredmedia":[{"embeddable":true,"href":"https:\/\/za.mus.br\/en\/wp-json\/"}],"wp:attachment":[{"href":"https:\/\/za.mus.br\/en\/wp-json\/wp\/v2\/media?parent=809"}],"wp:term":[{"taxonomy":"category","embeddable":true,"href":"https:\/\/za.mus.br\/en\/wp-json\/wp\/v2\/categories?post=809"},{"taxonomy":"post_tag","embeddable":true,"href":"https:\/\/za.mus.br\/en\/wp-json\/wp\/v2\/tags?post=809"}],"curies":[{"name":"wp","href":"https:\/\/api.w.org\/{rel}","templated":true}]}}