{"id":8608,"date":"2015-07-15T15:43:09","date_gmt":"2015-07-15T18:43:09","guid":{"rendered":"https:\/\/za.mus.br\/?p=8608"},"modified":"2015-07-18T11:14:24","modified_gmt":"2015-07-18T14:14:24","slug":"por-dentro-do-ecad","status":"publish","type":"post","link":"https:\/\/za.mus.br\/en\/por-dentro-do-ecad\/","title":{"rendered":"Por dentro do ECAD"},"content":{"rendered":"<p align=\"\">Constantemente uma indaga\u00e7\u00e3o surge na cabe\u00e7a de muitos m\u00fasicos&#8230; afinal de contas como funciona a arrecada\u00e7\u00e3o e distribui\u00e7\u00e3o dos direitos autorais?<\/p>\n<p align=\"\">Fruto do exerc\u00edcio da Assembleia Geral constitu\u00edda por membros das associa\u00e7\u00f5es de gest\u00e3o coletivas, o Escrit\u00f3rio Central de Arrecada\u00e7\u00e3o e Distribui\u00e7\u00e3o &#8211; <a href=\"http:\/\/www.ecad.org.br\/pt\/Paginas\/default.aspx\">ECAD<\/a> \u00e9 uma sociedade civil de natureza privada, sem fins lucrativos, institu\u00edda no per\u00edodo militar com o advento da lei <a href=\"http:\/\/www.planalto.gov.br\/ccivil_03\/leis\/L5988.htm\">5.988\/73<\/a> e regido pela Lei de Direitos Autorais <a href=\"http:\/\/www.planalto.gov.br\/CCIVIL_03\/leis\/L9610.htm\">9.610\/98<\/a> e <a href=\"http:\/\/www.planalto.gov.br\/ccivil_03\/_Ato2011-2014\/2013\/Lei\/L12853.htm\">12.853\/13<\/a> cuja fun\u00e7\u00e3o \u00e9 ser o \u00f3rg\u00e3o \u00fanico de centraliza\u00e7\u00e3o, arrecada\u00e7\u00e3o e distribui\u00e7\u00e3o dos direitos autorais de execu\u00e7\u00e3o p\u00fablica musical.<\/p>\n<p align=\"\">Como fruto da atua\u00e7\u00e3o da assembleia geral al\u00e9m das leis j\u00e1 mencionadas, faz parte do arcabou\u00e7o jur\u00eddico regulamentador da atividade do ECAD, o seu <a href=\"http:\/\/www.ecad.org.br\/pt\/direito-autoral\/Legislacao\/Paginas\/Estatuto-do-Ecad.aspx\">Estatuto<\/a> e os regulamentos de arrecada\u00e7\u00e3o e distribui\u00e7\u00e3o cujo teor normatiza todas as quest\u00f5es alusivas \u00e0s atividades do Escrit\u00f3rio.<\/p>\n<p align=\"\">O fato \u00e9 que leis s\u00e3o obscuras para m\u00fasicos assim como os modos da escala maior s\u00e3o para advogados. Contudo o assunto n\u00e3o \u00e9 assim t\u00e3o enrolado quanto parece.<\/p>\n<p align=\"\">A princ\u00edpio deve-se elucidar que para receber valores alusivos \u00e0 execu\u00e7\u00e3o p\u00fablica \u00e9 necess\u00e1rio ser associado a alguma das <a href=\"http:\/\/www.ecad.org.br\/pt\/eu-faco-musica\/associacoes\/Paginas\/default.aspx\">associa\u00e7\u00f5es de gest\u00e3o musical<\/a>. Sem ser associado \u00e9 imposs\u00edvel detectar se sua m\u00fasica foi executada, portanto, quer receber uma graninha por sua m\u00fasica ter tocado na r\u00e1dio? Se associe. Acredite: \u00e9 r\u00e1pido, f\u00e1cil e imprescind\u00edvel para a sua carreira.<\/p>\n<p align=\"\">Ultrapassando este ponto inicial, a Lei que instituiu o ECAD, adotou o modelo centralizado de arrecada\u00e7\u00e3o e distribui\u00e7\u00e3o, o que quer dizer que um \u00fanico ente ficaria respons\u00e1vel por estas atividades solucionando o problema da multiplicidade de cobran\u00e7a realizada pelas sociedades autorais de antigamente garantindo, desta maneira, certa isonomia nos fatores de arrecada\u00e7\u00f5es e crit\u00e9rios para distribui\u00e7\u00e3o dos direitos autorais.<\/p>\n<p align=\"\">Assim fica f\u00e1cil vislumbrar que a fun\u00e7\u00e3o prec\u00edpua do ECAD envolve o ato de arrecada\u00e7\u00e3o de valor oriundo da utiliza\u00e7\u00e3o de uma obra musical atrav\u00e9s de sua execu\u00e7\u00e3o p\u00fablica (pelo chamado usu\u00e1rio) e a distribui\u00e7\u00e3o destes valores aos envolvidos na arte de se fazer m\u00fasica (titulares de direitos autorais e aqueles que lhe s\u00e3o conexos).<\/p>\n<p align=\"\">Para fins de arrecada\u00e7\u00e3o os valores a serem pagos por aqueles que utilizar\u00e3o as obras musicais, o ECAD basicamente leva em considera\u00e7\u00e3o fatores, como por exemplo, o n\u00edvel de import\u00e2ncia da m\u00fasica para a atividade e\/ou para o estabelecimento (indispens\u00e1vel, necess\u00e1ria ou secund\u00e1ria); o aspecto da periodicidade da utiliza\u00e7\u00e3o (permanente ou eventual); e se a apresenta\u00e7\u00e3o \u00e9 feita por m\u00fasica mec\u00e2nica ou ao vivo.<\/p>\n<p align=\"\">A intera\u00e7\u00e3o entre estes elementos que classificam o usu\u00e1rio acaba por determinar a quantia a ser paga pelo uso da obra musical.<\/p>\n<p align=\"\">Desta feita, pode-se estabelecer que os chamados usu\u00e1rios s\u00e3o pessoas f\u00edsicas ou jur\u00eddicas que utilizam obras musicais publicamente e que dependendo da frequ\u00eancia e tipo de atividade envolvida com o uso de m\u00fasica dever\u00e1 recolher ao ECAD os valores relativos \u00e0 monetiza\u00e7\u00e3o para o artista autor da obra utilizada.<\/p>\n<p align=\"\">Para melhor percep\u00e7\u00e3o acerca do conceito, destrinchemos o fator frequ\u00eancia e o tipo de atividade.<\/p>\n<h2><strong>Frequ\u00eancia<\/strong><\/h2>\n<ul>\n<li><strong>Permanente:<\/strong>\u00a0Aquele que de maneira constante, habitual e continuada utiliza obras musicais e fonogramas em sua atividade profissional ou comercial;<\/li>\n<\/ul>\n<ul>\n<li><strong>Eventuais:\u00a0<\/strong>Aquele que por exclus\u00e3o n\u00e3o \u00e9 usu\u00e1rio permanente;<\/li>\n<\/ul>\n<h2><\/h2>\n<h2><strong>Tipo de Atividade<\/strong><\/h2>\n<ul>\n<li><strong>Usu\u00e1rios gerais:\u00a0<\/strong>Aquele que n\u00e3o foi enquadrado como emissora de radiodifus\u00e3o e transmiss\u00e3o por qualquer modalidade, tais como: academias de gin\u00e1stica, cinemas, boates, lojas comerciais, bares, restaurantes, hot\u00e9is, supermercados, shopping centers;<\/li>\n<\/ul>\n<ul>\n<li><strong>Shows e eventos:\u00a0<\/strong>Promotores de eventos e audi\u00e7\u00f5es p\u00fablicas, casas de espet\u00e1culo com shows eventuais, eventos gerais como festas p\u00fablicas, etc;<\/li>\n<\/ul>\n<ul>\n<li><strong>R\u00e1dio e TV:\u00a0<\/strong>Emissoras de r\u00e1dio e televis\u00e3o, incluindo as de sinal aberto, fechado, r\u00e1dios e internet;<\/li>\n<\/ul>\n<p>&nbsp;<\/p>\n<p>Ap\u00f3s a arrecada\u00e7\u00e3o, a capta\u00e7\u00e3o e a identifica\u00e7\u00e3o das m\u00fasicas executadas, passa-se para a segunda fase que \u00e9 de distribui\u00e7\u00e3o.<\/p>\n<p align=\"\">Obedecendo aos crit\u00e9rios definidos no Regulamento de Distribui\u00e7\u00e3o o primeiro rateio do valor arrecado envolve os titulares da obra musical, as associa\u00e7\u00f5es e o ECAD. Essa divis\u00e3o \u00e9 realizada utilizando as seguintes porcentagens:<\/p>\n<p align=\"center\"><a href=\"https:\/\/i0.wp.com\/za.mus.br\/wp-content\/uploads\/Por-dentro-do-ECAD-1-Distribui----o-da-Arrecada----o-de-Direitos-Autorais.jpg?ssl=1\"><img data-recalc-dims=\"1\" loading=\"lazy\" decoding=\"async\" class=\"aligncenter size-full wp-image-8640\" src=\"https:\/\/i0.wp.com\/za.mus.br\/wp-content\/uploads\/Por-dentro-do-ECAD-1-Distribui----o-da-Arrecada----o-de-Direitos-Autorais.jpg?resize=900%2C900&#038;ssl=1\" alt=\"Por dentro do ECAD - 1 Distribui\u00e7\u00e3o da Arrecada\u00e7\u00e3o de Direitos Autorais\" width=\"900\" height=\"900\" srcset=\"https:\/\/i0.wp.com\/za.mus.br\/wp-content\/uploads\/Por-dentro-do-ECAD-1-Distribui----o-da-Arrecada----o-de-Direitos-Autorais.jpg?w=900&amp;ssl=1 900w, https:\/\/i0.wp.com\/za.mus.br\/wp-content\/uploads\/Por-dentro-do-ECAD-1-Distribui----o-da-Arrecada----o-de-Direitos-Autorais.jpg?resize=150%2C150&amp;ssl=1 150w, https:\/\/i0.wp.com\/za.mus.br\/wp-content\/uploads\/Por-dentro-do-ECAD-1-Distribui----o-da-Arrecada----o-de-Direitos-Autorais.jpg?resize=300%2C300&amp;ssl=1 300w, https:\/\/i0.wp.com\/za.mus.br\/wp-content\/uploads\/Por-dentro-do-ECAD-1-Distribui----o-da-Arrecada----o-de-Direitos-Autorais.jpg?resize=60%2C60&amp;ssl=1 60w, https:\/\/i0.wp.com\/za.mus.br\/wp-content\/uploads\/Por-dentro-do-ECAD-1-Distribui----o-da-Arrecada----o-de-Direitos-Autorais.jpg?resize=672%2C672&amp;ssl=1 672w\" sizes=\"auto, (max-width: 900px) 100vw, 900px\" \/><\/a><\/p>\n<p align=\"\">Conv\u00e9m ressaltar que conforme demonstra a ilustra\u00e7\u00e3o acima h\u00e1 previs\u00e3o de valores destinados para as Associa\u00e7\u00f5es e para o Escrit\u00f3rio \u00fanico de arrecada\u00e7\u00e3o e, primordialmente, esta quantia visa cobrir as despesas administrativas oriundas das fun\u00e7\u00f5es que tais entes exercem.<\/p>\n<p align=\"\">Ap\u00f3s esta primeira divis\u00e3o entre titulares, associa\u00e7\u00f5es e o ECAD, fraciona-se o valor residual destinado aos titulares na seguinte propor\u00e7\u00e3o:<\/p>\n<p align=\"\">DO TOTAL DESTINADO AOS TITULARES (77,5% do valor total arrecadado)<\/p>\n<ul>\n<li>\n<p align=\"\">2\/3 \u00e9 direcionado para a parte autoral e;<\/p>\n<\/li>\n<li>\n<p align=\"\">1\/3 para a parte conexa da obra musical;<\/p>\n<\/li>\n<\/ul>\n<p><a href=\"https:\/\/i0.wp.com\/za.mus.br\/wp-content\/uploads\/Por-dentro-do-ECAD-2-Distribui----o-Direitos-Autorais-dos-Titulares.jpg?ssl=1\"><img data-recalc-dims=\"1\" loading=\"lazy\" decoding=\"async\" class=\"aligncenter size-full wp-image-8644\" src=\"https:\/\/i0.wp.com\/za.mus.br\/wp-content\/uploads\/Por-dentro-do-ECAD-2-Distribui----o-Direitos-Autorais-dos-Titulares.jpg?resize=900%2C900&#038;ssl=1\" alt=\"Por dentro do ECAD - 2 Distribui\u00e7\u00e3o Direitos Autorais dos Titulares\" width=\"900\" height=\"900\" srcset=\"https:\/\/i0.wp.com\/za.mus.br\/wp-content\/uploads\/Por-dentro-do-ECAD-2-Distribui----o-Direitos-Autorais-dos-Titulares.jpg?w=900&amp;ssl=1 900w, https:\/\/i0.wp.com\/za.mus.br\/wp-content\/uploads\/Por-dentro-do-ECAD-2-Distribui----o-Direitos-Autorais-dos-Titulares.jpg?resize=150%2C150&amp;ssl=1 150w, https:\/\/i0.wp.com\/za.mus.br\/wp-content\/uploads\/Por-dentro-do-ECAD-2-Distribui----o-Direitos-Autorais-dos-Titulares.jpg?resize=300%2C300&amp;ssl=1 300w, https:\/\/i0.wp.com\/za.mus.br\/wp-content\/uploads\/Por-dentro-do-ECAD-2-Distribui----o-Direitos-Autorais-dos-Titulares.jpg?resize=60%2C60&amp;ssl=1 60w, https:\/\/i0.wp.com\/za.mus.br\/wp-content\/uploads\/Por-dentro-do-ECAD-2-Distribui----o-Direitos-Autorais-dos-Titulares.jpg?resize=672%2C672&amp;ssl=1 672w\" sizes=\"auto, (max-width: 900px) 100vw, 900px\" \/><\/a><\/p>\n<p align=\"\">Este parcelamento s\u00f3 se faz efetivo com a execu\u00e7\u00e3o da m\u00fasica mec\u00e2nica (fonograma). Em shows \u00e9 destinado aos titulares do direito autoral o valor total arrecadado menos os descontos para o Ecad e associa\u00e7\u00f5es.<\/p>\n<p align=\"\">Com valores alusivos \u00e0 utiliza\u00e7\u00e3o de fonogramas s\u00e3o direcionados porcentagens para todos os participantes da elabora\u00e7\u00e3o da obra musical.<\/p>\n<p align=\"\">Da fra\u00e7\u00e3o de 2\/3 destinado aos titulares da obra musical se levar\u00e1 em conta ainda os percentuais pactuados entre os compositores e suas respectivas editoras, caso sejam firmados contratos de edi\u00e7\u00e3o ou cess\u00e3o de direitos, sendo que, normalmente, a divis\u00e3o \u00e9 de 25% para Editora e 75% para o artista, podendo ser alterado atrav\u00e9s de acordo entre as partes.<\/p>\n<p align=\"\">Em caso da obra musical ter v\u00e1rios autores ser\u00e1 ainda fracionado dos 75% alusivos ao artista as porcentagens declaradas no momento do registro de repert\u00f3rio realizado perante a associa\u00e7\u00e3o.<\/p>\n<p align=\"\"><a href=\"https:\/\/i0.wp.com\/za.mus.br\/wp-content\/uploads\/Por-dentro-do-ECAD-Distribui----o-de-Direitos-Autorais.jpg?ssl=1\"><img data-recalc-dims=\"1\" loading=\"lazy\" decoding=\"async\" class=\"aligncenter size-full wp-image-8646\" src=\"https:\/\/i0.wp.com\/za.mus.br\/wp-content\/uploads\/Por-dentro-do-ECAD-Distribui----o-de-Direitos-Autorais.jpg?resize=900%2C900&#038;ssl=1\" alt=\"Por dentro do ECAD - Distribui\u00e7\u00e3o de Direitos Autorais\" width=\"900\" height=\"900\" srcset=\"https:\/\/i0.wp.com\/za.mus.br\/wp-content\/uploads\/Por-dentro-do-ECAD-Distribui----o-de-Direitos-Autorais.jpg?w=900&amp;ssl=1 900w, https:\/\/i0.wp.com\/za.mus.br\/wp-content\/uploads\/Por-dentro-do-ECAD-Distribui----o-de-Direitos-Autorais.jpg?resize=150%2C150&amp;ssl=1 150w, https:\/\/i0.wp.com\/za.mus.br\/wp-content\/uploads\/Por-dentro-do-ECAD-Distribui----o-de-Direitos-Autorais.jpg?resize=300%2C300&amp;ssl=1 300w, https:\/\/i0.wp.com\/za.mus.br\/wp-content\/uploads\/Por-dentro-do-ECAD-Distribui----o-de-Direitos-Autorais.jpg?resize=60%2C60&amp;ssl=1 60w, https:\/\/i0.wp.com\/za.mus.br\/wp-content\/uploads\/Por-dentro-do-ECAD-Distribui----o-de-Direitos-Autorais.jpg?resize=672%2C672&amp;ssl=1 672w\" sizes=\"auto, (max-width: 900px) 100vw, 900px\" \/><\/a><\/p>\n<p align=\"\">Do destinado \u00e0 parte conexa dos direitos autorais (1\/3 do valor destinado aos titulares) divide-se em tr\u00eas partes na seguinte propor\u00e7\u00e3o:<\/p>\n<p align=\"center\"><a href=\"https:\/\/i0.wp.com\/za.mus.br\/wp-content\/uploads\/Por-dentro-do-ECAD-Distribui----o-de-Direitos-Autorais-Conexos.jpg?ssl=1\"><img data-recalc-dims=\"1\" loading=\"lazy\" decoding=\"async\" class=\"aligncenter size-full wp-image-8642\" src=\"https:\/\/i0.wp.com\/za.mus.br\/wp-content\/uploads\/Por-dentro-do-ECAD-Distribui----o-de-Direitos-Autorais-Conexos.jpg?resize=900%2C900&#038;ssl=1\" alt=\"Por dentro do ECAD - Distribui\u00e7\u00e3o de Direitos Autorais Conexos\" width=\"900\" height=\"900\" srcset=\"https:\/\/i0.wp.com\/za.mus.br\/wp-content\/uploads\/Por-dentro-do-ECAD-Distribui----o-de-Direitos-Autorais-Conexos.jpg?w=900&amp;ssl=1 900w, https:\/\/i0.wp.com\/za.mus.br\/wp-content\/uploads\/Por-dentro-do-ECAD-Distribui----o-de-Direitos-Autorais-Conexos.jpg?resize=150%2C150&amp;ssl=1 150w, https:\/\/i0.wp.com\/za.mus.br\/wp-content\/uploads\/Por-dentro-do-ECAD-Distribui----o-de-Direitos-Autorais-Conexos.jpg?resize=300%2C300&amp;ssl=1 300w, https:\/\/i0.wp.com\/za.mus.br\/wp-content\/uploads\/Por-dentro-do-ECAD-Distribui----o-de-Direitos-Autorais-Conexos.jpg?resize=60%2C60&amp;ssl=1 60w, https:\/\/i0.wp.com\/za.mus.br\/wp-content\/uploads\/Por-dentro-do-ECAD-Distribui----o-de-Direitos-Autorais-Conexos.jpg?resize=672%2C672&amp;ssl=1 672w\" sizes=\"auto, (max-width: 900px) 100vw, 900px\" \/><\/a><\/p>\n<p align=\"\"><a name=\"_GoBack\"><\/a> \u00c9 percept\u00edvel que o modelo adotado para distribui\u00e7\u00e3o dos valores para pagamento dos direitos autorais advindos da execu\u00e7\u00e3o p\u00fablica musical est\u00e1 longe de ser perfeita. A confus\u00e3o inicia justamente na dificuldade em conceber o modo de distribui\u00e7\u00e3o indireta na qual se utiliza por par\u00e2metro uma amostragem aferida utilizando padr\u00f5es t\u00e9cnicos que n\u00e3o obstante a suposta objetividade n\u00e3o consegue demonstrar a valoriza\u00e7\u00e3o devida ao artista.<\/p>\n<p align=\"\">Todavia, o modelo resolve quest\u00f5es intr\u00ednsecas \u00e0 grandiosidade do Brasil e a dificuldade em se aferir de fato quais e quantas m\u00fasicas tocaram em todos os locais poss\u00edveis de execu\u00e7\u00e3o p\u00fablica do pa\u00eds. Uma coisa \u00e9 fato: o modelo atual no m\u00ednimo garante a monetiza\u00e7\u00e3o dos envolvidos na arte de fazer m\u00fasica.<\/p>\n<p align=\"\">Criamos este infogr\u00e1fico abaixo para poder facilitar a compreens\u00e3o do leitor acerca de todo o tr\u00e2mite descrito neste texto.<\/p>\n<p align=\"\"><a href=\"https:\/\/i0.wp.com\/za.mus.br\/wp-content\/uploads\/Por-dentro-do-ECAD-Infogr--fico2.jpg?ssl=1\"><img data-recalc-dims=\"1\" loading=\"lazy\" decoding=\"async\" class=\"aligncenter size-full wp-image-8672\" src=\"https:\/\/i0.wp.com\/za.mus.br\/wp-content\/uploads\/Por-dentro-do-ECAD-Infogr--fico2.jpg?resize=1024%2C1753&#038;ssl=1\" alt=\"Por dentro do ECAD - Infogr\u00e1fico - Processo de distribui\u00e7\u00e3o de direito autoral\" width=\"1024\" height=\"1753\" srcset=\"https:\/\/i0.wp.com\/za.mus.br\/wp-content\/uploads\/Por-dentro-do-ECAD-Infogr--fico2.jpg?w=1024&amp;ssl=1 1024w, https:\/\/i0.wp.com\/za.mus.br\/wp-content\/uploads\/Por-dentro-do-ECAD-Infogr--fico2.jpg?resize=175%2C300&amp;ssl=1 175w, https:\/\/i0.wp.com\/za.mus.br\/wp-content\/uploads\/Por-dentro-do-ECAD-Infogr--fico2.jpg?resize=598%2C1024&amp;ssl=1 598w, https:\/\/i0.wp.com\/za.mus.br\/wp-content\/uploads\/Por-dentro-do-ECAD-Infogr--fico2.jpg?resize=60%2C103&amp;ssl=1 60w, https:\/\/i0.wp.com\/za.mus.br\/wp-content\/uploads\/Por-dentro-do-ECAD-Infogr--fico2.jpg?resize=672%2C1150&amp;ssl=1 672w\" sizes=\"auto, (max-width: 1024px) 100vw, 1024px\" \/><\/a><\/p>\n<p align=\"\">\n<p align=\"\">Voc\u00ea j\u00e1 sabia como funciona a distribui\u00e7\u00e3o de direitos autorais no Brasil?<\/p>\n<p align=\"\">O que acha de todo esse processo? Complicado? Sugest\u00f5es para melhorar?<\/p>\n","protected":false},"excerpt":{"rendered":"<p>Constantemente uma indaga\u00e7\u00e3o surge na cabe\u00e7a de muitos m\u00fasicos&#8230; afinal de contas como funciona a arrecada\u00e7\u00e3o e distribui\u00e7\u00e3o dos direitos autorais? Fruto do exerc\u00edcio da Assembleia Geral constitu\u00edda por membros das associa\u00e7\u00f5es de gest\u00e3o coletivas, o Escrit\u00f3rio Central de Arrecada\u00e7\u00e3o e Distribui\u00e7\u00e3o &#8211; ECAD \u00e9 uma sociedade civil de natureza privada, sem fins lucrativos, institu\u00edda no per\u00edodo militar com o [&hellip;]<\/p>\n","protected":false},"author":11,"featured_media":8609,"comment_status":"open","ping_status":"open","sticky":false,"template":"","format":"standard","meta":{"_jetpack_memberships_contains_paid_content":false,"footnotes":""},"categories":[40],"tags":[1705,1706,1704,1708,1707],"class_list":["post-8608","post","type-post","status-publish","format-standard","has-post-thumbnail","hentry","category-analises","tag-copyright","tag-distribuicao","tag-ecad","tag-infograficos","tag-nmm"],"yoast_head":"<!-- This site is optimized with the Yoast SEO plugin v27.4 - https:\/\/yoast.com\/product\/yoast-seo-wordpress\/ -->\n<title>Por dentro do ECAD - Zamus<\/title>\n<meta name=\"description\" content=\"Como funciona a arrecada\u00e7\u00e3o e distribui\u00e7\u00e3o de direito autoral no Brasil? Quem recebe quanto? De quem? Saiba tudo neste infogr\u00e1fico.\" \/>\n<meta name=\"robots\" content=\"index, follow, max-snippet:-1, max-image-preview:large, max-video-preview:-1\" \/>\n<link rel=\"canonical\" href=\"https:\/\/za.mus.br\/por-dentro-do-ecad\/\" \/>\n<meta property=\"og:locale\" content=\"en_US\" \/>\n<meta property=\"og:type\" content=\"article\" \/>\n<meta property=\"og:title\" content=\"Por dentro do ECAD - Zamus\" \/>\n<meta property=\"og:description\" content=\"Como funciona a arrecada\u00e7\u00e3o e distribui\u00e7\u00e3o de direito autoral no Brasil? Quem recebe quanto? De quem? Saiba tudo neste infogr\u00e1fico.\" \/>\n<meta property=\"og:url\" content=\"https:\/\/za.mus.br\/por-dentro-do-ecad\/\" \/>\n<meta property=\"og:site_name\" content=\"Zamus\" \/>\n<meta property=\"article:publisher\" content=\"http:\/\/facebook.com\/zamus\" \/>\n<meta property=\"article:published_time\" content=\"2015-07-15T18:43:09+00:00\" \/>\n<meta property=\"article:modified_time\" content=\"2015-07-18T14:14:24+00:00\" \/>\n<meta property=\"og:image\" content=\"https:\/\/i2.wp.com\/za.mus.br\/wp-content\/uploads\/Por-dentro-do-ECAD.jpg?fit=1280%2C366&ssl=1\" \/>\n\t<meta property=\"og:image:width\" content=\"1280\" \/>\n\t<meta property=\"og:image:height\" content=\"366\" \/>\n\t<meta property=\"og:image:type\" content=\"image\/jpeg\" \/>\n<meta name=\"author\" content=\"Saulo de S\u00e1\" \/>\n<meta name=\"twitter:card\" content=\"summary_large_image\" \/>\n<meta name=\"twitter:creator\" content=\"@zamusbr\" \/>\n<meta name=\"twitter:site\" content=\"@zamusbr\" \/>\n<meta name=\"twitter:label1\" content=\"Written by\" \/>\n\t<meta name=\"twitter:data1\" content=\"Saulo de S\u00e1\" \/>\n\t<meta name=\"twitter:label2\" content=\"Est. reading time\" \/>\n\t<meta name=\"twitter:data2\" content=\"6 minutes\" \/>\n<script type=\"application\/ld+json\" class=\"yoast-schema-graph\">{\"@context\":\"https:\\\/\\\/schema.org\",\"@graph\":[{\"@type\":\"Article\",\"@id\":\"https:\\\/\\\/za.mus.br\\\/por-dentro-do-ecad\\\/#article\",\"isPartOf\":{\"@id\":\"https:\\\/\\\/za.mus.br\\\/por-dentro-do-ecad\\\/\"},\"author\":{\"name\":\"Saulo de S\u00e1\",\"@id\":\"https:\\\/\\\/za.mus.br\\\/#\\\/schema\\\/person\\\/0f4b4dfca8cf0ca6c50e997a068c3525\"},\"headline\":\"Por dentro do ECAD\",\"datePublished\":\"2015-07-15T18:43:09+00:00\",\"dateModified\":\"2015-07-18T14:14:24+00:00\",\"mainEntityOfPage\":{\"@id\":\"https:\\\/\\\/za.mus.br\\\/por-dentro-do-ecad\\\/\"},\"wordCount\":1195,\"commentCount\":0,\"image\":{\"@id\":\"https:\\\/\\\/za.mus.br\\\/por-dentro-do-ecad\\\/#primaryimage\"},\"thumbnailUrl\":\"https:\\\/\\\/i0.wp.com\\\/za.mus.br\\\/wp-content\\\/uploads\\\/Por-dentro-do-ECAD.jpg?fit=1280%2C366&ssl=1\",\"keywords\":[\"Copyright\",\"Distribui\u00e7\u00e3o\",\"Ecad\",\"Infogr\u00e1ficos\",\"NMM\"],\"articleSection\":[\"An\u00e1lises\"],\"inLanguage\":\"en-US\",\"potentialAction\":[{\"@type\":\"CommentAction\",\"name\":\"Comment\",\"target\":[\"https:\\\/\\\/za.mus.br\\\/por-dentro-do-ecad\\\/#respond\"]}]},{\"@type\":\"WebPage\",\"@id\":\"https:\\\/\\\/za.mus.br\\\/por-dentro-do-ecad\\\/\",\"url\":\"https:\\\/\\\/za.mus.br\\\/por-dentro-do-ecad\\\/\",\"name\":\"Por dentro do ECAD - Zamus\",\"isPartOf\":{\"@id\":\"https:\\\/\\\/za.mus.br\\\/#website\"},\"primaryImageOfPage\":{\"@id\":\"https:\\\/\\\/za.mus.br\\\/por-dentro-do-ecad\\\/#primaryimage\"},\"image\":{\"@id\":\"https:\\\/\\\/za.mus.br\\\/por-dentro-do-ecad\\\/#primaryimage\"},\"thumbnailUrl\":\"https:\\\/\\\/i0.wp.com\\\/za.mus.br\\\/wp-content\\\/uploads\\\/Por-dentro-do-ECAD.jpg?fit=1280%2C366&ssl=1\",\"datePublished\":\"2015-07-15T18:43:09+00:00\",\"dateModified\":\"2015-07-18T14:14:24+00:00\",\"author\":{\"@id\":\"https:\\\/\\\/za.mus.br\\\/#\\\/schema\\\/person\\\/0f4b4dfca8cf0ca6c50e997a068c3525\"},\"description\":\"Como funciona a arrecada\u00e7\u00e3o e distribui\u00e7\u00e3o de direito autoral no Brasil? Quem recebe quanto? De quem? Saiba tudo neste infogr\u00e1fico.\",\"breadcrumb\":{\"@id\":\"https:\\\/\\\/za.mus.br\\\/por-dentro-do-ecad\\\/#breadcrumb\"},\"inLanguage\":\"en-US\",\"potentialAction\":[{\"@type\":\"ReadAction\",\"target\":[\"https:\\\/\\\/za.mus.br\\\/por-dentro-do-ecad\\\/\"]}]},{\"@type\":\"ImageObject\",\"inLanguage\":\"en-US\",\"@id\":\"https:\\\/\\\/za.mus.br\\\/por-dentro-do-ecad\\\/#primaryimage\",\"url\":\"https:\\\/\\\/i0.wp.com\\\/za.mus.br\\\/wp-content\\\/uploads\\\/Por-dentro-do-ECAD.jpg?fit=1280%2C366&ssl=1\",\"contentUrl\":\"https:\\\/\\\/i0.wp.com\\\/za.mus.br\\\/wp-content\\\/uploads\\\/Por-dentro-do-ECAD.jpg?fit=1280%2C366&ssl=1\",\"width\":1280,\"height\":366},{\"@type\":\"BreadcrumbList\",\"@id\":\"https:\\\/\\\/za.mus.br\\\/por-dentro-do-ecad\\\/#breadcrumb\",\"itemListElement\":[{\"@type\":\"ListItem\",\"position\":1,\"name\":\"In\u00edcio\",\"item\":\"https:\\\/\\\/za.mus.br\\\/en\\\/\"},{\"@type\":\"ListItem\",\"position\":2,\"name\":\"Por dentro do ECAD\"}]},{\"@type\":\"WebSite\",\"@id\":\"https:\\\/\\\/za.mus.br\\\/#website\",\"url\":\"https:\\\/\\\/za.mus.br\\\/\",\"name\":\"Zamus\",\"description\":\"The New Music Market\",\"potentialAction\":[{\"@type\":\"SearchAction\",\"target\":{\"@type\":\"EntryPoint\",\"urlTemplate\":\"https:\\\/\\\/za.mus.br\\\/?s={search_term_string}\"},\"query-input\":{\"@type\":\"PropertyValueSpecification\",\"valueRequired\":true,\"valueName\":\"search_term_string\"}}],\"inLanguage\":\"en-US\"},{\"@type\":\"Person\",\"@id\":\"https:\\\/\\\/za.mus.br\\\/#\\\/schema\\\/person\\\/0f4b4dfca8cf0ca6c50e997a068c3525\",\"name\":\"Saulo de S\u00e1\",\"image\":{\"@type\":\"ImageObject\",\"inLanguage\":\"en-US\",\"@id\":\"https:\\\/\\\/za.mus.br\\\/wp-content\\\/uploads\\\/avatars\\\/11\\\/624e6189c8dbd57f22852dd85f60fb42-bpfull.jpg\",\"url\":\"https:\\\/\\\/za.mus.br\\\/wp-content\\\/uploads\\\/avatars\\\/11\\\/624e6189c8dbd57f22852dd85f60fb42-bpfull.jpg\",\"contentUrl\":\"https:\\\/\\\/za.mus.br\\\/wp-content\\\/uploads\\\/avatars\\\/11\\\/624e6189c8dbd57f22852dd85f60fb42-bpfull.jpg\",\"caption\":\"Saulo de S\u00e1\"},\"description\":\"Advogado especialista em Direito do Entretenimento, Direito da M\u00eddia, M\u00fasica e Neg\u00f3cios, Direito P\u00fablico e Doc\u00eancia. M\u00fasico e Produtor fonogr\u00e1fico. Consultor S\u00eanior da DE S\u00c1 ENTRETENIMENTO \u2013 Consultoria Especializada em suporte jur\u00eddico e art\u00edstico.\",\"sameAs\":[\"http:\\\/\\\/www.desaentretenimento.com\"],\"url\":\"https:\\\/\\\/za.mus.br\\\/en\\\/author\\\/desa\\\/\"}]}<\/script>\n<!-- \/ Yoast SEO plugin. -->","yoast_head_json":{"title":"Por dentro do ECAD - Zamus","description":"Como funciona a arrecada\u00e7\u00e3o e distribui\u00e7\u00e3o de direito autoral no Brasil? Quem recebe quanto? De quem? Saiba tudo neste infogr\u00e1fico.","robots":{"index":"index","follow":"follow","max-snippet":"max-snippet:-1","max-image-preview":"max-image-preview:large","max-video-preview":"max-video-preview:-1"},"canonical":"https:\/\/za.mus.br\/por-dentro-do-ecad\/","og_locale":"en_US","og_type":"article","og_title":"Por dentro do ECAD - Zamus","og_description":"Como funciona a arrecada\u00e7\u00e3o e distribui\u00e7\u00e3o de direito autoral no Brasil? Quem recebe quanto? De quem? Saiba tudo neste infogr\u00e1fico.","og_url":"https:\/\/za.mus.br\/por-dentro-do-ecad\/","og_site_name":"Zamus","article_publisher":"http:\/\/facebook.com\/zamus","article_published_time":"2015-07-15T18:43:09+00:00","article_modified_time":"2015-07-18T14:14:24+00:00","og_image":[{"width":1280,"height":366,"url":"https:\/\/i2.wp.com\/za.mus.br\/wp-content\/uploads\/Por-dentro-do-ECAD.jpg?fit=1280%2C366&ssl=1","type":"image\/jpeg"}],"author":"Saulo de S\u00e1","twitter_card":"summary_large_image","twitter_creator":"@zamusbr","twitter_site":"@zamusbr","twitter_misc":{"Written by":"Saulo de S\u00e1","Est. reading time":"6 minutes"},"schema":{"@context":"https:\/\/schema.org","@graph":[{"@type":"Article","@id":"https:\/\/za.mus.br\/por-dentro-do-ecad\/#article","isPartOf":{"@id":"https:\/\/za.mus.br\/por-dentro-do-ecad\/"},"author":{"name":"Saulo de S\u00e1","@id":"https:\/\/za.mus.br\/#\/schema\/person\/0f4b4dfca8cf0ca6c50e997a068c3525"},"headline":"Por dentro do ECAD","datePublished":"2015-07-15T18:43:09+00:00","dateModified":"2015-07-18T14:14:24+00:00","mainEntityOfPage":{"@id":"https:\/\/za.mus.br\/por-dentro-do-ecad\/"},"wordCount":1195,"commentCount":0,"image":{"@id":"https:\/\/za.mus.br\/por-dentro-do-ecad\/#primaryimage"},"thumbnailUrl":"https:\/\/i0.wp.com\/za.mus.br\/wp-content\/uploads\/Por-dentro-do-ECAD.jpg?fit=1280%2C366&ssl=1","keywords":["Copyright","Distribui\u00e7\u00e3o","Ecad","Infogr\u00e1ficos","NMM"],"articleSection":["An\u00e1lises"],"inLanguage":"en-US","potentialAction":[{"@type":"CommentAction","name":"Comment","target":["https:\/\/za.mus.br\/por-dentro-do-ecad\/#respond"]}]},{"@type":"WebPage","@id":"https:\/\/za.mus.br\/por-dentro-do-ecad\/","url":"https:\/\/za.mus.br\/por-dentro-do-ecad\/","name":"Por dentro do ECAD - Zamus","isPartOf":{"@id":"https:\/\/za.mus.br\/#website"},"primaryImageOfPage":{"@id":"https:\/\/za.mus.br\/por-dentro-do-ecad\/#primaryimage"},"image":{"@id":"https:\/\/za.mus.br\/por-dentro-do-ecad\/#primaryimage"},"thumbnailUrl":"https:\/\/i0.wp.com\/za.mus.br\/wp-content\/uploads\/Por-dentro-do-ECAD.jpg?fit=1280%2C366&ssl=1","datePublished":"2015-07-15T18:43:09+00:00","dateModified":"2015-07-18T14:14:24+00:00","author":{"@id":"https:\/\/za.mus.br\/#\/schema\/person\/0f4b4dfca8cf0ca6c50e997a068c3525"},"description":"Como funciona a arrecada\u00e7\u00e3o e distribui\u00e7\u00e3o de direito autoral no Brasil? Quem recebe quanto? De quem? Saiba tudo neste infogr\u00e1fico.","breadcrumb":{"@id":"https:\/\/za.mus.br\/por-dentro-do-ecad\/#breadcrumb"},"inLanguage":"en-US","potentialAction":[{"@type":"ReadAction","target":["https:\/\/za.mus.br\/por-dentro-do-ecad\/"]}]},{"@type":"ImageObject","inLanguage":"en-US","@id":"https:\/\/za.mus.br\/por-dentro-do-ecad\/#primaryimage","url":"https:\/\/i0.wp.com\/za.mus.br\/wp-content\/uploads\/Por-dentro-do-ECAD.jpg?fit=1280%2C366&ssl=1","contentUrl":"https:\/\/i0.wp.com\/za.mus.br\/wp-content\/uploads\/Por-dentro-do-ECAD.jpg?fit=1280%2C366&ssl=1","width":1280,"height":366},{"@type":"BreadcrumbList","@id":"https:\/\/za.mus.br\/por-dentro-do-ecad\/#breadcrumb","itemListElement":[{"@type":"ListItem","position":1,"name":"In\u00edcio","item":"https:\/\/za.mus.br\/en\/"},{"@type":"ListItem","position":2,"name":"Por dentro do ECAD"}]},{"@type":"WebSite","@id":"https:\/\/za.mus.br\/#website","url":"https:\/\/za.mus.br\/","name":"Zamus","description":"The New Music Market","potentialAction":[{"@type":"SearchAction","target":{"@type":"EntryPoint","urlTemplate":"https:\/\/za.mus.br\/?s={search_term_string}"},"query-input":{"@type":"PropertyValueSpecification","valueRequired":true,"valueName":"search_term_string"}}],"inLanguage":"en-US"},{"@type":"Person","@id":"https:\/\/za.mus.br\/#\/schema\/person\/0f4b4dfca8cf0ca6c50e997a068c3525","name":"Saulo de S\u00e1","image":{"@type":"ImageObject","inLanguage":"en-US","@id":"https:\/\/za.mus.br\/wp-content\/uploads\/avatars\/11\/624e6189c8dbd57f22852dd85f60fb42-bpfull.jpg","url":"https:\/\/za.mus.br\/wp-content\/uploads\/avatars\/11\/624e6189c8dbd57f22852dd85f60fb42-bpfull.jpg","contentUrl":"https:\/\/za.mus.br\/wp-content\/uploads\/avatars\/11\/624e6189c8dbd57f22852dd85f60fb42-bpfull.jpg","caption":"Saulo de S\u00e1"},"description":"Advogado especialista em Direito do Entretenimento, Direito da M\u00eddia, M\u00fasica e Neg\u00f3cios, Direito P\u00fablico e Doc\u00eancia. M\u00fasico e Produtor fonogr\u00e1fico. Consultor S\u00eanior da DE S\u00c1 ENTRETENIMENTO \u2013 Consultoria Especializada em suporte jur\u00eddico e art\u00edstico.","sameAs":["http:\/\/www.desaentretenimento.com"],"url":"https:\/\/za.mus.br\/en\/author\/desa\/"}]}},"jetpack_featured_media_url":"https:\/\/i0.wp.com\/za.mus.br\/wp-content\/uploads\/Por-dentro-do-ECAD.jpg?fit=1280%2C366&ssl=1","featured_image_src":"https:\/\/i0.wp.com\/za.mus.br\/wp-content\/uploads\/Por-dentro-do-ECAD.jpg?fit=1280%2C366&ssl=1","jetpack_sharing_enabled":true,"_links":{"self":[{"href":"https:\/\/za.mus.br\/en\/wp-json\/wp\/v2\/posts\/8608","targetHints":{"allow":["GET"]}}],"collection":[{"href":"https:\/\/za.mus.br\/en\/wp-json\/wp\/v2\/posts"}],"about":[{"href":"https:\/\/za.mus.br\/en\/wp-json\/wp\/v2\/types\/post"}],"author":[{"embeddable":true,"href":"https:\/\/za.mus.br\/en\/wp-json\/wp\/v2\/users\/11"}],"replies":[{"embeddable":true,"href":"https:\/\/za.mus.br\/en\/wp-json\/wp\/v2\/comments?post=8608"}],"version-history":[{"count":0,"href":"https:\/\/za.mus.br\/en\/wp-json\/wp\/v2\/posts\/8608\/revisions"}],"wp:featuredmedia":[{"embeddable":true,"href":"https:\/\/za.mus.br\/en\/wp-json\/wp\/v2\/media\/8609"}],"wp:attachment":[{"href":"https:\/\/za.mus.br\/en\/wp-json\/wp\/v2\/media?parent=8608"}],"wp:term":[{"taxonomy":"category","embeddable":true,"href":"https:\/\/za.mus.br\/en\/wp-json\/wp\/v2\/categories?post=8608"},{"taxonomy":"post_tag","embeddable":true,"href":"https:\/\/za.mus.br\/en\/wp-json\/wp\/v2\/tags?post=8608"}],"curies":[{"name":"wp","href":"https:\/\/api.w.org\/{rel}","templated":true}]}}