{"id":8696,"date":"2015-07-28T12:13:18","date_gmt":"2015-07-28T15:13:18","guid":{"rendered":"https:\/\/za.mus.br\/?p=8696"},"modified":"2015-08-07T14:57:39","modified_gmt":"2015-08-07T17:57:39","slug":"platao-e-a-ordem-protetiva-do-direito-autoral","status":"publish","type":"post","link":"https:\/\/za.mus.br\/en\/platao-e-a-ordem-protetiva-do-direito-autoral\/","title":{"rendered":"Plat\u00e3o e a ordem protetiva do direito autoral"},"content":{"rendered":"<p><em>Pe\u00e7o a voc\u00ea, leitor, uma reflex\u00e3o sobre como funciona seu comportamento criativo na hora de criar. Esse exerc\u00edcio ser\u00e1 de extrema import\u00e2ncia para apreender as abstra\u00e7\u00f5es descritas neste texto.<\/em><\/p>\n<hr \/>\n<p>Para entender a abrang\u00eancia da efic\u00e1cia do\u00a0direito autoral e definir o gatilho de sua ordem protetiva \u00e9 substancial analisarmos a ess\u00eancia do processo criativo e a consequ\u00eancia natural deste processo at\u00e9 a materializa\u00e7\u00e3o da obra.<\/p>\n<blockquote><p><strong>Tudo se inicia com um lampejo de ideia.<\/strong><\/p><\/blockquote>\n<p>Como fruto de um registro do subconsciente uma centelha brota no c\u00e9rebro dando for\u00e7a para sedimentar o processo criativo. Esta centelha inicial \u00e9 fruto de algum est\u00edmulo externo que ao passar pelo crivo da racionalidade t\u00edpica do consciente humano toma forma considerando os pr\u00f3prios aspectos pessoais e sociais do autor. Com a soma entre a ideia inicial e os tra\u00e7os pessoais de cada um, a obra ganha vida atrav\u00e9s de sua materializa\u00e7\u00e3o em algum substrato f\u00edsico.<\/p>\n<p>A constata\u00e7\u00e3o deste processo criativo encontra respaldo na teoria de\u00a0<a href=\"https:\/\/pt.wikipedia.org\/wiki\/Plat%C3%A3o\" target=\"_blank\">Plat\u00e3o<\/a>\u00a0na qual situa a ideia em um mundo intelig\u00edvel por consider\u00e1-la como fonte \u00fanica do verdadeiro conhecimento. Na\u00a0<a href=\"https:\/\/pt.wikipedia.org\/wiki\/Teoria_das_ideias\" target=\"_blank\">ideia<\/a>\u00a0do ilustre pensador existem (filosoficamente) dois mundos: o imperfeito e fugaz das coisas materiais e o perfeito e eterno das ideias, ou seja, a cria\u00e7\u00e3o do esp\u00edrito humano nada mais \u00e9 do que a passagem do mundo ideal das ideias para o embrutecimento do mundo material, imperfeito por excel\u00eancia.<\/p>\n<p>Inconteste que o Direito como mal necess\u00e1rio se faz pertinente apenas no mundo imperfeito onde a defini\u00e7\u00e3o de normas de conduta se faz mister para a paz coletiva.<\/p>\n<p>Neste diapas\u00e3o o gatilho que garante a a\u00e7\u00e3o protetiva da lei \u00e9 a personifica\u00e7\u00e3o da obra. \u00c9 a cria\u00e7\u00e3o, o sair do campo das ideias do autor e tomar forma concretizada. Se perfaz no \u00eaxodo do mundo das ideias e na lapida\u00e7\u00e3o no mundo imperfeito das coisas materiais.<\/p>\n<blockquote><p><strong>O\u00a0direito autoral visa resguardar a cria\u00e7\u00e3o do esp\u00edrito humano sendo as obras suscet\u00edveis \u00e0 prote\u00e7\u00e3o por serem consideradas como extens\u00e3o da pr\u00f3pria personalidade daqueles que as criam, s\u00e3o, portanto, pura manifesta\u00e7\u00e3o da ess\u00eancia do autor personificada na concretude de uma obra.<\/strong><\/p><\/blockquote>\n<p>Desta constata\u00e7\u00e3o sobressaem duas conclus\u00f5es imprescind\u00edveis para entender a efetividade da lei autoral e consequentemente desmistificar a quest\u00e3o alusiva aos registros formais das obras:<\/p>\n<ol>\n<li><strong><strong>Ideias n\u00e3o s\u00e3o protegidas pelo direito autoral por pertencerem a um mundo ideal n\u00e3o concretizado;<\/strong><\/strong><\/li>\n<li><strong>O registro formal de uma obra n\u00e3o \u00e9 necess\u00e1rio para garantir prote\u00e7\u00e3o sobre os direitos inerentes a ela.<\/strong><\/li>\n<\/ol>\n<p><a href=\"https:\/\/i0.wp.com\/za.mus.br\/wp-content\/uploads\/Plat--o-e-a-ordem-protetiva-do-direito-autoral.2.jpg?ssl=1\"><img data-recalc-dims=\"1\" loading=\"lazy\" decoding=\"async\" class=\"aligncenter size-large wp-image-8796\" src=\"https:\/\/i0.wp.com\/za.mus.br\/wp-content\/uploads\/Plat--o-e-a-ordem-protetiva-do-direito-autoral.2.jpg?resize=1024%2C547&#038;ssl=1\" alt=\"Plat\u00e3o e a ordem protetiva do direito autoral\" width=\"1024\" height=\"547\" srcset=\"https:\/\/i0.wp.com\/za.mus.br\/wp-content\/uploads\/Plat--o-e-a-ordem-protetiva-do-direito-autoral.2.jpg?resize=1024%2C547&amp;ssl=1 1024w, https:\/\/i0.wp.com\/za.mus.br\/wp-content\/uploads\/Plat--o-e-a-ordem-protetiva-do-direito-autoral.2.jpg?resize=300%2C160&amp;ssl=1 300w, https:\/\/i0.wp.com\/za.mus.br\/wp-content\/uploads\/Plat--o-e-a-ordem-protetiva-do-direito-autoral.2.jpg?resize=60%2C32&amp;ssl=1 60w, https:\/\/i0.wp.com\/za.mus.br\/wp-content\/uploads\/Plat--o-e-a-ordem-protetiva-do-direito-autoral.2.jpg?resize=672%2C359&amp;ssl=1 672w, https:\/\/i0.wp.com\/za.mus.br\/wp-content\/uploads\/Plat--o-e-a-ordem-protetiva-do-direito-autoral.2.jpg?resize=1038%2C554&amp;ssl=1 1038w, https:\/\/i0.wp.com\/za.mus.br\/wp-content\/uploads\/Plat--o-e-a-ordem-protetiva-do-direito-autoral.2.jpg?w=1094&amp;ssl=1 1094w\" sizes=\"auto, (max-width: 1024px) 100vw, 1024px\" \/><\/a><\/p>\n<p>Ideia como representa\u00e7\u00e3o mental de algo se limita t\u00e3o somente pelo conhecimento intr\u00ednseco de cada um. Imposs\u00edvel regular uma ideia se a exist\u00eancia desta \u00e9 condicionada \u00e0 subjetividade daquele que a pensa. Seria limitar a ideia condicionando a um aspecto baseado na subjetividade do ser pensante e esta limita\u00e7\u00e3o j\u00e1 incide e se configura justamente na materializa\u00e7\u00e3o desta em algo concreto e existente no mundo das coisas materiais.<\/p>\n<p>Para ilustrar, um exemplo cl\u00e1ssico \u00e9 a ideia de se fazer uma obra onde um homem e uma mulher de classes sociais diferentes se apaixonam e precisam lutar para conseguir viver esse amor. Conhece algum filme ou livro com essa hist\u00f3ria? Eu pensei em Romeu e Julieta, e voc\u00ea? Titanic?<\/p>\n<p>Ent\u00e3o, a ideia do casal de classes sociais diferentes lutando para viver esse amor n\u00e3o \u00e9 suscet\u00edvel de prote\u00e7\u00e3o legal alusivo ao direito autoral. Agora transpassar essa ideia para o mundo material concebendo a hist\u00f3ria em um navio afundando j\u00e1 haver\u00e1 o amparo relativo \u00e0 prote\u00e7\u00e3o normativa inerente ao direito autoral por ter dado caracter\u00edsticas pr\u00f3prias \u00e0 obra al\u00e9m da mera ideia inicial.<\/p>\n<p>Pense bem. No mundo da m\u00fasica existe uma quantidade limitada de notas. Provavelmente voc\u00ea n\u00e3o conseguir\u00e1 elaborar uma rela\u00e7\u00e3o harm\u00f4nica que ainda n\u00e3o tenha sido utilizada. Portanto, a ideia de interliga\u00e7\u00e3o entre notas musicais n\u00e3o concebe uma nova obra musical. Para tanto \u00e9 necess\u00e1rio acrescentar valores pessoais que tornar\u00e1 aquela sequ\u00eancia de notas intr\u00ednseca ao seu eu.<\/p>\n<p>Perceba que a prote\u00e7\u00e3o jur\u00eddica autoral incide na obra materializada independendo de qualquer tipo de registro autoral formal e assim o \u00e9 porque a\u00a0<a href=\"https:\/\/pt.wikipedia.org\/wiki\/Conven%C3%A7%C3%A3o_da_Uni%C3%A3o_de_Berna\" target=\"_blank\">Conven\u00e7\u00e3o de Berna<\/a>, ao estabelecer as diretrizes autorais em face da necessidade de uniformiza\u00e7\u00e3o de prote\u00e7\u00e3o aos pa\u00edses signat\u00e1rios, n\u00e3o estabeleceu nenhum requisito formal para conceder prote\u00e7\u00e3o aos autores de uma obra.<\/p>\n<p>Portanto, a\u00a0for\u00e7a que gera a ordem protetiva da lei n\u00e3o adv\u00e9m de um registro em cart\u00f3rio ou em qualquer outro \u00f3rg\u00e3o e sim da materializa\u00e7\u00e3o da ideia criativa sendo, para tanto, o registro somente uma formalidade n\u00e3o necess\u00e1ria para a concess\u00e3o da prote\u00e7\u00e3o.<\/p>\n<p>N\u00e3o obstante a esta pretensa desmistifica\u00e7\u00e3o, o registro se apresenta como pertinente para ind\u00edcio de prova da autoria da obra.<\/p>\n<p>Desta forma, certamente as obras podem e dependendo devem ser registradas no \u00f3rg\u00e3o competente n\u00e3o por obrigatoriedade de ter o registro e sim para constituir maior for\u00e7a probante em caso de alguma alega\u00e7\u00e3o de viola\u00e7\u00e3o de direito autoral. Contudo, pode-se comprovar a autoria de uma obra por qualquer meio de prova, sendo o registro somente um desses meios.<\/p>\n<blockquote><p><strong>Assim, a\u00a0ordem protetiva do direito autoral deve convergir para a concep\u00e7\u00e3o art\u00edstica pr\u00f3pria do autor de transpassar o objeto do mundo intr\u00ednseco das ideias e imprimi-lo no mundo imperfeito e limitado das coisas reais e ainda assim manter sua beleza, originalidade e autenticidade.<\/strong><\/p><\/blockquote>\n<p>Para finalizar, importante entender que este texto n\u00e3o pretende exaurir o conte\u00fado inerente \u00e0 mat\u00e9ria, sendo necess\u00e1ria a an\u00e1lise de cada caso por um profissional especialista da \u00e1rea, para decidir quanto a necessidade de registro da obra e quanto \u00e0 exist\u00eancia de pl\u00e1gio ou quanto \u00e0 utiliza\u00e7\u00e3o de alguma obra, principalmente para fins comerciais.<\/p>\n<p>E voc\u00ea j\u00e1 teve algum problema por conta de falta de registro de alguma obra?<\/p>\n<p>J\u00e1 teve uma ideia para uma m\u00fasica e percebeu ser ela igual a uma j\u00e1 existente?<\/p>\n<p>Compartilhe conosco nos coment\u00e1rios.<\/p>\n","protected":false},"excerpt":{"rendered":"<p>Pe\u00e7o a voc\u00ea, leitor, uma reflex\u00e3o sobre como funciona seu comportamento criativo na hora de criar. Esse exerc\u00edcio ser\u00e1 de extrema import\u00e2ncia para apreender as abstra\u00e7\u00f5es descritas neste texto. Para entender a abrang\u00eancia da efic\u00e1cia do\u00a0direito autoral e definir o gatilho de sua ordem protetiva \u00e9 substancial analisarmos a ess\u00eancia do processo criativo e a consequ\u00eancia natural deste processo at\u00e9 [&hellip;]<\/p>\n","protected":false},"author":11,"featured_media":8821,"comment_status":"open","ping_status":"open","sticky":false,"template":"","format":"standard","meta":{"_jetpack_memberships_contains_paid_content":false,"footnotes":""},"categories":[1649],"tags":[1714,1705,1738,1707,1739],"class_list":["post-8696","post","type-post","status-publish","format-standard","has-post-thumbnail","hentry","category-negocios","tag-contratos","tag-copyright","tag-direito-autoral","tag-nmm","tag-registro-autoral"],"yoast_head":"<!-- This site is optimized with the Yoast SEO plugin v27.5 - https:\/\/yoast.com\/product\/yoast-seo-wordpress\/ -->\n<title>Plat\u00e3o e a ordem protetiva do direito autoral - Zamus<\/title>\n<meta name=\"description\" content=\"A ordem protetiva do direito autoral deve convergir para a concep\u00e7\u00e3o art\u00edstica pr\u00f3pria do autor transmitindo originalidade e autenticidade.\" \/>\n<meta name=\"robots\" content=\"index, follow, max-snippet:-1, max-image-preview:large, max-video-preview:-1\" \/>\n<link rel=\"canonical\" href=\"https:\/\/za.mus.br\/en\/platao-e-a-ordem-protetiva-do-direito-autoral\/\" \/>\n<meta property=\"og:locale\" content=\"en_US\" \/>\n<meta property=\"og:type\" content=\"article\" \/>\n<meta property=\"og:title\" content=\"Plat\u00e3o e a ordem protetiva do direito autoral - Zamus\" \/>\n<meta property=\"og:description\" content=\"A ordem protetiva do direito autoral deve convergir para a concep\u00e7\u00e3o art\u00edstica pr\u00f3pria do autor transmitindo originalidade e autenticidade.\" \/>\n<meta property=\"og:url\" content=\"https:\/\/za.mus.br\/en\/platao-e-a-ordem-protetiva-do-direito-autoral\/\" \/>\n<meta property=\"og:site_name\" content=\"Zamus\" \/>\n<meta property=\"article:publisher\" content=\"http:\/\/facebook.com\/zamus\" \/>\n<meta property=\"article:published_time\" content=\"2015-07-28T15:13:18+00:00\" \/>\n<meta property=\"article:modified_time\" content=\"2015-08-07T17:57:39+00:00\" \/>\n<meta property=\"og:image\" content=\"https:\/\/i1.wp.com\/za.mus.br\/wp-content\/uploads\/Plat--o-e-a-ordem-protetiva-do-direito-autoral.capa_.jpg?fit=1280%2C366&ssl=1\" \/>\n\t<meta property=\"og:image:width\" content=\"1280\" \/>\n\t<meta property=\"og:image:height\" content=\"366\" \/>\n\t<meta property=\"og:image:type\" content=\"image\/jpeg\" \/>\n<meta name=\"author\" content=\"Saulo de S\u00e1\" \/>\n<meta name=\"twitter:card\" content=\"summary_large_image\" \/>\n<meta name=\"twitter:creator\" content=\"@zamusbr\" \/>\n<meta name=\"twitter:site\" content=\"@zamusbr\" \/>\n<meta name=\"twitter:label1\" content=\"Written by\" \/>\n\t<meta name=\"twitter:data1\" content=\"Saulo de S\u00e1\" \/>\n\t<meta name=\"twitter:label2\" content=\"Est. reading time\" \/>\n\t<meta name=\"twitter:data2\" content=\"5 minutes\" \/>\n<script type=\"application\/ld+json\" class=\"yoast-schema-graph\">{\"@context\":\"https:\\\/\\\/schema.org\",\"@graph\":[{\"@type\":\"Article\",\"@id\":\"https:\\\/\\\/za.mus.br\\\/en\\\/platao-e-a-ordem-protetiva-do-direito-autoral\\\/#article\",\"isPartOf\":{\"@id\":\"https:\\\/\\\/za.mus.br\\\/en\\\/platao-e-a-ordem-protetiva-do-direito-autoral\\\/\"},\"author\":{\"name\":\"Saulo de S\u00e1\",\"@id\":\"https:\\\/\\\/za.mus.br\\\/#\\\/schema\\\/person\\\/0f4b4dfca8cf0ca6c50e997a068c3525\"},\"headline\":\"Plat\u00e3o e a ordem protetiva do direito autoral\",\"datePublished\":\"2015-07-28T15:13:18+00:00\",\"dateModified\":\"2015-08-07T17:57:39+00:00\",\"mainEntityOfPage\":{\"@id\":\"https:\\\/\\\/za.mus.br\\\/en\\\/platao-e-a-ordem-protetiva-do-direito-autoral\\\/\"},\"wordCount\":1064,\"commentCount\":0,\"image\":{\"@id\":\"https:\\\/\\\/za.mus.br\\\/en\\\/platao-e-a-ordem-protetiva-do-direito-autoral\\\/#primaryimage\"},\"thumbnailUrl\":\"https:\\\/\\\/i0.wp.com\\\/za.mus.br\\\/wp-content\\\/uploads\\\/Plat--o-e-a-ordem-protetiva-do-direito-autoral.capa_.jpg?fit=1280%2C366&ssl=1\",\"keywords\":[\"Contratos\",\"Copyright\",\"Direito Autoral\",\"NMM\",\"Registro Autoral\"],\"articleSection\":[\"Neg\u00f3cios\"],\"inLanguage\":\"en-US\",\"potentialAction\":[{\"@type\":\"CommentAction\",\"name\":\"Comment\",\"target\":[\"https:\\\/\\\/za.mus.br\\\/en\\\/platao-e-a-ordem-protetiva-do-direito-autoral\\\/#respond\"]}]},{\"@type\":\"WebPage\",\"@id\":\"https:\\\/\\\/za.mus.br\\\/en\\\/platao-e-a-ordem-protetiva-do-direito-autoral\\\/\",\"url\":\"https:\\\/\\\/za.mus.br\\\/en\\\/platao-e-a-ordem-protetiva-do-direito-autoral\\\/\",\"name\":\"Plat\u00e3o e a ordem protetiva do direito autoral - Zamus\",\"isPartOf\":{\"@id\":\"https:\\\/\\\/za.mus.br\\\/#website\"},\"primaryImageOfPage\":{\"@id\":\"https:\\\/\\\/za.mus.br\\\/en\\\/platao-e-a-ordem-protetiva-do-direito-autoral\\\/#primaryimage\"},\"image\":{\"@id\":\"https:\\\/\\\/za.mus.br\\\/en\\\/platao-e-a-ordem-protetiva-do-direito-autoral\\\/#primaryimage\"},\"thumbnailUrl\":\"https:\\\/\\\/i0.wp.com\\\/za.mus.br\\\/wp-content\\\/uploads\\\/Plat--o-e-a-ordem-protetiva-do-direito-autoral.capa_.jpg?fit=1280%2C366&ssl=1\",\"datePublished\":\"2015-07-28T15:13:18+00:00\",\"dateModified\":\"2015-08-07T17:57:39+00:00\",\"author\":{\"@id\":\"https:\\\/\\\/za.mus.br\\\/#\\\/schema\\\/person\\\/0f4b4dfca8cf0ca6c50e997a068c3525\"},\"description\":\"A ordem protetiva do direito autoral deve convergir para a concep\u00e7\u00e3o art\u00edstica pr\u00f3pria do autor transmitindo originalidade e autenticidade.\",\"breadcrumb\":{\"@id\":\"https:\\\/\\\/za.mus.br\\\/en\\\/platao-e-a-ordem-protetiva-do-direito-autoral\\\/#breadcrumb\"},\"inLanguage\":\"en-US\",\"potentialAction\":[{\"@type\":\"ReadAction\",\"target\":[\"https:\\\/\\\/za.mus.br\\\/en\\\/platao-e-a-ordem-protetiva-do-direito-autoral\\\/\"]}]},{\"@type\":\"ImageObject\",\"inLanguage\":\"en-US\",\"@id\":\"https:\\\/\\\/za.mus.br\\\/en\\\/platao-e-a-ordem-protetiva-do-direito-autoral\\\/#primaryimage\",\"url\":\"https:\\\/\\\/i0.wp.com\\\/za.mus.br\\\/wp-content\\\/uploads\\\/Plat--o-e-a-ordem-protetiva-do-direito-autoral.capa_.jpg?fit=1280%2C366&ssl=1\",\"contentUrl\":\"https:\\\/\\\/i0.wp.com\\\/za.mus.br\\\/wp-content\\\/uploads\\\/Plat--o-e-a-ordem-protetiva-do-direito-autoral.capa_.jpg?fit=1280%2C366&ssl=1\",\"width\":1280,\"height\":366,\"caption\":\"Plat\u00e3o e a ordem protetiva do direito autoral\"},{\"@type\":\"BreadcrumbList\",\"@id\":\"https:\\\/\\\/za.mus.br\\\/en\\\/platao-e-a-ordem-protetiva-do-direito-autoral\\\/#breadcrumb\",\"itemListElement\":[{\"@type\":\"ListItem\",\"position\":1,\"name\":\"In\u00edcio\",\"item\":\"https:\\\/\\\/za.mus.br\\\/en\\\/\"},{\"@type\":\"ListItem\",\"position\":2,\"name\":\"Plat\u00e3o e a ordem protetiva do direito autoral\"}]},{\"@type\":\"WebSite\",\"@id\":\"https:\\\/\\\/za.mus.br\\\/#website\",\"url\":\"https:\\\/\\\/za.mus.br\\\/\",\"name\":\"Zamus\",\"description\":\"The New Music Market\",\"potentialAction\":[{\"@type\":\"SearchAction\",\"target\":{\"@type\":\"EntryPoint\",\"urlTemplate\":\"https:\\\/\\\/za.mus.br\\\/?s={search_term_string}\"},\"query-input\":{\"@type\":\"PropertyValueSpecification\",\"valueRequired\":true,\"valueName\":\"search_term_string\"}}],\"inLanguage\":\"en-US\"},{\"@type\":\"Person\",\"@id\":\"https:\\\/\\\/za.mus.br\\\/#\\\/schema\\\/person\\\/0f4b4dfca8cf0ca6c50e997a068c3525\",\"name\":\"Saulo de S\u00e1\",\"image\":{\"@type\":\"ImageObject\",\"inLanguage\":\"en-US\",\"@id\":\"https:\\\/\\\/za.mus.br\\\/wp-content\\\/uploads\\\/avatars\\\/11\\\/624e6189c8dbd57f22852dd85f60fb42-bpfull.jpg\",\"url\":\"https:\\\/\\\/za.mus.br\\\/wp-content\\\/uploads\\\/avatars\\\/11\\\/624e6189c8dbd57f22852dd85f60fb42-bpfull.jpg\",\"contentUrl\":\"https:\\\/\\\/za.mus.br\\\/wp-content\\\/uploads\\\/avatars\\\/11\\\/624e6189c8dbd57f22852dd85f60fb42-bpfull.jpg\",\"caption\":\"Saulo de S\u00e1\"},\"description\":\"Advogado especialista em Direito do Entretenimento, Direito da M\u00eddia, M\u00fasica e Neg\u00f3cios, Direito P\u00fablico e Doc\u00eancia. M\u00fasico e Produtor fonogr\u00e1fico. Consultor S\u00eanior da DE S\u00c1 ENTRETENIMENTO \u2013 Consultoria Especializada em suporte jur\u00eddico e art\u00edstico.\",\"sameAs\":[\"http:\\\/\\\/www.desaentretenimento.com\"],\"url\":\"https:\\\/\\\/za.mus.br\\\/en\\\/author\\\/desa\\\/\"}]}<\/script>\n<!-- \/ Yoast SEO plugin. -->","yoast_head_json":{"title":"Plat\u00e3o e a ordem protetiva do direito autoral - Zamus","description":"A ordem protetiva do direito autoral deve convergir para a concep\u00e7\u00e3o art\u00edstica pr\u00f3pria do autor transmitindo originalidade e autenticidade.","robots":{"index":"index","follow":"follow","max-snippet":"max-snippet:-1","max-image-preview":"max-image-preview:large","max-video-preview":"max-video-preview:-1"},"canonical":"https:\/\/za.mus.br\/en\/platao-e-a-ordem-protetiva-do-direito-autoral\/","og_locale":"en_US","og_type":"article","og_title":"Plat\u00e3o e a ordem protetiva do direito autoral - Zamus","og_description":"A ordem protetiva do direito autoral deve convergir para a concep\u00e7\u00e3o art\u00edstica pr\u00f3pria do autor transmitindo originalidade e autenticidade.","og_url":"https:\/\/za.mus.br\/en\/platao-e-a-ordem-protetiva-do-direito-autoral\/","og_site_name":"Zamus","article_publisher":"http:\/\/facebook.com\/zamus","article_published_time":"2015-07-28T15:13:18+00:00","article_modified_time":"2015-08-07T17:57:39+00:00","og_image":[{"width":1280,"height":366,"url":"https:\/\/i1.wp.com\/za.mus.br\/wp-content\/uploads\/Plat--o-e-a-ordem-protetiva-do-direito-autoral.capa_.jpg?fit=1280%2C366&ssl=1","type":"image\/jpeg"}],"author":"Saulo de S\u00e1","twitter_card":"summary_large_image","twitter_creator":"@zamusbr","twitter_site":"@zamusbr","twitter_misc":{"Written by":"Saulo de S\u00e1","Est. reading time":"5 minutes"},"schema":{"@context":"https:\/\/schema.org","@graph":[{"@type":"Article","@id":"https:\/\/za.mus.br\/en\/platao-e-a-ordem-protetiva-do-direito-autoral\/#article","isPartOf":{"@id":"https:\/\/za.mus.br\/en\/platao-e-a-ordem-protetiva-do-direito-autoral\/"},"author":{"name":"Saulo de S\u00e1","@id":"https:\/\/za.mus.br\/#\/schema\/person\/0f4b4dfca8cf0ca6c50e997a068c3525"},"headline":"Plat\u00e3o e a ordem protetiva do direito autoral","datePublished":"2015-07-28T15:13:18+00:00","dateModified":"2015-08-07T17:57:39+00:00","mainEntityOfPage":{"@id":"https:\/\/za.mus.br\/en\/platao-e-a-ordem-protetiva-do-direito-autoral\/"},"wordCount":1064,"commentCount":0,"image":{"@id":"https:\/\/za.mus.br\/en\/platao-e-a-ordem-protetiva-do-direito-autoral\/#primaryimage"},"thumbnailUrl":"https:\/\/i0.wp.com\/za.mus.br\/wp-content\/uploads\/Plat--o-e-a-ordem-protetiva-do-direito-autoral.capa_.jpg?fit=1280%2C366&ssl=1","keywords":["Contratos","Copyright","Direito Autoral","NMM","Registro Autoral"],"articleSection":["Neg\u00f3cios"],"inLanguage":"en-US","potentialAction":[{"@type":"CommentAction","name":"Comment","target":["https:\/\/za.mus.br\/en\/platao-e-a-ordem-protetiva-do-direito-autoral\/#respond"]}]},{"@type":"WebPage","@id":"https:\/\/za.mus.br\/en\/platao-e-a-ordem-protetiva-do-direito-autoral\/","url":"https:\/\/za.mus.br\/en\/platao-e-a-ordem-protetiva-do-direito-autoral\/","name":"Plat\u00e3o e a ordem protetiva do direito autoral - Zamus","isPartOf":{"@id":"https:\/\/za.mus.br\/#website"},"primaryImageOfPage":{"@id":"https:\/\/za.mus.br\/en\/platao-e-a-ordem-protetiva-do-direito-autoral\/#primaryimage"},"image":{"@id":"https:\/\/za.mus.br\/en\/platao-e-a-ordem-protetiva-do-direito-autoral\/#primaryimage"},"thumbnailUrl":"https:\/\/i0.wp.com\/za.mus.br\/wp-content\/uploads\/Plat--o-e-a-ordem-protetiva-do-direito-autoral.capa_.jpg?fit=1280%2C366&ssl=1","datePublished":"2015-07-28T15:13:18+00:00","dateModified":"2015-08-07T17:57:39+00:00","author":{"@id":"https:\/\/za.mus.br\/#\/schema\/person\/0f4b4dfca8cf0ca6c50e997a068c3525"},"description":"A ordem protetiva do direito autoral deve convergir para a concep\u00e7\u00e3o art\u00edstica pr\u00f3pria do autor transmitindo originalidade e autenticidade.","breadcrumb":{"@id":"https:\/\/za.mus.br\/en\/platao-e-a-ordem-protetiva-do-direito-autoral\/#breadcrumb"},"inLanguage":"en-US","potentialAction":[{"@type":"ReadAction","target":["https:\/\/za.mus.br\/en\/platao-e-a-ordem-protetiva-do-direito-autoral\/"]}]},{"@type":"ImageObject","inLanguage":"en-US","@id":"https:\/\/za.mus.br\/en\/platao-e-a-ordem-protetiva-do-direito-autoral\/#primaryimage","url":"https:\/\/i0.wp.com\/za.mus.br\/wp-content\/uploads\/Plat--o-e-a-ordem-protetiva-do-direito-autoral.capa_.jpg?fit=1280%2C366&ssl=1","contentUrl":"https:\/\/i0.wp.com\/za.mus.br\/wp-content\/uploads\/Plat--o-e-a-ordem-protetiva-do-direito-autoral.capa_.jpg?fit=1280%2C366&ssl=1","width":1280,"height":366,"caption":"Plat\u00e3o e a ordem protetiva do direito autoral"},{"@type":"BreadcrumbList","@id":"https:\/\/za.mus.br\/en\/platao-e-a-ordem-protetiva-do-direito-autoral\/#breadcrumb","itemListElement":[{"@type":"ListItem","position":1,"name":"In\u00edcio","item":"https:\/\/za.mus.br\/en\/"},{"@type":"ListItem","position":2,"name":"Plat\u00e3o e a ordem protetiva do direito autoral"}]},{"@type":"WebSite","@id":"https:\/\/za.mus.br\/#website","url":"https:\/\/za.mus.br\/","name":"Zamus","description":"The New Music Market","potentialAction":[{"@type":"SearchAction","target":{"@type":"EntryPoint","urlTemplate":"https:\/\/za.mus.br\/?s={search_term_string}"},"query-input":{"@type":"PropertyValueSpecification","valueRequired":true,"valueName":"search_term_string"}}],"inLanguage":"en-US"},{"@type":"Person","@id":"https:\/\/za.mus.br\/#\/schema\/person\/0f4b4dfca8cf0ca6c50e997a068c3525","name":"Saulo de S\u00e1","image":{"@type":"ImageObject","inLanguage":"en-US","@id":"https:\/\/za.mus.br\/wp-content\/uploads\/avatars\/11\/624e6189c8dbd57f22852dd85f60fb42-bpfull.jpg","url":"https:\/\/za.mus.br\/wp-content\/uploads\/avatars\/11\/624e6189c8dbd57f22852dd85f60fb42-bpfull.jpg","contentUrl":"https:\/\/za.mus.br\/wp-content\/uploads\/avatars\/11\/624e6189c8dbd57f22852dd85f60fb42-bpfull.jpg","caption":"Saulo de S\u00e1"},"description":"Advogado especialista em Direito do Entretenimento, Direito da M\u00eddia, M\u00fasica e Neg\u00f3cios, Direito P\u00fablico e Doc\u00eancia. M\u00fasico e Produtor fonogr\u00e1fico. Consultor S\u00eanior da DE S\u00c1 ENTRETENIMENTO \u2013 Consultoria Especializada em suporte jur\u00eddico e art\u00edstico.","sameAs":["http:\/\/www.desaentretenimento.com"],"url":"https:\/\/za.mus.br\/en\/author\/desa\/"}]}},"jetpack_featured_media_url":"https:\/\/i0.wp.com\/za.mus.br\/wp-content\/uploads\/Plat--o-e-a-ordem-protetiva-do-direito-autoral.capa_.jpg?fit=1280%2C366&ssl=1","featured_image_src":"https:\/\/i0.wp.com\/za.mus.br\/wp-content\/uploads\/Plat--o-e-a-ordem-protetiva-do-direito-autoral.capa_.jpg?fit=1280%2C366&ssl=1","jetpack_sharing_enabled":true,"_links":{"self":[{"href":"https:\/\/za.mus.br\/en\/wp-json\/wp\/v2\/posts\/8696","targetHints":{"allow":["GET"]}}],"collection":[{"href":"https:\/\/za.mus.br\/en\/wp-json\/wp\/v2\/posts"}],"about":[{"href":"https:\/\/za.mus.br\/en\/wp-json\/wp\/v2\/types\/post"}],"author":[{"embeddable":true,"href":"https:\/\/za.mus.br\/en\/wp-json\/wp\/v2\/users\/11"}],"replies":[{"embeddable":true,"href":"https:\/\/za.mus.br\/en\/wp-json\/wp\/v2\/comments?post=8696"}],"version-history":[{"count":0,"href":"https:\/\/za.mus.br\/en\/wp-json\/wp\/v2\/posts\/8696\/revisions"}],"wp:featuredmedia":[{"embeddable":true,"href":"https:\/\/za.mus.br\/en\/wp-json\/wp\/v2\/media\/8821"}],"wp:attachment":[{"href":"https:\/\/za.mus.br\/en\/wp-json\/wp\/v2\/media?parent=8696"}],"wp:term":[{"taxonomy":"category","embeddable":true,"href":"https:\/\/za.mus.br\/en\/wp-json\/wp\/v2\/categories?post=8696"},{"taxonomy":"post_tag","embeddable":true,"href":"https:\/\/za.mus.br\/en\/wp-json\/wp\/v2\/tags?post=8696"}],"curies":[{"name":"wp","href":"https:\/\/api.w.org\/{rel}","templated":true}]}}